{"id":322551,"date":"2025-08-16T08:53:15","date_gmt":"2025-08-16T08:53:15","guid":{"rendered":"https:\/\/www.europesays.com\/fr\/322551\/"},"modified":"2025-08-16T08:53:15","modified_gmt":"2025-08-16T08:53:15","slug":"racing-bulls-prete-a-partir-au-conflit-avec-red-bull-au-sujet-disack-hadjar","status":"publish","type":"post","link":"https:\/\/www.europesays.com\/fr\/322551\/","title":{"rendered":"Racing Bulls pr\u00eate \u00e0 partir au conflit avec Red Bull au sujet d\u2019Isack Hadjar"},"content":{"rendered":"<p><strong>Isack Hadjar est d\u00e9finitivement la r\u00e9v\u00e9lation de cette 1\u00e8re partie de saison F1 2025. Le jeune talent de Racing Bulls est \u00e9videmment convoit\u00e9 par les plus grandes \u00e9curies\u2026 dont Red Bull !<\/strong><\/p>\n<p><strong>La Silly Season devrait faire du bien \u00e0 Isack Hadjar<\/strong>. Le pilote Racing Bulls n&rsquo;a plus marqu\u00e9 de point depuis le 1er juin et le GP d&rsquo;Espagne. Une disette de 5 Grands Prix qui va pousser son \u00e9curie \u00e0 lui redonner confiance avant la reprise de la 2e partie de saison. Malgr\u00e9 cette m\u00e9forme r\u00e9cente, <strong>Hadjar r\u00e9alise des d\u00e9buts exceptionnels en <a href=\"https:\/\/wesportfr.com\/auto-moto\/formule1\/\" target=\"_blank\" rel=\"noopener\">Formule 1<\/a><\/strong>.<\/p>\n<p>Le Fran\u00e7ais pointe \u00e0 <strong>la 13e place au classement des pilotes F1<\/strong>, avec 22 pts enregistr\u00e9s. Un bilan plus que convenable pour une saison de rookie, qui lui permet d&rsquo;\u00eatre r\u00e9guli\u00e8rement lou\u00e9 pour son talent. Ces derniers jours, Peter Bayer n&rsquo;a pas h\u00e9sit\u00e9 \u00e0 f\u00e9liciter son pilote. Le patron Racing Bulls en a aussi profit\u00e9 pour avertir Red Bull.<\/p>\n<p><strong>A lire aussi : <a href=\"https:\/\/wesportfr.com\/f1-hadjar-hamilton-schumacher-la-silly-season-bat-deja-son-plein\/\" target=\"_blank\" rel=\"noopener\">F1 : Hadjar, Hamilton, Schumacher\u2026 la silly season bat d\u00e9j\u00e0 son plein<\/a><\/strong><\/p>\n<p>Les discussions avec Laurent Mekies et Helmut Marko pas avant 2026 ?<\/p>\n<p>Non, <strong>Isack Hadjar n&rsquo;a pas vocation \u00e0 seulement profiter du tremplin Racing Bulls pour ensuite signer chez Red Bull<\/strong>. Du moins pas imm\u00e9diatement. Interrog\u00e9 par Nextgen-auto, Peter Bayer s&rsquo;est empress\u00e9 de rappeler qu&rsquo;il avait <a href=\"https:\/\/wesportfr.com\/f1-le-nouveau-team-principal-de-racing-bulls-met-en-garde-isack-hadjar\/\" target=\"_blank\" rel=\"noopener\">besoin du pilote fran\u00e7ais pour la 2e partie de saison F1 2025<\/a>. <\/p>\n<p><img fetchpriority=\"high\" decoding=\"async\" width=\"1024\" height=\"684\" alt=\"Motor Racing \u2013 Formula One World Championship \u2013 Hungarian Grand Prix \u2013 Preparation Day \u2013 Budapest, Hungary\" class=\"wp-image-15148472 lazy\"  src=\"https:\/\/www.europesays.com\/fr\/wp-content\/uploads\/2025\/08\/ICONSPORT_265620_0080-1024x684.jpg\" \/>Isack Hadjar (FRA) fait les beaux jours Racing Bulls lors de cette 1\u00e8re partie de saison F1 2025 \u2013 Photo by Icon Sport<\/p>\n<p><strong>\u201cIsack est un pilote formidable. Il est excellent, mais il a besoin de cette ann\u00e9e en plus avec nous\u201d<\/strong> a d\u00e9clar\u00e9 le patron Racing Bulls. \u201cTout le monde s&rsquo;accorde \u00e0 dire que c&rsquo;est ce que nous devons faire\u201d a-t-il insist\u00e9. Tout le monde ? Sauf les dirigeants Red Bull, \u00e9videmment ! Depuis qu&rsquo;<a href=\"https:\/\/wesportfr.com\/f1-3-choses-a-savoir-sur-laurent-mekies-le-nouveau-patron-red-bull\/\" target=\"_blank\" rel=\"noopener\">il a remplac\u00e9 Christian Horner<\/a>, Laurent Mekies n&rsquo;a qu&rsquo;une envie : signer Isack Hadjar. Une situation qui devra attendre, selon le patron Racing Bulls.<\/p>\n<p><strong>A lire aussi : <a href=\"https:\/\/wesportfr.com\/f1-qui-sera-le-coequipier-de-max-verstappen-en-2026\/\" target=\"_blank\" rel=\"noopener\">F1 : qui sera le co\u00e9quipier de Max Verstappen en 2026 ?<\/a><\/strong><\/p>\n<p>\u201cApr\u00e8s les vacances d&rsquo;\u00e9t\u00e9, les discussions d\u00e9buteront pour 2026 avec Laurent Mekies, Helmut Marko et la direction Red Bull. <strong>Mais en 2025, nous voulons donner la chance \u00e0 Isack de grandir et d&rsquo;apprendre\u201d<\/strong>. Reste \u00e0 savoir si Racing Bulls a la capacit\u00e9 de tenir t\u00eate \u00e0 son \u00e9curie m\u00e8re. En tout cas, Peter Bayer n&rsquo;h\u00e9site pas \u00e0 faire comprendre \u00e0 ses homologues qu&rsquo;Isack Hadjar n&rsquo;est pas disponible au bon vouloir d&rsquo;Helmut Marko ! <\/p>\n","protected":false},"excerpt":{"rendered":"Isack Hadjar est d\u00e9finitivement la r\u00e9v\u00e9lation de cette 1\u00e8re partie de saison F1 2025. Le jeune talent de&hellip;\n","protected":false},"author":2,"featured_media":322552,"comment_status":"","ping_status":"","sticky":false,"template":"","format":"standard","meta":{"footnotes":""},"categories":[1412],"tags":[1451,1452,1453,1454,1455,1011,27,60],"class_list":{"0":"post-322551","1":"post","2":"type-post","3":"status-publish","4":"format-standard","5":"has-post-thumbnail","7":"category-f1","8":"tag-f1","9":"tag-formula-1","10":"tag-formula1","11":"tag-formule-1","12":"tag-formule1","13":"tag-fr","14":"tag-france","15":"tag-sports"},"share_on_mastodon":{"url":"https:\/\/pubeurope.com\/@fr\/115037602085363513","error":""},"_links":{"self":[{"href":"https:\/\/www.europesays.com\/fr\/wp-json\/wp\/v2\/posts\/322551","targetHints":{"allow":["GET"]}}],"collection":[{"href":"https:\/\/www.europesays.com\/fr\/wp-json\/wp\/v2\/posts"}],"about":[{"href":"https:\/\/www.europesays.com\/fr\/wp-json\/wp\/v2\/types\/post"}],"author":[{"embeddable":true,"href":"https:\/\/www.europesays.com\/fr\/wp-json\/wp\/v2\/users\/2"}],"replies":[{"embeddable":true,"href":"https:\/\/www.europesays.com\/fr\/wp-json\/wp\/v2\/comments?post=322551"}],"version-history":[{"count":0,"href":"https:\/\/www.europesays.com\/fr\/wp-json\/wp\/v2\/posts\/322551\/revisions"}],"wp:featuredmedia":[{"embeddable":true,"href":"https:\/\/www.europesays.com\/fr\/wp-json\/wp\/v2\/media\/322552"}],"wp:attachment":[{"href":"https:\/\/www.europesays.com\/fr\/wp-json\/wp\/v2\/media?parent=322551"}],"wp:term":[{"taxonomy":"category","embeddable":true,"href":"https:\/\/www.europesays.com\/fr\/wp-json\/wp\/v2\/categories?post=322551"},{"taxonomy":"post_tag","embeddable":true,"href":"https:\/\/www.europesays.com\/fr\/wp-json\/wp\/v2\/tags?post=322551"}],"curies":[{"name":"wp","href":"https:\/\/api.w.org\/{rel}","templated":true}]}}