{"id":322559,"date":"2025-08-16T08:57:28","date_gmt":"2025-08-16T08:57:28","guid":{"rendered":"https:\/\/www.europesays.com\/fr\/322559\/"},"modified":"2025-08-16T08:57:28","modified_gmt":"2025-08-16T08:57:28","slug":"decouvrez-des-images-aeriennes-de-langon-bazas-la-reole-cadillac-et-plus-encore","status":"publish","type":"post","link":"https:\/\/www.europesays.com\/fr\/322559\/","title":{"rendered":"d\u00e9couvrez des images a\u00e9riennes de Langon, Bazas, La R\u00e9ole, Cadillac et plus encore"},"content":{"rendered":"<p>D\u00e9couvrez le Sud-Gironde comme vous ne l&rsquo;avez jamais vu : Langon, Bazas, La R\u00e9ole, Podensac, Cadillac, Saint-Macaire, Sauveterre et Mons\u00e9gur en photos a\u00e9riennes exceptionnelles.<\/p>\n<p>\n                            Cet article est r\u00e9serv\u00e9 aux abonn\u00e9s\n                        <\/p>\n<p>    <img loading=\"lazy\" decoding=\"async\" class=\"size-large\" src=\"https:\/\/www.europesays.com\/fr\/wp-content\/uploads\/2025\/08\/d4c9ac127b986c8c9ac127b98acc9av-960x640.jpg\" alt=\"La cit\u00e9 de Mons\u00e9gur (Gironde) vue du ciel. D\u00e9couvrez d'autres communes du territoire gr\u00e2ce aux incroyables photographies sign\u00e9es St\u00e9phane Gu\u00e9gan, de la soci\u00e9t\u00e9 Aerovid.\" width=\"960\" height=\"640\"\/><br \/>\n    La cit\u00e9 de Mons\u00e9gur (Gironde) vue du ciel. D\u00e9couvrez d\u2019autres communes du territoire gr\u00e2ce aux incroyables photographies sign\u00e9es St\u00e9phane Gu\u00e9gan, de la soci\u00e9t\u00e9 Aerovid. \u00a9St\u00e9phane Gu\u00e9gan \u2013 aerovid.org \/ document transmis \u00e0 actu.fr                <\/p>\n<p>            Par<br \/>\n        <strong><br \/>\n            <a href=\"https:\/\/actu.fr\/auteur\/gael-arcuset\" title=\"Consulter tous les articles de Ga\u00ebl Arcuset\" target=\"_blank\" rel=\"noopener\">Ga\u00ebl Arcuset<\/a><br \/>\n        <\/strong><\/p>\n<p>        Publi\u00e9 le<\/p>\n<p>            16 ao\u00fbt 2025 \u00e0 8h02        <\/p>\n<p>Des clich\u00e9s \u00e0 couper le souffle. Professionnel de l\u2019image, St\u00e9phane Gu\u00e9gan, fondateur de la soci\u00e9t\u00e9 <a href=\"https:\/\/www.aerovid.org\/\" target=\"_blank\" rel=\"noopener\">Aerovid<\/a>, a accept\u00e9 de collaborer avec <a href=\"https:\/\/actu.fr\/le-republicain-sud-gironde\/\" target=\"_blank\" rel=\"noopener\">Le R\u00e9publicain Sud-Gironde<\/a> durant la p\u00e9riode estivale. Sa mission : <b>photographier les communes embl\u00e9matiques de notre territoire<\/b> en prenant de la hauteur\u2026 Beaucoup de hauteur, m\u00eame, puisque son drone a atteint l\u2019altitude de 120 m\u00e8tres. Vertigineux ! Le r\u00e9sultat ? Il est \u00e0 d\u00e9couvrir ici m\u00eame. Admirez <a href=\"https:\/\/actu.fr\/nouvelle-aquitaine\/bazas_33036\" target=\"_blank\" rel=\"noopener\">Bazas<\/a>, <a href=\"https:\/\/actu.fr\/nouvelle-aquitaine\/langon_33227\" target=\"_blank\" rel=\"noopener\">Langon<\/a>, <a href=\"https:\/\/actu.fr\/nouvelle-aquitaine\/saint-macaire_33435\" target=\"_blank\" rel=\"noopener\">Saint-Macaire<\/a>, <a href=\"https:\/\/actu.fr\/nouvelle-aquitaine\/la-reole_33352\" target=\"_blank\" rel=\"noopener\">La R\u00e9ole<\/a>, <a href=\"https:\/\/actu.fr\/nouvelle-aquitaine\/podensac_33327\" target=\"_blank\" rel=\"noopener\">Podensac<\/a>, <a href=\"https:\/\/actu.fr\/nouvelle-aquitaine\/cadillac_33081\" target=\"_blank\" rel=\"noopener\">Cadillac<\/a>, <a href=\"https:\/\/actu.fr\/nouvelle-aquitaine\/sauveterre-de-guyenne_33506\" target=\"_blank\" rel=\"noopener\">Sauveterre-de-Guyenne<\/a> et <a href=\"https:\/\/actu.fr\/nouvelle-aquitaine\/monsegur_33289\" target=\"_blank\" rel=\"noopener\">Mons\u00e9gur<\/a> depuis le ciel. <b>Une invitation au voyage.<\/b><\/p>\n<p class=\" wall-content\">Ces images de nos communes sont aussi un moyen de d\u00e9couvrir ou de<b> red\u00e9couvrir la beaut\u00e9 de notre terroir.<\/b> Car en prenant de la hauteur, ce ne sont pas seulement des b\u00e2timents ou des paysages que l\u2019on observe, mais <b>une v\u00e9ritable identit\u00e9 territoriale<\/b> qui se dessine sous nos yeux.<\/p>\n<p class=\" wall-content\">Le regard se perd dans les m\u00e9andres de la Garonne, s\u2019attarde sur les vignobles align\u00e9s comme des partitions musicales, ou encore s\u2019\u00e9merveille devant l\u2019agencement harmonieux de nos villages. Ces photos a\u00e9riennes, bien plus qu\u2019un simple exercice esth\u00e9tique, nous offrent <b>un regard neuf sur des lieux que nous croyons conna\u00eetre. <\/b>Bon voyage !<\/p>\n<p>Langon et sa proximit\u00e9 avec la Garonne<br \/>\n    <img decoding=\"async\" loading=\"lazy\" class=\"size-large\" src=\"https:\/\/www.europesays.com\/fr\/wp-content\/uploads\/2025\/08\/21d6509561786bb875095617870975v-960x640.jpg\" alt=\"langon vu du ciel\" width=\"960\" height=\"640\"\/><br \/>\n    Langon, sous-pr\u00e9fecture de Gironde, doit son d\u00e9veloppement \u00e0 sa proximit\u00e9 avec la Garonne.\u00a0 \u00a9St\u00e9phane Gu\u00e9gan \u2013 aerovid.org \/ document transmis \u00e0 actu.fr<br \/>\n    <img decoding=\"async\" loading=\"lazy\" class=\"size-large\" src=\"https:\/\/www.europesays.com\/fr\/wp-content\/uploads\/2025\/08\/52415095617869bd2509561786f255v-960x640.jpg\" alt=\"langon vu du ciel\" width=\"960\" height=\"640\"\/><br \/>\n    Langon, ville importante du Sud-Gironde, compte aujourd\u2019hui pr\u00e8s de 7 800 habitants. Mais chaque jour, entre les \u00e9tudiants, les salari\u00e9s, on estime que 25 000 personnes y viennent. \u00a9St\u00e9phane Gu\u00e9gan \u2013 aerovid.org \/ document transmis \u00e0 actu.frBazas et sa place de la cath\u00e9drale<br \/>\n    <img decoding=\"async\" loading=\"lazy\" class=\"size-large\" src=\"https:\/\/www.europesays.com\/fr\/wp-content\/uploads\/2025\/08\/2bfbef85617861ffbef856178d20cev-960x640.jpg\" alt=\"bazas vu du ciel\" width=\"960\" height=\"640\"\/><br \/>\n    Construite sur un \u00e9peron rocheux, la cit\u00e9 de Bazas est l\u2019une des plus visit\u00e9es du Sud-Gironde. \u00a9St\u00e9phane Gu\u00e9gan \u2013 aerovid.org \/ document transmis \u00e0 actu.fr<br \/>\n    <img decoding=\"async\" loading=\"lazy\" class=\"size-large\" src=\"https:\/\/www.europesays.com\/fr\/wp-content\/uploads\/2025\/08\/34e45f856178628e45f856178fbe45v-960x640.jpg\" alt=\"bazas vu du ciel\" width=\"960\" height=\"640\"\/><br \/>\n    Bazas, \u00e0 l\u2019or\u00e9e de la for\u00eat des Landes de Gascogne, jouit d\u2019un terroir exceptionnel. Autour des murs de la ville, on peut admirer des \u00e9tendues de cultures. \u00a9St\u00e9phane Gu\u00e9gan \u2013 aerovid.org \/ document transmis \u00e0 actu.frLa R\u00e9ole, ville d\u2019art et d\u2019histoire<br \/>\n    <img decoding=\"async\" loading=\"lazy\" class=\"size-large\" src=\"https:\/\/www.europesays.com\/fr\/wp-content\/uploads\/2025\/08\/e102df705d686c502df705d68b902dv-1-960x640.jpg\" alt=\"Reconnue pour son patrimoine exceptionnelle, la ville de La R\u00e9ole a \u00e9galement accueilli des personnalit\u00e9s de premier plan ; comme Colette Besson, championne olympique 1968, qui a donn\u00e9 son nom au gymnase de la ville.\" width=\"960\" height=\"640\"\/><br \/>\n    Reconnue pour son patrimoine exceptionnel, la ville de La R\u00e9ole a \u00e9galement accueilli des personnalit\u00e9s de premier plan ; comme Colette Besson, championne olympique 1968, qui a donn\u00e9 son nom au gymnase de la ville. \u00a9St\u00e9phane Gu\u00e9gan \u2013 aerovid.org \/ document transmis \u00e0 actu.fr<br \/>\n    <img decoding=\"async\" loading=\"lazy\" class=\"size-large\" src=\"https:\/\/www.europesays.com\/fr\/wp-content\/uploads\/2025\/08\/7d121e907b98681221e907b9855221v-960x640.jpg\" alt=\"La R\u00e9ole, ville d'art et d'histoire. Le nom de la cit\u00e9 mill\u00e9naire vient du latin regula ; comprenez : la r\u00e8gle eccl\u00e9siastique suivie par les moines b\u00e9n\u00e9dictins du prieur\u00e9 Saint-Pierre, o\u00f9 se trouve aujourd'hui la mairie.\" width=\"960\" height=\"640\"\/><br \/>\n    La R\u00e9ole, ville d\u2019art et d\u2019histoire. Le nom de la cit\u00e9 mill\u00e9naire vient du latin regula ; comprenez : la r\u00e8gle eccl\u00e9siastique suivie par les moines b\u00e9n\u00e9dictins du prieur\u00e9 Saint-Pierre, o\u00f9 se trouve aujourd\u2019hui la mairie. \u00a9St\u00e9phane Gu\u00e9gan \u2013 aerovid.org \/ document transmis \u00e0 actu.frSaint-Macaire, cit\u00e9 m\u00e9di\u00e9vale authentique<br \/>\n    <img decoding=\"async\" loading=\"lazy\" class=\"size-large\" src=\"https:\/\/www.europesays.com\/fr\/wp-content\/uploads\/2025\/08\/1a0c61067b9861e0c61067b98e11c6v-960x640.jpg\" alt=\"Avis aux amateurs d'histoire. La plus ancienne mention de Saint-Macaire dans les sources \u00e9crites date de 1027. La cit\u00e9 m\u00e9di\u00e9vale, s\u00e9par\u00e9e de Langon par la Garonne, abrite des bijoux du patrimoine sud-girondin comme l'\u00e9glise Saint-Sauveur-et-Saint-Martin, le ch\u00e2teau de Tardes, mais aussi le clo\u00eetre Saint-Sauveur ainsi que des remparts.\" width=\"960\" height=\"640\"\/><br \/>\n    Avis aux amateurs d\u2019histoire. La plus ancienne mention de Saint-Macaire dans les sources \u00e9crites date de 1027. La cit\u00e9 m\u00e9di\u00e9vale, s\u00e9par\u00e9e de Langon par la Garonne, abrite des bijoux du patrimoine sud-girondin comme l\u2019\u00e9glise Saint-Sauveur-et-Saint-Martin, le ch\u00e2teau de Tardes, mais aussi le clo\u00eetre Saint-Sauveur ainsi que des remparts. \u00a9St\u00e9phane Gu\u00e9gan \u2013 aerovid.org \/ document transmis \u00e0 actu.fr<br \/>\n    <img decoding=\"async\" loading=\"lazy\" class=\"size-large\" src=\"https:\/\/www.europesays.com\/fr\/wp-content\/uploads\/2025\/08\/68d80ea25d686c9d80ea25d68bdd80v-960x640.jpg\" alt=\"Autour de Saint-Macaire, on peut admirer de remarquables coteaux. La vigne, elle, est omnipr\u00e9sente dans la r\u00e9gion.\" width=\"960\" height=\"640\"\/><br \/>\n    Autour de Saint-Macaire, on peut admirer de remarquables coteaux. La vigne, elle, est omnipr\u00e9sente dans la r\u00e9gion. \u00a9St\u00e9phane Gu\u00e9gan \u2013 aerovid.org \/ document transmis \u00e0 actu.frPodensac, son parc Chavat et sa Maison Lillet<br \/>\n    <img decoding=\"async\" loading=\"lazy\" class=\"size-large\" src=\"https:\/\/www.europesays.com\/fr\/wp-content\/uploads\/2025\/08\/916b51067b986f56b51067b981a6b5v-960x640.jpg\" alt=\"Podensac est connue pour abriter le ch\u00e2teau Chavat ainsi que son parc, o\u00f9 l'on peut admirer de superbes statues parmi lesquelles se trouve Les Myst\u00e8res de la Vie, \u0153uvre majeure d\u2019Ernesto Gazzeri au parc Chavat de Podensac.\" width=\"960\" height=\"640\"\/><br \/>\n    Podensac est connue pour abriter le ch\u00e2teau Chavat ainsi que son parc, o\u00f9 l\u2019on peut admirer de superbes statues parmi lesquelles se trouve Les Myst\u00e8res de la Vie, \u0153uvre majeure d\u2019Ernesto Gazzeri au parc Chavat de Podensac. \u00a9St\u00e9phane Gu\u00e9gan \u2013 aerovid.org \/ document transmis \u00e0 actu.fr<br \/>\n    <img decoding=\"async\" loading=\"lazy\" class=\"size-large\" src=\"https:\/\/www.europesays.com\/fr\/wp-content\/uploads\/2025\/08\/5a22a2795d6869b22a2795d688f22av-960x640.jpg\" alt=\"Podensac, ville de 3300 habitants, est le si\u00e8ge d'une des plus prestigieuses entreprises fran\u00e7aises. C'est en effet ici que la Maison Lillet, sp\u00e9cialis\u00e9e dans les ap\u00e9ritifs, a vu le jour en 1872.\" width=\"960\" height=\"640\"\/><br \/>\n    Podensac, ville de 3300 habitants, est le si\u00e8ge d\u2019une des plus prestigieuses entreprises fran\u00e7aises. C\u2019est en effet ici que la Maison Lillet, sp\u00e9cialis\u00e9e dans les ap\u00e9ritifs, a vu le jour en 1872. \u00a9St\u00e9phane Gu\u00e9gan \u2013 aerovid.org \/ document transmis \u00e0 actu.frCadillac, la cit\u00e9 des ducs d\u2019Epernon<br \/>\n    <img decoding=\"async\" loading=\"lazy\" class=\"size-large\" src=\"https:\/\/www.europesays.com\/fr\/wp-content\/uploads\/2025\/08\/810c81067b986950c81067b98790c8v-960x640.jpg\" alt=\"L'histoire de Cadillac, cit\u00e9 ducale, est \u00e9troitement li\u00e9e \u00e0 la Garonne. Et le fleuve a parfois fait des mis\u00e8res \u00e0 la ville, notamment en 1930 avec une impressionnante inondation.\" width=\"960\" height=\"640\"\/><br \/>\n    L\u2019histoire de Cadillac, cit\u00e9 ducale, est \u00e9troitement li\u00e9e \u00e0 la Garonne. Et le fleuve a parfois fait des mis\u00e8res \u00e0 la ville, notamment en 1930 avec une impressionnante inondation. \u00a9St\u00e9phane Gu\u00e9gan \u2013 aerovid.org \/ document transmis \u00e0 actu.fr<br \/>\n    <img decoding=\"async\" loading=\"lazy\" class=\"size-large\" src=\"https:\/\/www.europesays.com\/fr\/wp-content\/uploads\/2025\/08\/b97d98c65d686ed7d98c65d68c18d9v-960x640.jpg\" alt=\"Il fait la fiert\u00e9 de Cadillac et de ses habitants. Le ch\u00e2teau, dont la construction a d\u00e9but\u00e9 \u00e0 la fin du XVIe si\u00e8cle, a eu de nombreux usages. Il fut m\u00eame, un certain temps, une prison pour femmes.\" width=\"960\" height=\"640\"\/><br \/>\n    Il fait la fiert\u00e9 de Cadillac et de ses habitants. Le ch\u00e2teau, dont la construction a d\u00e9but\u00e9 \u00e0 la fin du XVIe si\u00e8cle, a eu de nombreux usages. Il fut m\u00eame, un certain temps, une prison pour femmes. \u00a9St\u00e9phane Gu\u00e9gan \u2013 aerovid.org \/ document transmis \u00e0 actu.frSauveterre-de-Guyenne, la bastide cr\u00e9\u00e9e par le roi d\u2019Angleterre<br \/>\n    <img decoding=\"async\" loading=\"lazy\" class=\"size-large\" src=\"https:\/\/www.europesays.com\/fr\/wp-content\/uploads\/2025\/08\/bf2491067b986d33491067b98b7349v-960x640.jpg\" alt=\"D'origine anglaise, Sauveterre-de-Guyenne est une bastide qui a \u00e9t\u00e9 fond\u00e9e en 1281 par le roi d'Angleterre Edouard Ier.\u00a0\" width=\"960\" height=\"640\"\/><br \/>\n    D\u2019origine anglaise, Sauveterre-de-Guyenne est une bastide qui a \u00e9t\u00e9 fond\u00e9e en 1281 par le roi d\u2019Angleterre Edouard Ier.\u00a0 \u00a9St\u00e9phane Gu\u00e9gan \u2013 aerovid.org \/ document transmis \u00e0 actu.fr<br \/>\n    <img decoding=\"async\" loading=\"lazy\" class=\"size-large\" src=\"https:\/\/www.europesays.com\/fr\/wp-content\/uploads\/2025\/08\/8d65b1ec5d686c175b1ec5d68b575bv-960x640.jpg\" alt=\"sauveterre de guyenne\" width=\"960\" height=\"640\"\/><br \/>\n    Si les murs historiques de Sauveterre-de-Guyenne, magnifique bastide de l\u2019Entre-deux-Mers, ont \u00e9t\u00e9 enlev\u00e9s au XIXe si\u00e8cle, les portes d\u2019entr\u00e9e, elles, ont \u00e9t\u00e9 conserv\u00e9es. \u00a9St\u00e9phane Gu\u00e9gan \u2013 aerovid.org \/ document transmis \u00e0 actu.frMons\u00e9gur, le charme \u00e0 l\u2019\u00e9tat pur<br \/>\n    <img decoding=\"async\" loading=\"lazy\" class=\"size-large\" src=\"https:\/\/www.europesays.com\/fr\/wp-content\/uploads\/2025\/08\/f04c965d5d686e44c965d5d68094c9v-960x640.jpg\" alt=\"mons\u00e9gur\" width=\"960\" height=\"640\"\/><br \/>\n    Mons\u00e9gur, bastide m\u00e9di\u00e9vale perch\u00e9e sur une colline de l\u2019Entre-deux-Mers, est riche d\u2019histoire ainsi que de culture. \u00a9St\u00e9phane Gu\u00e9gan \u2013 aerovid.org \/ document transmis \u00e0 actu.fr<br \/>\n    <img decoding=\"async\" loading=\"lazy\" class=\"size-large\" src=\"https:\/\/www.europesays.com\/fr\/wp-content\/uploads\/2025\/08\/319cd0277b986459cd0277b98299cdv-960x640.jpg\" alt=\"La bastide de Mons\u00e9gur domine la vall\u00e9e du Dropt, offrant de jolis panoramas. Sur ce clich\u00e9, on distingue la halle, \u00e9l\u00e9ment central du village.\" width=\"960\" height=\"640\"\/><br \/>\n    La bastide de Mons\u00e9gur domine la vall\u00e9e du Dropt, offrant de jolis panoramas. Sur ce clich\u00e9, on distingue la halle, \u00e9l\u00e9ment central du village. \u00a9St\u00e9phane Gu\u00e9gan \u2013 aerovid.org \/ document transmis \u00e0 actu.fr<\/p>\n<p class=\" wall-content\">Suivez toute l\u2019actualit\u00e9 de vos villes et m\u00e9dias favoris en vous inscrivant \u00e0 <a href=\"https:\/\/moncompte.actu.fr\" title=\"D\u00e9couvez Mon Actu\" rel=\"nofollow noopener\" data-trk=\"{&quot;cta&quot;:{&quot;action&quot;:&quot;https:\\\/\\\/moncompte.actu.fr&quot;,&quot;category&quot;:&quot;mon compte&quot;,&quot;from&quot;:&quot;article footer&quot;,&quot;name&quot;:&quot;Mon actu&quot;,&quot;type&quot;:&quot;cta&quot;}}\" target=\"_blank\">Mon Actu<\/a>.<\/p>\n","protected":false},"excerpt":{"rendered":"D\u00e9couvrez le Sud-Gironde comme vous ne l&rsquo;avez jamais vu : Langon, Bazas, La R\u00e9ole, Podensac, Cadillac, Saint-Macaire, Sauveterre&hellip;\n","protected":false},"author":2,"featured_media":322560,"comment_status":"","ping_status":"","sticky":false,"template":"","format":"standard","meta":{"footnotes":""},"categories":[1358],"tags":[1348,1384,1385,46025,1386,58,59,1011,27,46026,1756,104],"class_list":{"0":"post-322559","1":"post","2":"type-post","3":"status-publish","4":"format-standard","5":"has-post-thumbnail","7":"category-arts-et-design","8":"tag-arts","9":"tag-arts-and-design","10":"tag-arts-et-design","11":"tag-cathedrale-de-bazas","12":"tag-design","13":"tag-divertissement","14":"tag-entertainment","15":"tag-fr","16":"tag-france","17":"tag-patrimoine-du-sud-gironde","18":"tag-photographie","19":"tag-societe"},"share_on_mastodon":{"url":"https:\/\/pubeurope.com\/@fr\/115037618135145159","error":""},"_links":{"self":[{"href":"https:\/\/www.europesays.com\/fr\/wp-json\/wp\/v2\/posts\/322559","targetHints":{"allow":["GET"]}}],"collection":[{"href":"https:\/\/www.europesays.com\/fr\/wp-json\/wp\/v2\/posts"}],"about":[{"href":"https:\/\/www.europesays.com\/fr\/wp-json\/wp\/v2\/types\/post"}],"author":[{"embeddable":true,"href":"https:\/\/www.europesays.com\/fr\/wp-json\/wp\/v2\/users\/2"}],"replies":[{"embeddable":true,"href":"https:\/\/www.europesays.com\/fr\/wp-json\/wp\/v2\/comments?post=322559"}],"version-history":[{"count":0,"href":"https:\/\/www.europesays.com\/fr\/wp-json\/wp\/v2\/posts\/322559\/revisions"}],"wp:featuredmedia":[{"embeddable":true,"href":"https:\/\/www.europesays.com\/fr\/wp-json\/wp\/v2\/media\/322560"}],"wp:attachment":[{"href":"https:\/\/www.europesays.com\/fr\/wp-json\/wp\/v2\/media?parent=322559"}],"wp:term":[{"taxonomy":"category","embeddable":true,"href":"https:\/\/www.europesays.com\/fr\/wp-json\/wp\/v2\/categories?post=322559"},{"taxonomy":"post_tag","embeddable":true,"href":"https:\/\/www.europesays.com\/fr\/wp-json\/wp\/v2\/tags?post=322559"}],"curies":[{"name":"wp","href":"https:\/\/api.w.org\/{rel}","templated":true}]}}