{"id":322561,"date":"2025-08-16T08:58:09","date_gmt":"2025-08-16T08:58:09","guid":{"rendered":"https:\/\/www.europesays.com\/fr\/322561\/"},"modified":"2025-08-16T08:58:09","modified_gmt":"2025-08-16T08:58:09","slug":"la-redemption-dadelaide-de-clermont-tonnerre","status":"publish","type":"post","link":"https:\/\/www.europesays.com\/fr\/322561\/","title":{"rendered":"La r\u00e9demption d\u2019Ad\u00e9la\u00efde de Clermont-Tonnerre"},"content":{"rendered":"<p>Dans \u00ab\u00a0Je voulais vivre\u00a0\u00bb, l\u2019auteure prend la d\u00e9fense de Milady de Winter, personnage des \u00ab\u00a0Trois mousquetaires\u00a0\u00bb de Dumas.<\/p>\n<p>On la d\u00e9couvre d\u00e9munie, en 1609, au d\u00e9but du mois de mars. Nous sommes dans le village de Bussy, en France. L\u2019enfant de 6\u00a0ans tape \u00e0 la porte du presbyt\u00e8re du p\u00e8re Lamandre. Elle a soif, faim, froid. L\u2019homme d\u2019\u00c9glise recueille la petite fille. Sa beaut\u00e9 est une lumi\u00e8re. L\u2019orpheline se pr\u00e9nomme Anne. Sa m\u00e8re et sa nourrice ont \u00e9t\u00e9 assassin\u00e9es par les cousins de son p\u00e8re. Elle est au d\u00e9but d\u2019une vie de vengeance, d\u2019amour, de grandeur, d\u2019infamie. Anne de Breuil aura de multiples identit\u00e9s et sera finalement c\u00e9l\u00e8bre sous le nom de Milady de Winter.<\/p>\n<p>    La suite apr\u00e8s cette publicit\u00e9<\/p>\n<p>Dans \u00ab\u00a0Je voulais vivre\u00a0\u00bb, la romanci\u00e8re Ad\u00e9la\u00efde de Clermont-Tonnerre fait entendre, \u00e0 travers <a href=\"https:\/\/www.parismatch.com\/culture\/cinema\/les-trois-mousquetaires-milady-que-vaut-le-second-volet-des-aventures-de-dartagnan-232664\" rel=\"nofollow noopener\" target=\"_blank\">\u00ab\u00a0Les trois mousquetaires\u00a0\u00bb d\u2019Alexandre Dumas<\/a>, la voix de l\u2019espionne du cardinal de Richelieu. L\u2019auteure des \u00ab\u00a0Jours heureux\u00a0\u00bb (2021) prend sa d\u00e9fense et donne un visage humain \u00e0 la principale ennemie des mousquetaires. Elle apprend l\u2019\u00e9quitation, l\u2019anglais, les secrets des plantes, l\u2019escrime.<\/p>\n<p>La nature et les animaux sont son refuge. Le malheur revient. L\u2019adolescente se retrouve livr\u00e9e \u00e0 un pr\u00eatre d\u00e9froqu\u00e9. \u00c0 partir de l\u00e0, les versions ne cesseront de diverger sur une femme aux mille visages.<\/p>\n<p>M\u00e9tamorphoses<\/p>\n<p>Est-elle une meurtri\u00e8re capable de tout pour asseoir sa vengeance ou une femme libre se battant avec ses propres armes\u00a0? Anne de Breuil va se marier avec le comte Olivier de La F\u00e8re (connu sous le nom d\u2019Athos) puis, enceinte, avec James de Winter (titr\u00e9 lord Clarick). Elle devient puissante \u00e0 la cour de France et \u00e0 celle d\u2019Angleterre. Le charmant James de Winter est un homosexuel notoire. Il aime son \u00e9pouse et va adopter son gar\u00e7on. Milady de Winter va \u00eatre guid\u00e9e par une lumi\u00e8re et une ombre\u00a0: l\u2019amour de son fils, le besoin de revanche.<\/p>\n<p>Ils sont t\u00e9moins de ses m\u00e9tamorphoses. Ils prennent la parole, \u00e0 tour de r\u00f4le, pour dresser un portrait complexe et contradictoire de Milady de Winter. L\u2019amie d\u2019enfance Soline, l\u2019ennemi jur\u00e9 d\u2019Artagnan, la protectrice H\u00e9l\u00e8ne de La F\u00e8re font d\u2019elle une femme lanc\u00e9e dans une impossible qu\u00eate de r\u00e9demption. Milady de Winter\u00a0tente de faire oublier son pass\u00e9 de honte et de douleur, pour ourler un avenir de bonheur et de gloire. Mais on la ram\u00e8ne, sans cesse, \u00e0 ce qu\u2019elle n\u2019est pas\u00a0: une cr\u00e9ature perverse et mis\u00e9rable. Ad\u00e9la\u00efde de Clermont-Tonnerre se r\u00e9v\u00e8le une conteuse hors pair, caracolant \u00e0 travers les \u00e9tapes de la vie de son h\u00e9ro\u00efne d\u00e9chue\u00a0: marquage au fer rouge de l\u2019\u00e9paule, tentative d\u2019assassinat par le comte de La F\u00e8re, arriv\u00e9e \u00e0 Londres sous le nom de Charlotte Backson, bonheur fugace aupr\u00e8s de James de Winter, rencontre avec le cardinal de Richelieu dont elle devient l\u2019espionne.<\/p>\n<p>    La suite apr\u00e8s cette publicit\u00e9<\/p>\n<p>R\u00e9\u00e9criture f\u00e9ministe<\/p>\n<p>Les personnages secondaires sont tous bien camp\u00e9s. Dans \u00ab\u00a0Je voulais vivre\u00a0\u00bb, il y a deux aspects\u00a0: la r\u00e9\u00e9criture f\u00e9ministe du personnage de Milady de Winter (le moins int\u00e9ressant car le plus opportuniste) et l\u2019appropriation d\u2019un chef-d\u2019\u0153uvre (le plus captivant car le plus atemporel). Ad\u00e9la\u00efde de Clermont-Tonnerre met \u00e0 jour et met au jour l\u2019emprise d\u2019un pr\u00eatre d\u00e9froqu\u00e9 sur une adolescente bless\u00e9e ou la cruaut\u00e9 du jugement de plusieurs hommes contre une jeune femme seule.<\/p>\n<p>Mais la force de \u00ab\u00a0Je voulais vivre\u00a0\u00bb est bien ailleurs\u00a0: on s\u2019attache \u00e0 Milady de Winter \u00e0 travers Alexandre Dumas puis en dehors d\u2019Alexandre Dumas. N\u00e9e dans la violence, elle retourne \u00e0 la violence. Son amour va, jusqu\u2019\u00e0 la fin, \u00e0 son enfant et \u00e0 la France. La romanci\u00e8re recr\u00e9e de toutes pi\u00e8ces une femme \u00e0 la poursuite de son ind\u00e9pendance. Milady de Winter devient de toutes les \u00e9poques et de tous les combats. Elle n\u2019est plus d\u2019hier et elle n\u2019est pas encore d\u2019aujourd\u2019hui. N\u2019est-ce pas la d\u00e9finition m\u00eame de la libert\u00e9\u00a0?<\/p>\n<p>\u00a0<\/p>\n<p>\u00a0<\/p>\n","protected":false},"excerpt":{"rendered":"Dans \u00ab\u00a0Je voulais vivre\u00a0\u00bb, l\u2019auteure prend la d\u00e9fense de Milady de Winter, personnage des \u00ab\u00a0Trois mousquetaires\u00a0\u00bb de Dumas.&hellip;\n","protected":false},"author":2,"featured_media":322562,"comment_status":"","ping_status":"","sticky":false,"template":"","format":"standard","meta":{"footnotes":""},"categories":[1357],"tags":[1379,58,59,1011,27,1380],"class_list":{"0":"post-322561","1":"post","2":"type-post","3":"status-publish","4":"format-standard","5":"has-post-thumbnail","7":"category-livres","8":"tag-books","9":"tag-divertissement","10":"tag-entertainment","11":"tag-fr","12":"tag-france","13":"tag-livres"},"share_on_mastodon":{"url":"https:\/\/pubeurope.com\/@fr\/115037621727192345","error":""},"_links":{"self":[{"href":"https:\/\/www.europesays.com\/fr\/wp-json\/wp\/v2\/posts\/322561","targetHints":{"allow":["GET"]}}],"collection":[{"href":"https:\/\/www.europesays.com\/fr\/wp-json\/wp\/v2\/posts"}],"about":[{"href":"https:\/\/www.europesays.com\/fr\/wp-json\/wp\/v2\/types\/post"}],"author":[{"embeddable":true,"href":"https:\/\/www.europesays.com\/fr\/wp-json\/wp\/v2\/users\/2"}],"replies":[{"embeddable":true,"href":"https:\/\/www.europesays.com\/fr\/wp-json\/wp\/v2\/comments?post=322561"}],"version-history":[{"count":0,"href":"https:\/\/www.europesays.com\/fr\/wp-json\/wp\/v2\/posts\/322561\/revisions"}],"wp:featuredmedia":[{"embeddable":true,"href":"https:\/\/www.europesays.com\/fr\/wp-json\/wp\/v2\/media\/322562"}],"wp:attachment":[{"href":"https:\/\/www.europesays.com\/fr\/wp-json\/wp\/v2\/media?parent=322561"}],"wp:term":[{"taxonomy":"category","embeddable":true,"href":"https:\/\/www.europesays.com\/fr\/wp-json\/wp\/v2\/categories?post=322561"},{"taxonomy":"post_tag","embeddable":true,"href":"https:\/\/www.europesays.com\/fr\/wp-json\/wp\/v2\/tags?post=322561"}],"curies":[{"name":"wp","href":"https:\/\/api.w.org\/{rel}","templated":true}]}}