{"id":322577,"date":"2025-08-16T09:06:11","date_gmt":"2025-08-16T09:06:11","guid":{"rendered":"https:\/\/www.europesays.com\/fr\/322577\/"},"modified":"2025-08-16T09:06:11","modified_gmt":"2025-08-16T09:06:11","slug":"si-vous-avez-achete-ces-oeufs-chez-carrefour-ou-leclerc-ne-les-consommez-surtout-pas-avant-davoir-verifie-ce-detail-crucial","status":"publish","type":"post","link":"https:\/\/www.europesays.com\/fr\/322577\/","title":{"rendered":"Si vous avez achet\u00e9 ces \u0153ufs chez Carrefour ou Leclerc, ne les consommez surtout pas avant d\u2019avoir v\u00e9rifi\u00e9 ce d\u00e9tail crucial"},"content":{"rendered":"<p>Vous \u00eates-vous d\u00e9j\u00e0 retrouv\u00e9 devant votre frigo \u00e0 douter de vos certitudes alimentaires, m\u00eame sur vos produits f\u00e9tiches ?<\/p>\n<p>R\u00e9cemment, une simple course m\u2019a fait lever un sourcil sur la s\u00e9curit\u00e9 de certains \u0153ufs pr\u00e9sents chez vos enseignes pr\u00e9f\u00e9r\u00e9es.<\/p>\n<p><strong>Entre surprises, anecdotes de cuisine et pr\u00e9cautions inattendues,<\/strong> je vais vous raconter comment une information anodine peut chambouler nos habitudes gourmandes.<\/p>\n<p>Pr\u00eat \u00e0 titiller votre curiosit\u00e9 ? Restez avec moi, la suite vaut vraiment le d\u00e9tour.<\/p>\n<p>Pourquoi ces \u0153ufs sont rappel\u00e9s et quels lots sont concern\u00e9s<\/p>\n<p><strong>Apr\u00e8s avoir essay\u00e9 pendant des ann\u00e9es de faire confiance aux \u0153ufs de supermarch\u00e9,<\/strong> je d\u00e9couvre que m\u00eame nos classiques du frigo ne sont pas \u00e0 l\u2019abri ! Les grandes enseignes comme Auchan, Leclerc, Carrefour, et Intermarch\u00e9 rappellent des lots d\u2019\u0153ufs en raison de la pr\u00e9sence suspect\u00e9e de salmonelle. Ce rappel concerne notamment les d\u00e9partements de la Meurthe-et-Moselle, Moselle, et Vosges avec le num\u00e9ro de lot incrimin\u00e9 sp\u00e9cifiquement identifi\u00e9.<\/p>\n<p>Les risques pour les consommateurs incluent de graves troubles intestinaux et des complications potentielles, surtout pour les populations vuln\u00e9rables. Imaginez ma surprise, lors d\u2019une banale course, de d\u00e9couvrir que les \u0153ufs que j\u2019ach\u00e8te habituellement \u00e9taient sur la liste des produits rappel\u00e9s ! Une vigilance accrue est recommand\u00e9e lors de l\u2019achat de ces produits essentiels.<\/p>\n<p>Salmonelle et salmonellose : comprendre les risques pour la sant\u00e9<\/p>\n<p><strong>La salmonelle<\/strong>, une bact\u00e9rie souvent associ\u00e9e \u00e0 des aliments comme le poulet ou les \u0153ufs, peut provoquer la salmonellose, une infection intense qui se manifeste par des troubles intestinaux s\u00e9v\u00e8res, des diarrh\u00e9es, des vomissements, et qui apparaissent habituellement 6 \u00e0 72 heures apr\u00e8s la consommation d\u2019aliments contamin\u00e9s. Les personnes avec un syst\u00e8me immunitaire affaibli, comme les enfants, les personnes \u00e2g\u00e9es et celles souffrant de maladies chroniques, sont plus susceptibles de subir des complications graves telles que la d\u00e9shydratation ou des infections plus s\u00e9v\u00e8res.<\/p>\n<p>L\u2019ann\u00e9e derni\u00e8re, un ami apr\u00e8s un barbecue convivial o\u00f9 les \u0153ufs faisaient partie du menu, a subi une s\u00e9v\u00e8re intoxication alimentaire. Cela a transform\u00e9 notre regard sur la fa\u00e7on dont nous g\u00e9rons la cuisine de produits aussi courants que les \u0153ufs. Cet incident souligne combien il est fondamental de s\u2019assurer de la qualit\u00e9 et de la s\u00e9curit\u00e9 des aliments que nous consommons.<\/p>\n<p>Que faire si vous avez achet\u00e9 ou consomm\u00e9 ces \u0153ufs<\/p>\n<p><strong>La technique que je vais vous partager aujourd\u2019hui<\/strong> peut vous \u00e9viter bien des tracas digestifs ! Si vous avez achet\u00e9 ou consomm\u00e9 des \u0153ufs potentiellement concern\u00e9s par un avertissement de s\u00e9curit\u00e9, il est crucial de ne pas les consommer. Rapportez-les imm\u00e9diatement au point de vente pour un remboursement ou d\u00e9truisez-les s\u00e9curitairement.<\/p>\n<p>En cas de sympt\u00f4mes tels que des troubles gastriques apr\u00e8s avoir consomm\u00e9 ces \u0153ufs, il est sage de consulter rapidement votre m\u00e9decin. Pour v\u00e9rifier les lots d\u2019\u0153ufs \u00e0 la maison, j\u2019ai toujours un petit carnet o\u00f9 je note les num\u00e9ros des lots \u00e0 risque d\u00e8s l\u2019annonce d\u2019un rappel, une m\u00e9thode simple pour \u00e9viter les erreurs.<\/p>\n<p>En r\u00e9sum\u00e9, m\u00eame les \u0153ufs de nos supermarch\u00e9s favoris peuvent cacher des invit\u00e9s ind\u00e9sirables comme la salmonelle, d\u2019o\u00f9 l\u2019importance de rester vigilant et d\u2019adopter les bons r\u00e9flexes en cas de rappel.<\/p>\n<p>Cela dit, aucune m\u00e9thode n\u2019est infaillible : mieux vaut garder l\u2019\u0153il ouvert\u2026 et le carnet \u00e0 port\u00e9e de main !<br \/>Prenez soin de votre cuisine, et de votre estomac \u2013 cela n\u2019a pas de prix !<\/p>\n<p>                         <a href=\"https:\/\/www.apero-bordeaux.fr\/author\/boidus-julien\/\" class=\"url\" title=\"Julien Boidus\" rel=\"nofollow noopener\" target=\"_blank\"> <img loading=\"lazy\" decoding=\"async\" alt=\"Julien Boidus\" src=\"data:image\/svg+xml,%3Csvg%20xmlns=\" http:=\"\" data-lazy- class=\"avatar avatar-250 photo\" height=\"250\" width=\"250\" data-lazy-src=\"https:\/\/www.europesays.com\/fr\/wp-content\/uploads\/2025\/04\/cropped-julien-boidus-250x250.webp.webp\"\/><\/a> <\/p>\n<p>Chef \u00e0 domicile et auteur chez Julien Boidus<\/p>\n<p>Passionn\u00e9 par Bordeaux et son art de vivre, je suis Julien Boidus, chef \u00e0 domicile. \u00c0 travers mon site www.apero-bordeaux.fr, je partage mes recettes familiales, mes astuces culinaires et mes d\u00e9couvertes pour \u00e9veiller les sens et c\u00e9l\u00e9brer notre belle ville. Voyageur dans l&rsquo;\u00e2me, j&rsquo;explore \u00e9galement d&rsquo;autres villes pour vous faire d\u00e9couvrir leurs patrimoines gastronomiques et culturels. Bienvenue dans mon univers gourmand et convivial !<\/p>\n<p> <a href=\"https:\/\/www.apero-bordeaux.fr\/author\/boidus-julien\/\" class=\"url\" title=\"Julien Boidus\" rel=\"nofollow noopener\" target=\"_blank\"><img loading=\"lazy\" decoding=\"async\" alt=\"Julien Boidus\" src=\"data:image\/svg+xml,%3Csvg%20xmlns=\" http:=\"\" data-lazy- class=\"avatar avatar-250 photo\" height=\"250\" width=\"250\" data-lazy-src=\"https:\/\/www.europesays.com\/fr\/wp-content\/uploads\/2025\/04\/cropped-julien-boidus-250x250.webp.webp\"\/><\/a>Les derniers articles par Julien Boidus (<a href=\"https:\/\/www.apero-bordeaux.fr\/author\/boidus-julien\/\" rel=\"nofollow noopener\" target=\"_blank\">tout voir<\/a>)  <\/p>\n","protected":false},"excerpt":{"rendered":"Vous \u00eates-vous d\u00e9j\u00e0 retrouv\u00e9 devant votre frigo \u00e0 douter de vos certitudes alimentaires, m\u00eame sur vos produits f\u00e9tiches&hellip;\n","protected":false},"author":2,"featured_media":322578,"comment_status":"","ping_status":"","sticky":false,"template":"","format":"standard","meta":{"footnotes":""},"categories":[6],"tags":[35,33,34,1011,27],"class_list":{"0":"post-322577","1":"post","2":"type-post","3":"status-publish","4":"format-standard","5":"has-post-thumbnail","7":"category-economie","8":"tag-business","9":"tag-economie","10":"tag-economy","11":"tag-fr","12":"tag-france"},"share_on_mastodon":{"url":"https:\/\/pubeurope.com\/@fr\/115037653065552031","error":""},"_links":{"self":[{"href":"https:\/\/www.europesays.com\/fr\/wp-json\/wp\/v2\/posts\/322577","targetHints":{"allow":["GET"]}}],"collection":[{"href":"https:\/\/www.europesays.com\/fr\/wp-json\/wp\/v2\/posts"}],"about":[{"href":"https:\/\/www.europesays.com\/fr\/wp-json\/wp\/v2\/types\/post"}],"author":[{"embeddable":true,"href":"https:\/\/www.europesays.com\/fr\/wp-json\/wp\/v2\/users\/2"}],"replies":[{"embeddable":true,"href":"https:\/\/www.europesays.com\/fr\/wp-json\/wp\/v2\/comments?post=322577"}],"version-history":[{"count":0,"href":"https:\/\/www.europesays.com\/fr\/wp-json\/wp\/v2\/posts\/322577\/revisions"}],"wp:featuredmedia":[{"embeddable":true,"href":"https:\/\/www.europesays.com\/fr\/wp-json\/wp\/v2\/media\/322578"}],"wp:attachment":[{"href":"https:\/\/www.europesays.com\/fr\/wp-json\/wp\/v2\/media?parent=322577"}],"wp:term":[{"taxonomy":"category","embeddable":true,"href":"https:\/\/www.europesays.com\/fr\/wp-json\/wp\/v2\/categories?post=322577"},{"taxonomy":"post_tag","embeddable":true,"href":"https:\/\/www.europesays.com\/fr\/wp-json\/wp\/v2\/tags?post=322577"}],"curies":[{"name":"wp","href":"https:\/\/api.w.org\/{rel}","templated":true}]}}