{"id":322590,"date":"2025-08-16T09:15:12","date_gmt":"2025-08-16T09:15:12","guid":{"rendered":"https:\/\/www.europesays.com\/fr\/322590\/"},"modified":"2025-08-16T09:15:12","modified_gmt":"2025-08-16T09:15:12","slug":"toulon-en-lumiere-un-feu-dartifice-grandiose-pour-celebrer-le-15-aout","status":"publish","type":"post","link":"https:\/\/www.europesays.com\/fr\/322590\/","title":{"rendered":"Toulon en lumi\u00e8re : un feu d\u2019artifice grandiose pour c\u00e9l\u00e9brer le 15 ao\u00fbt"},"content":{"rendered":"<p>Le feu d\u2019artifice du 15 ao\u00fbt a enchant\u00e9 Toulon et ses visiteurs, offrant un moment magique salu\u00e9 unanimement par le public.<\/p>\n<p><img fetchpriority=\"high\" decoding=\"async\" width=\"1200\" height=\"800\" alt=\"Feu d\u2019artifice Toulon 15 ao\u00fbt 2025\" title=\"feu artifice toulon\" src=\"https:\/\/www.europesays.com\/fr\/wp-content\/uploads\/2025\/08\/feu-artifice-toulon.webp.webp\" class=\"img-responsive wp-image-73994\"\/><\/p>\n<p>Feu d\u2019artifice Toulon 15 ao\u00fbt 2025 \u2013 CREDIT : <a class=\"x1i10hfl xjbqb8w x1ejq31n x18oe1m7 x1sy0etr xstzfhl x972fbf x10w94by x1qhh985 x14e42zd x9f619 x1ypdohk xt0psk2 x3ct3a4 xdj266r x14z9mp xat24cr x1lziwak xexx8yu xyri2b x18d9i69 x1c1uobl x16tdsg8 x1hl2dhg xggy1nq x1a2a7pz xkrqix3 x1sur9pj xzsf02u x1s688f\" role=\"link\" href=\"https:\/\/www.facebook.com\/JulienMauceriPhotographies?__tn__=-UC*F\" rel=\"nofollow noopener\" target=\"_blank\">Julien Mauceri Photographies<\/a> \/ Image non libre de droit<\/p>\n<p data-start=\"78\" data-end=\"381\">Ce vendredi 15 ao\u00fbt, <strong data-start=\"96\" data-end=\"106\">Toulon<\/strong> a une nouvelle fois \u00e9bloui ses habitants et visiteurs avec un <strong data-start=\"169\" data-end=\"201\">feu d\u2019artifice spectaculaire<\/strong>, tir\u00e9 en soir\u00e9e depuis les plages \u2026<\/p>\n<p>Lire la suite dans l\u2019article <a href=\"https:\/\/www.varactu.fr\/toulon-en-lumiere-un-feu-dartifice-grandiose-pour-celebrer-le-15-aout\/\" rel=\"nofollow noopener\" target=\"_blank\">Toulon en lumi\u00e8re : un feu d\u2019artifice grandiose pour c\u00e9l\u00e9brer le 15 ao\u00fbt<\/a> qui est apparu en premier sur <a href=\"https:\/\/www.varactu.fr\" rel=\"nofollow noopener\" target=\"_blank\">Var Actu<\/a>.<\/p>\n","protected":false},"excerpt":{"rendered":"Le feu d\u2019artifice du 15 ao\u00fbt a enchant\u00e9 Toulon et ses visiteurs, offrant un moment magique salu\u00e9 unanimement&hellip;\n","protected":false},"author":2,"featured_media":322591,"comment_status":"","ping_status":"","sticky":false,"template":"","format":"standard","meta":{"footnotes":""},"categories":[9619],"tags":[1111,11,1777,674,1011,27,12,882,25,2310],"class_list":{"0":"post-322590","1":"post","2":"type-post","3":"status-publish","4":"format-standard","5":"has-post-thumbnail","7":"category-toulon","8":"tag-actu","9":"tag-actualites","10":"tag-eu","11":"tag-europe","12":"tag-fr","13":"tag-france","14":"tag-news","15":"tag-provence-alpes-cote-dazur","16":"tag-republique-francaise","17":"tag-toulon"},"share_on_mastodon":{"url":"https:\/\/pubeurope.com\/@fr\/115037688565847273","error":""},"_links":{"self":[{"href":"https:\/\/www.europesays.com\/fr\/wp-json\/wp\/v2\/posts\/322590","targetHints":{"allow":["GET"]}}],"collection":[{"href":"https:\/\/www.europesays.com\/fr\/wp-json\/wp\/v2\/posts"}],"about":[{"href":"https:\/\/www.europesays.com\/fr\/wp-json\/wp\/v2\/types\/post"}],"author":[{"embeddable":true,"href":"https:\/\/www.europesays.com\/fr\/wp-json\/wp\/v2\/users\/2"}],"replies":[{"embeddable":true,"href":"https:\/\/www.europesays.com\/fr\/wp-json\/wp\/v2\/comments?post=322590"}],"version-history":[{"count":0,"href":"https:\/\/www.europesays.com\/fr\/wp-json\/wp\/v2\/posts\/322590\/revisions"}],"wp:featuredmedia":[{"embeddable":true,"href":"https:\/\/www.europesays.com\/fr\/wp-json\/wp\/v2\/media\/322591"}],"wp:attachment":[{"href":"https:\/\/www.europesays.com\/fr\/wp-json\/wp\/v2\/media?parent=322590"}],"wp:term":[{"taxonomy":"category","embeddable":true,"href":"https:\/\/www.europesays.com\/fr\/wp-json\/wp\/v2\/categories?post=322590"},{"taxonomy":"post_tag","embeddable":true,"href":"https:\/\/www.europesays.com\/fr\/wp-json\/wp\/v2\/tags?post=322590"}],"curies":[{"name":"wp","href":"https:\/\/api.w.org\/{rel}","templated":true}]}}