{"id":322596,"date":"2025-08-16T09:23:10","date_gmt":"2025-08-16T09:23:10","guid":{"rendered":"https:\/\/www.europesays.com\/fr\/322596\/"},"modified":"2025-08-16T09:23:10","modified_gmt":"2025-08-16T09:23:10","slug":"un-traileur-belge-retrouve-accroche-a-un-arbre-au-dessus-dune-falaise","status":"publish","type":"post","link":"https:\/\/www.europesays.com\/fr\/322596\/","title":{"rendered":"un traileur belge retrouv\u00e9 accroch\u00e9 \u00e0 un arbre au-dessus d&rsquo;une falaise"},"content":{"rendered":"<p>\t\t\t\t\t\t\t\t\t\t\t<img loading=\"lazy\" decoding=\"async\" width=\"1110\" title=\"Pr\u00e8s de Grenoble : un traileur belge retrouv\u00e9 accroch\u00e9 \u00e0 un arbre au-dessus d'une falaise\" class=\"img-fluid  mb-3\" src=\"https:\/\/grandgrenoble.alpes1.com\/media\/news\/thumb\/1110x624_pres-de-grenoble-un-traileur-belge-retrouve-accroche-a-un-arbre-au-dessus-d-une-falaise_68a03fb2b124f.webp\" alt=\"Pr\u00e8s de Grenoble : un traileur belge retrouv\u00e9 accroch\u00e9 \u00e0 un arbre au-dessus d'une falaise\" itemprop=\"image\" height=\"624\"\/>\t\t\t\t\t\t\t\t\t\t\t\t<\/p>\n<p>Pr\u00e8s de Grenoble : un traileur belge retrouv\u00e9 accroch\u00e9 \u00e0 un arbre au-dessus d&rsquo;une falaise &#8211; DR<\/p>\n<p itemprop=\"description\"><strong>Comme dans les films d&rsquo;aventure, ce traileur a eu de la chance et a fait preuve d&rsquo;abn\u00e9gation.<\/strong><\/p>\n<p>Ce jeune Belge de 22 ans a contact\u00e9 les secours dans la nuit de jeudi \u00e0 vendredi, il \u00e9tait parti plusieurs heures plus t\u00f4t pour un long parcours en Chartreuse.<\/p>\n<p>Mais dans le secteur du Granier, apr\u00e8s s&rsquo;\u00eatre perdu, il a gliss\u00e9 et est parvenu \u00e0 se rattraper \u00e0 un arbuste qui l&#8217;emp\u00eachait de tomber d&rsquo;une barre rocheuse. Sans cela, c&rsquo;\u00e9tait une chute de 15 m\u00e8tres dans le vide, et donc une mort certaine.<\/p>\n<p>La CRS Alpes est intervenu pour secourir le traileur \u00e9puis\u00e9. Il a \u00e9t\u00e9 harnach\u00e9 avant d&rsquo;\u00eatre \u00e9vacu\u00e9 par h\u00e9licopt\u00e8re.<\/p>\n","protected":false},"excerpt":{"rendered":"Pr\u00e8s de Grenoble : un traileur belge retrouv\u00e9 accroch\u00e9 \u00e0 un arbre au-dessus d&rsquo;une falaise &#8211; DR Comme&hellip;\n","protected":false},"author":2,"featured_media":322597,"comment_status":"","ping_status":"","sticky":false,"template":"","format":"standard","meta":{"footnotes":""},"categories":[9566],"tags":[1111,11,7733,8279,2430,7736,650,7734,2889,2263,1777,674,1011,27,2731,8280,6417,1114,108,4662,12,3725,1825,25,7737],"class_list":{"0":"post-322596","1":"post","2":"type-post","3":"status-publish","4":"format-standard","5":"has-post-thumbnail","7":"category-grenoble","8":"tag-actu","9":"tag-actualites","10":"tag-alpes","11":"tag-alpes1","12":"tag-auvergne-rhone-alpes","13":"tag-cds","14":"tag-cinema","15":"tag-ecoute","16":"tag-emission","17":"tag-equipe","18":"tag-eu","19":"tag-europe","20":"tag-fr","21":"tag-france","22":"tag-grenoble","23":"tag-haute","24":"tag-information","25":"tag-infos","26":"tag-isere","27":"tag-journal","28":"tag-news","29":"tag-podcast","30":"tag-radio","31":"tag-republique-francaise","32":"tag-winamp"},"share_on_mastodon":{"url":"https:\/\/pubeurope.com\/@fr\/115037720120825815","error":""},"_links":{"self":[{"href":"https:\/\/www.europesays.com\/fr\/wp-json\/wp\/v2\/posts\/322596","targetHints":{"allow":["GET"]}}],"collection":[{"href":"https:\/\/www.europesays.com\/fr\/wp-json\/wp\/v2\/posts"}],"about":[{"href":"https:\/\/www.europesays.com\/fr\/wp-json\/wp\/v2\/types\/post"}],"author":[{"embeddable":true,"href":"https:\/\/www.europesays.com\/fr\/wp-json\/wp\/v2\/users\/2"}],"replies":[{"embeddable":true,"href":"https:\/\/www.europesays.com\/fr\/wp-json\/wp\/v2\/comments?post=322596"}],"version-history":[{"count":0,"href":"https:\/\/www.europesays.com\/fr\/wp-json\/wp\/v2\/posts\/322596\/revisions"}],"wp:featuredmedia":[{"embeddable":true,"href":"https:\/\/www.europesays.com\/fr\/wp-json\/wp\/v2\/media\/322597"}],"wp:attachment":[{"href":"https:\/\/www.europesays.com\/fr\/wp-json\/wp\/v2\/media?parent=322596"}],"wp:term":[{"taxonomy":"category","embeddable":true,"href":"https:\/\/www.europesays.com\/fr\/wp-json\/wp\/v2\/categories?post=322596"},{"taxonomy":"post_tag","embeddable":true,"href":"https:\/\/www.europesays.com\/fr\/wp-json\/wp\/v2\/tags?post=322596"}],"curies":[{"name":"wp","href":"https:\/\/api.w.org\/{rel}","templated":true}]}}