{"id":322606,"date":"2025-08-16T09:29:10","date_gmt":"2025-08-16T09:29:10","guid":{"rendered":"https:\/\/www.europesays.com\/fr\/322606\/"},"modified":"2025-08-16T09:29:10","modified_gmt":"2025-08-16T09:29:10","slug":"permettre-a-tous-les-gamins-de-trouver-leur-voie-une-nouvelle-ecole-pour-devenir-electricien-a-vu-le-jour-a-nice","status":"publish","type":"post","link":"https:\/\/www.europesays.com\/fr\/322606\/","title":{"rendered":"\u00ab\u00a0Permettre \u00e0 tous les gamins de trouver leur voie\u00a0\u00bb: une nouvelle \u00e9cole pour devenir \u00e9lectricien a vu le jour \u00e0 Nice"},"content":{"rendered":"<p>Redonner go\u00fbt au travail et compenser le manque d\u2019\u00e9lectriciens. Ce sont les deux objectifs de la nouvelle \u00e9cole de production Je fabrique mon avenir, inaugur\u00e9e il y a quelques semaines dans les locaux du Campus Sud des M\u00e9tiers, quartier M\u00e9ridia, \u00e0 Nice.<\/p>\n<p>Les jeunes, eux, n\u2019ont pas attendu la fin de l\u2019ann\u00e9e scolaire pour commencer leur formation. En septembre dernier, dix \u00e9l\u00e8ves ont entam\u00e9 un CAP d\u2019\u00e9lectricien en deux ans, reconnu par l\u2019\u00c9ducation nationale.<\/p>\n<p>Parmi eux, Maxime, 16 ans, est ravi d\u2019avoir tourn\u00e9 le dos \u00e0 l\u2019enseignement g\u00e9n\u00e9ral.<\/p>\n<p>\u00ab\u00a0La th\u00e9orie, c\u2019est compliqu\u00e9 pour moi. J\u2019ai tenu jusqu\u2019\u00e0 la seconde, puis j\u2019ai d\u00e9croch\u00e9\u00a0\u00bb, confie le jeune homme, pour qui cette voie \u00e9tait une \u00e9vidence. \u00ab\u00a0J\u2019ai d\u00e9j\u00e0 fait de l\u2019\u00e9lectricit\u00e9 avec mon p\u00e8re, qui travaille l\u00e0-dedans. \u00c7a m\u2019a donn\u00e9 go\u00fbt au m\u00e9tier\u00a0\u00bb, raconte Maxime.<\/p>\n<p>Passionn\u00e9, il montre avec plaisir ce qu\u2019il est d\u00e9j\u00e0 capable de faire, outils en main.<\/p>\n<p>Redonner confiance en l\u2019\u00e9cole<\/p>\n<p>C\u2019est pour des jeunes comme lui que cette \u00e9cole est con\u00e7ue. Pour ceux qui, au sortir de la 3e, sont en perte de vitesse \u00e0 l\u2019\u00e9cole classique. Gr\u00e2ce \u00e0 Je fabrique mon avenir, ils retrouvent une motivation pour le travail. Et cela contribue aussi \u00e0 former de nouveaux \u00e9lectriciens.<\/p>\n<p>\u00ab\u00a0Le pr\u00e9sident de l\u2019union des industries et m\u00e9tiers de la m\u00e9tallurgie nous avait alert\u00e9s sur le manque de dipl\u00f4m\u00e9s en \u00e9lectricit\u00e9 \u00ab\u00a0, se souvient Xavier Latour, vice-pr\u00e9sident de la M\u00e9tropole Nice-C\u00f4te d\u2019Azur, d\u00e9l\u00e9gu\u00e9 \u00e0 la Formation<\/p>\n<p>. Il \u00e9voque ensuite un \u00e9l\u00e8ve qui l\u2019a marqu\u00e9 lors de la visite de ce nouvel \u00e9tablissement.<\/p>\n<p>\u00ab\u00a0\u00c0 16 ans, Killian est heureux d\u2019\u00eatre l\u00e0. Il s\u2019ennuyait sur les bancs du coll\u00e8ge, il faisait des cheveux blancs \u00e0 ses parents. L\u00e0, on lui redonne le sourire \u00ab\u00a0, s\u2019enthousiasme l\u2019\u00e9lu, qui reconna\u00eet qu\u2019il faut savoir sortir du cursus \u00ab\u00a0classique\u00a0\u00bb, bac puis enseignement sup\u00e9rieur, pour \u00ab\u00a0permettre \u00e0 tous les gamins de trouver leur voie\u00a0\u00bb.<\/p>\n<p>La pratique professionnelle comme ma\u00eetre-mot<\/p>\n<p>Pour cela, en dehors de quelques mati\u00e8res g\u00e9n\u00e9rales, les \u00e9l\u00e8ves \u00ab\u00a0pratiquent\u00a0\u00bb. Beaucoup: au moins 21 heures par semaine sur les 35 au total. Ils sont form\u00e9s \u00e0 l\u2019ensemble du m\u00e9tier d\u2019\u00e9lectricien, du c\u00e2blage des tableaux \u00e9lectriques jusqu\u2019\u00e0 la mise en fonctionnement d\u2019appareils. Pour cela, deux espaces: un pour la mise en situation, \u00e9quip\u00e9 d\u2019interrupteurs, d\u2019ampoules et de disjoncteurs, comme dans un appartement. Un autre sert d\u2019atelier de production. \u00ab\u00a0Ils r\u00e9alisent de vraies choses pour apprendre le m\u00e9tier. On fonctionne comme dans une usine \u00ab\u00a0, vante Olivier Lenci, directeur adjoint de l\u2019\u00e9cole de production.<\/p>\n<p>L\u2019entreprise de luminaires Resistex, situ\u00e9e dans les Alpes-Maritimes, a confi\u00e9 des n\u00e9ons \u00e0 recycler. \u00ab\u00a0Nos \u00e9l\u00e8ves vont les d\u00e9monter, regarder ce qu\u2019il y a dedans. Ils apprennent comme \u00e7a \u00ab\u00a0, se r\u00e9jouit Olivier Lenci.<\/p>\n<p>Pour l\u2019entreprise, le co\u00fbt est le m\u00eame qu\u2019avec un prestataire lambda. Mais en faisant confiance \u00e0 l\u2019\u00e9tablissement, elle contribue \u00e0 former les jeunes et garantir la gratuit\u00e9 de leur formation.<\/p>\n<p>\u00ab\u00a0On a besoin de chantiers\u00a0\u00bb<\/p>\n<p>L\u2019\u00e9cole a besoin d\u2019environ 20.000 \u00e0 30.000 euros par an pour fonctionner. Elle obtient bien s\u00fbr des financements publics. Mais elle a aussi besoin de ces entreprises partenaires.<\/p>\n<p>Pour l\u2019heure, elles sont quelques-unes \u00e0 faire confiance \u00e0 l\u2019\u00e9tablissement.<\/p>\n<p>Pas assez encore, selon son directeur. \u00ab\u00a0On a besoin de chantiers et d\u2019entreprises qui fassent appel \u00e0 nous \u00ab\u00a0, lance Olivier Lenci, comme un appel.<\/p>\n<p>Actuellement, les jeunes sont uniquement form\u00e9s en atelier, mais le directeur adjoint esp\u00e8re bien pouvoir les emmener d\u00e8s la rentr\u00e9e sur de vrais chantiers.<\/p>\n<p>Campus Sud des M\u00e9tiers (13, av. Simone-Veil \u00e0 Nice). Plus d\u2019infos \u00e0: contact@campussuddesmetiers.com. Inscriptions ouvertes sur: campussuddesmetiers.com<\/p>\n","protected":false},"excerpt":{"rendered":"Redonner go\u00fbt au travail et compenser le manque d\u2019\u00e9lectriciens. Ce sont les deux objectifs de la nouvelle \u00e9cole&hellip;\n","protected":false},"author":2,"featured_media":322607,"comment_status":"","ping_status":"","sticky":false,"template":"","format":"standard","meta":{"footnotes":""},"categories":[2819],"tags":[1111,11,1777,674,1011,27,12,2401,882,25,3366],"class_list":{"0":"post-322606","1":"post","2":"type-post","3":"status-publish","4":"format-standard","5":"has-post-thumbnail","7":"category-nice","8":"tag-actu","9":"tag-actualites","10":"tag-eu","11":"tag-europe","12":"tag-fr","13":"tag-france","14":"tag-news","15":"tag-nice","16":"tag-provence-alpes-cote-dazur","17":"tag-republique-francaise","18":"tag-vie-locale"},"share_on_mastodon":{"url":"https:\/\/pubeurope.com\/@fr\/115037743645863402","error":""},"_links":{"self":[{"href":"https:\/\/www.europesays.com\/fr\/wp-json\/wp\/v2\/posts\/322606","targetHints":{"allow":["GET"]}}],"collection":[{"href":"https:\/\/www.europesays.com\/fr\/wp-json\/wp\/v2\/posts"}],"about":[{"href":"https:\/\/www.europesays.com\/fr\/wp-json\/wp\/v2\/types\/post"}],"author":[{"embeddable":true,"href":"https:\/\/www.europesays.com\/fr\/wp-json\/wp\/v2\/users\/2"}],"replies":[{"embeddable":true,"href":"https:\/\/www.europesays.com\/fr\/wp-json\/wp\/v2\/comments?post=322606"}],"version-history":[{"count":0,"href":"https:\/\/www.europesays.com\/fr\/wp-json\/wp\/v2\/posts\/322606\/revisions"}],"wp:featuredmedia":[{"embeddable":true,"href":"https:\/\/www.europesays.com\/fr\/wp-json\/wp\/v2\/media\/322607"}],"wp:attachment":[{"href":"https:\/\/www.europesays.com\/fr\/wp-json\/wp\/v2\/media?parent=322606"}],"wp:term":[{"taxonomy":"category","embeddable":true,"href":"https:\/\/www.europesays.com\/fr\/wp-json\/wp\/v2\/categories?post=322606"},{"taxonomy":"post_tag","embeddable":true,"href":"https:\/\/www.europesays.com\/fr\/wp-json\/wp\/v2\/tags?post=322606"}],"curies":[{"name":"wp","href":"https:\/\/api.w.org\/{rel}","templated":true}]}}