{"id":322611,"date":"2025-08-16T09:38:09","date_gmt":"2025-08-16T09:38:09","guid":{"rendered":"https:\/\/www.europesays.com\/fr\/322611\/"},"modified":"2025-08-16T09:38:09","modified_gmt":"2025-08-16T09:38:09","slug":"un-appartement-entierement-detruit-par-les-flammes-en-banlieue-de-bordeaux","status":"publish","type":"post","link":"https:\/\/www.europesays.com\/fr\/322611\/","title":{"rendered":"Un appartement enti\u00e8rement d\u00e9truit par les flammes en banlieue de Bordeaux"},"content":{"rendered":"<p>            Par<br \/>\n        <strong><br \/>\n            <a href=\"https:\/\/actu.fr\/auteur\/charlotte-lesprit\" title=\"Consulter tous les articles de Charlotte Lesprit\" rel=\"nofollow noopener\" target=\"_blank\">Charlotte Lesprit<\/a><br \/>\n        <\/strong><\/p>\n<p>        Publi\u00e9 le<\/p>\n<p>            16 ao\u00fbt 2025 \u00e0 10h54        <\/p>\n<p>Les secours ont \u00e9t\u00e9 appel\u00e9s vendredi 15\u00a0ao\u00fbt, \u00e0 21\u2009h\u200930, pour <a href=\"https:\/\/actu.fr\/tag\/incendie\" rel=\"nofollow noopener\" target=\"_blank\">un incendie<\/a> survenu dans un appartement situ\u00e9 \u00e0 <strong>Cenon<\/strong>, sur la rive droite de <a href=\"https:\/\/actu.fr\/bordeaux\/\" rel=\"nofollow noopener\" target=\"_blank\">Bordeaux<\/a>.<\/p>\n<p>Douze personnes relog\u00e9es<\/p>\n<p class=\" wall-content\">Une trentaine de <a href=\"https:\/\/actu.fr\/tag\/pompiers\" rel=\"nofollow noopener\" target=\"_blank\">pompiers<\/a> ont \u00e9t\u00e9 d\u00e9p\u00each\u00e9s sur place, \u00e9quip\u00e9s d\u2019une lance \u00e0 incendie, pour ma\u00eetriser le feu. Les flammes ont enti\u00e8rement d\u00e9truit ce <strong>logement de 50\u00a0m\u00e8tres carr\u00e9s<\/strong>, situ\u00e9 au deuxi\u00e8me \u00e9tage d\u2019un immeuble qui en compte cinq.<\/p>\n<p class=\" wall-content\">Les quatre occupants de l\u2019appartement ont \u00e9t\u00e9 mis en s\u00e9curit\u00e9 et douze personnes ont d\u00fb \u00eatre <strong>relog\u00e9es par la mairie<\/strong>.<\/p>\n<p class=\" wall-content\">Suivez toute l\u2019actualit\u00e9 de vos villes et m\u00e9dias favoris en vous inscrivant \u00e0 <a href=\"https:\/\/moncompte.actu.fr\" title=\"D\u00e9couvez Mon Actu\" rel=\"nofollow noopener\" data-trk=\"{&quot;cta&quot;:{&quot;action&quot;:&quot;https:\\\/\\\/moncompte.actu.fr&quot;,&quot;category&quot;:&quot;mon compte&quot;,&quot;from&quot;:&quot;article footer&quot;,&quot;name&quot;:&quot;Mon actu&quot;,&quot;type&quot;:&quot;cta&quot;}}\" target=\"_blank\">Mon Actu<\/a>.<\/p>\n","protected":false},"excerpt":{"rendered":"Par Charlotte Lesprit Publi\u00e9 le 16 ao\u00fbt 2025 \u00e0 10h54 Les secours ont \u00e9t\u00e9 appel\u00e9s vendredi 15\u00a0ao\u00fbt, \u00e0&hellip;\n","protected":false},"author":2,"featured_media":322612,"comment_status":"","ping_status":"","sticky":false,"template":"","format":"standard","meta":{"footnotes":""},"categories":[2817],"tags":[1111,11,1997,1777,674,118,1011,27,1310,12,2219,1311,25],"class_list":{"0":"post-322611","1":"post","2":"type-post","3":"status-publish","4":"format-standard","5":"has-post-thumbnail","7":"category-bordeaux","8":"tag-actu","9":"tag-actualites","10":"tag-bordeaux","11":"tag-eu","12":"tag-europe","13":"tag-faits-divers","14":"tag-fr","15":"tag-france","16":"tag-incendie","17":"tag-news","18":"tag-nouvelle-aquitaine","19":"tag-pompiers","20":"tag-republique-francaise"},"share_on_mastodon":{"url":"https:\/\/pubeurope.com\/@fr\/115037778973381039","error":""},"_links":{"self":[{"href":"https:\/\/www.europesays.com\/fr\/wp-json\/wp\/v2\/posts\/322611","targetHints":{"allow":["GET"]}}],"collection":[{"href":"https:\/\/www.europesays.com\/fr\/wp-json\/wp\/v2\/posts"}],"about":[{"href":"https:\/\/www.europesays.com\/fr\/wp-json\/wp\/v2\/types\/post"}],"author":[{"embeddable":true,"href":"https:\/\/www.europesays.com\/fr\/wp-json\/wp\/v2\/users\/2"}],"replies":[{"embeddable":true,"href":"https:\/\/www.europesays.com\/fr\/wp-json\/wp\/v2\/comments?post=322611"}],"version-history":[{"count":0,"href":"https:\/\/www.europesays.com\/fr\/wp-json\/wp\/v2\/posts\/322611\/revisions"}],"wp:featuredmedia":[{"embeddable":true,"href":"https:\/\/www.europesays.com\/fr\/wp-json\/wp\/v2\/media\/322612"}],"wp:attachment":[{"href":"https:\/\/www.europesays.com\/fr\/wp-json\/wp\/v2\/media?parent=322611"}],"wp:term":[{"taxonomy":"category","embeddable":true,"href":"https:\/\/www.europesays.com\/fr\/wp-json\/wp\/v2\/categories?post=322611"},{"taxonomy":"post_tag","embeddable":true,"href":"https:\/\/www.europesays.com\/fr\/wp-json\/wp\/v2\/tags?post=322611"}],"curies":[{"name":"wp","href":"https:\/\/api.w.org\/{rel}","templated":true}]}}