{"id":322613,"date":"2025-08-16T09:39:15","date_gmt":"2025-08-16T09:39:15","guid":{"rendered":"https:\/\/www.europesays.com\/fr\/322613\/"},"modified":"2025-08-16T09:39:15","modified_gmt":"2025-08-16T09:39:15","slug":"gaetan-poussin-ex-girondins-signe-au-red-star-en-ligue-2","status":"publish","type":"post","link":"https:\/\/www.europesays.com\/fr\/322613\/","title":{"rendered":"Ga\u00ebtan Poussin (Ex-Girondins) signe au Red Star en Ligue 2"},"content":{"rendered":"<p>\n    16\/08 &#8211; 11:23 | Par la r\u00e9daction | Il y a<br \/>\n    16 minutes\n  <\/p>\n<p><strong>Apr\u00e8s deux saisons \u00e0 Saragosse en Liga 2, le gardien de but form\u00e9 aux Girondins de Bordeaux, Ga\u00ebtan Poussin (26 ans, 1,86m) s&rsquo;est engag\u00e9 avec le club de Ligue 2 du Red Star.<\/strong><\/p>\n<p><img decoding=\"async\" src=\"https:\/\/www.europesays.com\/fr\/wp-content\/uploads\/2025\/08\/671_201c14948906f857aebf126b59f0bdff.jpg\" alt=\"Ga\u00ebtan Poussin (Ex-Girondins) signe au Red Star en Ligue 2\" class=\"img-responsive mt-3\"\/><\/p>\n<p class=\"text-center mb-3\" style=\"font-size: 14px\">\u00a9 Iconsport<\/p>\n<p style=\"text-align: justify;\">Ga\u00ebtan Poussin retrouve le Championnat de France deux ans apr\u00e8s l&rsquo;avoir quitt\u00e9 avec les Girondins de Bordeaux.<\/p>\n<p style=\"text-align: justify;\">Il \u00e9voluera au Red Star en Ligue 2. Il \u00e9tait sous contrat avec Saragosse jusqu&rsquo;en 2026.<\/p>\n<p>Photo du compte Instagram du Red Star annon\u00e7ant sa signature ce samedi 16 ao\u00fbt :<\/p>\n<p><img decoding=\"async\" src=\"https:\/\/www.europesays.com\/fr\/wp-content\/uploads\/2025\/08\/poussin-red-star.png\" alt=\"poussin-red-star.png (3.48 MB)\" style=\"width:700px;max-width:100%;\"\/><\/p>\n<p>\u00a0<\/p>\n<p style=\"text-align: justify;\">\u00c0 lire &gt;&gt; <strong><a href=\"https:\/\/www.webgirondins.com\/actualite-girondins-exclusif-xavier-gravelaine-se-confie-sur-bordeaux-en-n2-et-le-match-face-aux-girondins-130050\" target=\"_blank\" rel=\"noopener\">Exclusif : Xavier Gravelaine se confie sur Bordeaux en N2 et le match face aux Girondins<\/a><\/strong><\/p>\n<p>Notre podcast court :<\/p>\n<p>    <a href=\"https:\/\/www.webgirondins.com\/actualites-categorie-transferts-1\" target=\"_blank\" rel=\"noopener\">#Transferts<\/a><\/p>\n<p>  COMMENTAIRES<br \/>\n  ()<\/p>\n","protected":false},"excerpt":{"rendered":"16\/08 &#8211; 11:23 | Par la r\u00e9daction | Il y a 16 minutes Apr\u00e8s deux saisons \u00e0 Saragosse&hellip;\n","protected":false},"author":2,"featured_media":322614,"comment_status":"","ping_status":"","sticky":false,"template":"","format":"standard","meta":{"footnotes":""},"categories":[2817],"tags":[1111,11,150,3396,1997,5244,4070,12708,1777,674,4988,1011,27,17875,8772,1987,453,3022,12,2219,46028,25,25726,46029,3789,974],"class_list":{"0":"post-322613","1":"post","2":"type-post","3":"status-publish","4":"format-standard","5":"has-post-thumbnail","7":"category-bordeaux","8":"tag-actu","9":"tag-actualites","10":"tag-apres","11":"tag-avec","12":"tag-bordeaux","13":"tag-club","14":"tag-deux","15":"tag-engage","16":"tag-eu","17":"tag-europe","18":"tag-forme","19":"tag-fr","20":"tag-france","21":"tag-gaetan","22":"tag-gardien","23":"tag-girondins","24":"tag-liga","25":"tag-ligue","26":"tag-news","27":"tag-nouvelle-aquitaine","28":"tag-poussin","29":"tag-republique-francaise","30":"tag-saisons","31":"tag-saragosse","32":"tag-signe","33":"tag-star"},"share_on_mastodon":{"url":"https:\/\/pubeurope.com\/@fr\/115037783208692883","error":""},"_links":{"self":[{"href":"https:\/\/www.europesays.com\/fr\/wp-json\/wp\/v2\/posts\/322613","targetHints":{"allow":["GET"]}}],"collection":[{"href":"https:\/\/www.europesays.com\/fr\/wp-json\/wp\/v2\/posts"}],"about":[{"href":"https:\/\/www.europesays.com\/fr\/wp-json\/wp\/v2\/types\/post"}],"author":[{"embeddable":true,"href":"https:\/\/www.europesays.com\/fr\/wp-json\/wp\/v2\/users\/2"}],"replies":[{"embeddable":true,"href":"https:\/\/www.europesays.com\/fr\/wp-json\/wp\/v2\/comments?post=322613"}],"version-history":[{"count":0,"href":"https:\/\/www.europesays.com\/fr\/wp-json\/wp\/v2\/posts\/322613\/revisions"}],"wp:featuredmedia":[{"embeddable":true,"href":"https:\/\/www.europesays.com\/fr\/wp-json\/wp\/v2\/media\/322614"}],"wp:attachment":[{"href":"https:\/\/www.europesays.com\/fr\/wp-json\/wp\/v2\/media?parent=322613"}],"wp:term":[{"taxonomy":"category","embeddable":true,"href":"https:\/\/www.europesays.com\/fr\/wp-json\/wp\/v2\/categories?post=322613"},{"taxonomy":"post_tag","embeddable":true,"href":"https:\/\/www.europesays.com\/fr\/wp-json\/wp\/v2\/tags?post=322613"}],"curies":[{"name":"wp","href":"https:\/\/api.w.org\/{rel}","templated":true}]}}