{"id":322617,"date":"2025-08-16T09:41:15","date_gmt":"2025-08-16T09:41:15","guid":{"rendered":"https:\/\/www.europesays.com\/fr\/322617\/"},"modified":"2025-08-16T09:41:15","modified_gmt":"2025-08-16T09:41:15","slug":"cest-tout-simplement-historique-les-jours-de-canicule-senchainent-a-toulouse-a-quand-la-fin","status":"publish","type":"post","link":"https:\/\/www.europesays.com\/fr\/322617\/","title":{"rendered":"\u00ab\u00a0C&rsquo;est tout simplement historique\u00a0\u00bb. Les jours de canicule s&rsquo;encha\u00eenent \u00e0 Toulouse : \u00e0 quand la fin\u00a0?"},"content":{"rendered":"<p>            Par<br \/>\n        <strong><br \/>\n            <a href=\"https:\/\/actu.fr\/auteur\/marie-lamarque\" title=\"Consulter tous les articles de Marie Lamarque\" target=\"_blank\" rel=\"noopener\">Marie Lamarque<\/a><br \/>\n        <\/strong><\/p>\n<p>        Publi\u00e9 le<\/p>\n<p>            16 ao\u00fbt 2025 \u00e0 11h22        <\/p>\n<p>Elle s\u2019annon\u00e7ait comme <a href=\"https:\/\/actu.fr\/occitanie\/toulouse_31555\/les-temperatures-montent-en-fleche-a-toulouse-doit-on-s-attendre-a-une-canicule-interminable_63003910.html\" target=\"_blank\" rel=\"noopener\">une canicule interminable<\/a>, et cela semble bien se v\u00e9rifier. Depuis le jeudi 7 ao\u00fbt 2025, la Haute-Garonne, et notamment <a href=\"https:\/\/actu.fr\/toulouse\/\" target=\"_blank\" rel=\"noopener\">Toulouse<\/a>, suffoque sous des chaleurs qui semblent sans fin. Ce samedi encore, le d\u00e9partement est class\u00e9 <strong>en vigilance orange<\/strong>, apr\u00e8s avoir \u00e9t\u00e9 <a href=\"https:\/\/actu.fr\/occitanie\/toulouse_31555\/alerte-rouge-canicule-a-toulouse-et-dans-la-moitie-de-l-occitanie-a-quoi-s-attendre-ce-lundi_63020133.html\" target=\"_blank\" rel=\"noopener\">en rouge lundi dernier<\/a>.<\/p>\n<p class=\" wall-content\">La Ville rose a connu <a href=\"https:\/\/actu.fr\/occitanie\/toulouse_31555\/l-une-des-journees-les-plus-chaudes-de-l-histoire-a-toulouse-quels-sont-les-records-meteo_63025825.html\" target=\"_blank\" rel=\"noopener\">des journ\u00e9es de chaleur presque record<\/a>, notamment le 11 ao\u00fbt, avec <strong>41,8\u00b0C<\/strong> enregistr\u00e9s au sein de la station m\u00e9t\u00e9o de Toulouse-Francazal. Mais ce qui interpelle davantage les m\u00e9t\u00e9orologistes, c\u2019est la dur\u00e9e de cet \u00e9pisode caniculaire. <strong>Pascal Boureau<\/strong>, pr\u00e9visionniste m\u00e9t\u00e9o, parle d\u2019une situation \u00ab\u00a0tout simplement historique\u00a0\u00bb.<\/p>\n<p>Trois jours au-dessus de 40\u00b0C<\/p>\n<p class=\" wall-content\">Ancien pr\u00e9visionniste chez M\u00e9t\u00e9o-France, Pascal Boureau note<strong> trois jours cons\u00e9cutifs de tr\u00e8s fortes chaleurs<\/strong> enregistr\u00e9es au sein de la station de Toulouse-Francazal, \u00ab\u00a0la plus ancienne\u00a0\u00bb de la Ville rose, pr\u00e9cise-t-il.<\/p>\n<p class=\" wall-content\">Entre le lundi 11 et le mercredi 13 ao\u00fbt, les temp\u00e9ratures maximales ont d\u00e9pass\u00e9 les 40\u00b0C avec :<\/p>\n<ul class=\" wall-content\">\n<li>41,8\u00b0C lundi ;<\/li>\n<li>40,6\u00b0C mardi ;<\/li>\n<li>40,1\u00b0C mercredi.<\/li>\n<\/ul>\n<p>Vid\u00e9os : en ce moment sur Actu<\/p>\n<p class=\" wall-content\"><strong>C\u2019est \u00ab\u00a0tout simplement historique\u00a0\u00bb<\/strong>, rel\u00e8ve Pascal Boureau.<\/p>\n<p class=\" wall-content\">\n<p>Une moyenne des temp\u00e9ratures maximales \u00e0 35,2\u00b0C<\/p>\n<p class=\" wall-content\">En ce week-end prolong\u00e9 du 15 ao\u00fbt, le pr\u00e9visionniste fait le bilan. \u00c0 la mi-ao\u00fbt, <strong>la moyenne s\u2019\u00e9l\u00e8ve \u00e0 35,2\u00b0C<\/strong> pour les maximales, \u00ab\u00a0soit pr\u00e8s de sept degr\u00e9s au-dessus de la normale des 30 derni\u00e8res ann\u00e9es\u00a0\u00bb, indique-t-il.<\/p>\n<p class=\" wall-content\">Beaucoup ont encore en m\u00e9moire <strong>la c\u00e9l\u00e8bre canicule de 2003<\/strong> o\u00f9, ici, la moyenne avait \u00e9t\u00e9 tout de m\u00eame sup\u00e9rieure, s\u2019\u00e9levant <strong>\u00e0 \u00ab\u00a037,2\u00b0C\u00a0\u00bb<\/strong>.\u00a0<\/p>\n<p class=\" wall-content\">\n<p>\u00c0 quand la fin de la canicule \u00e0 Toulouse ?<\/p>\n<p class=\" wall-content\">Comment de temps pourrait encore durer cette canicule \u00e0 Toulouse ? La Cha\u00eene M\u00e9t\u00e9o rappelle que <strong>le record en jours de chaleur cumul\u00e9s dans la Ville rose remonte \u00e0 ao\u00fbt 2003<\/strong>, avec <strong>12 jours d\u2019affil\u00e9e<\/strong>.<\/p>\n<p class=\" wall-content\">Et elle souligne que ce que l\u2019on qualifie de \u00ab\u00a0jour de tr\u00e8s forte chaleur\u00a0\u00bb est une journ\u00e9e o\u00f9 <strong>la temp\u00e9rature maximale atteint ou d\u00e9passe les 35\u00b0C<\/strong>.\u00a0<\/p>\n<p class=\" wall-content\">\n<p>Vers un nouveau record ?<\/p>\n<p class=\" wall-content\">Dans la Ville rose, ce record pourrait donc \u00eatre battu si on en croit les pr\u00e9visions de M\u00e9t\u00e9o-France pour les jours \u00e0 venir. Car les temp\u00e9ratures ne devraient significativement pas redescendre <strong>avant mardi prochain<\/strong>, avec l\u2019arriv\u00e9e de possibles orages, et des maximales \u00e0 29\u00b0C.<\/p>\n<p class=\" wall-content\">Il faudra encore faire preuve d\u2019un peu de patience pour pouvoir \u00e0 nouveau respirer dans la capitale occitane.<\/p>\n<p>    <img   decoding=\"async\" loading=\"lazy\" src=\"https:\/\/www.europesays.com\/fr\/wp-content\/uploads\/2025\/08\/toulouse-record-chaleur-meteo-960x640.png\" alt=\"Les pr\u00e9visions pour les prochains jours \u00e0 Toulouse.\" width=\"960\" height=\"640\"\/><br \/>\n    Les pr\u00e9visions pour les prochains jours \u00e0 Toulouse. (\u00a9Capture d\u2019\u00e9cran \/ M\u00e9t\u00e9o-France)<\/p>\n<p class=\" wall-content\">Suivez toute l\u2019actualit\u00e9 de vos villes et m\u00e9dias favoris en vous inscrivant \u00e0 <a href=\"https:\/\/moncompte.actu.fr\" title=\"D\u00e9couvez Mon Actu\" rel=\"nofollow noopener\" data-trk=\"{&quot;cta&quot;:{&quot;action&quot;:&quot;https:\\\/\\\/moncompte.actu.fr&quot;,&quot;category&quot;:&quot;mon compte&quot;,&quot;from&quot;:&quot;article footer&quot;,&quot;name&quot;:&quot;Mon actu&quot;,&quot;type&quot;:&quot;cta&quot;}}\" target=\"_blank\">Mon Actu<\/a>.<\/p>\n","protected":false},"excerpt":{"rendered":"Par Marie Lamarque Publi\u00e9 le 16 ao\u00fbt 2025 \u00e0 11h22 Elle s\u2019annon\u00e7ait comme une canicule interminable, et cela&hellip;\n","protected":false},"author":2,"featured_media":322618,"comment_status":"","ping_status":"","sticky":false,"template":"","format":"standard","meta":{"footnotes":""},"categories":[2816],"tags":[1111,11,6698,1777,674,1011,27,2487,2357,12,2680,25,2312],"class_list":{"0":"post-322617","1":"post","2":"type-post","3":"status-publish","4":"format-standard","5":"has-post-thumbnail","7":"category-toulouse","8":"tag-actu","9":"tag-actualites","10":"tag-canicule","11":"tag-eu","12":"tag-europe","13":"tag-fr","14":"tag-france","15":"tag-meteo","16":"tag-meteo-france","17":"tag-news","18":"tag-occitanie","19":"tag-republique-francaise","20":"tag-toulouse"},"share_on_mastodon":{"url":"https:\/\/pubeurope.com\/@fr\/115037790791121192","error":""},"_links":{"self":[{"href":"https:\/\/www.europesays.com\/fr\/wp-json\/wp\/v2\/posts\/322617","targetHints":{"allow":["GET"]}}],"collection":[{"href":"https:\/\/www.europesays.com\/fr\/wp-json\/wp\/v2\/posts"}],"about":[{"href":"https:\/\/www.europesays.com\/fr\/wp-json\/wp\/v2\/types\/post"}],"author":[{"embeddable":true,"href":"https:\/\/www.europesays.com\/fr\/wp-json\/wp\/v2\/users\/2"}],"replies":[{"embeddable":true,"href":"https:\/\/www.europesays.com\/fr\/wp-json\/wp\/v2\/comments?post=322617"}],"version-history":[{"count":0,"href":"https:\/\/www.europesays.com\/fr\/wp-json\/wp\/v2\/posts\/322617\/revisions"}],"wp:featuredmedia":[{"embeddable":true,"href":"https:\/\/www.europesays.com\/fr\/wp-json\/wp\/v2\/media\/322618"}],"wp:attachment":[{"href":"https:\/\/www.europesays.com\/fr\/wp-json\/wp\/v2\/media?parent=322617"}],"wp:term":[{"taxonomy":"category","embeddable":true,"href":"https:\/\/www.europesays.com\/fr\/wp-json\/wp\/v2\/categories?post=322617"},{"taxonomy":"post_tag","embeddable":true,"href":"https:\/\/www.europesays.com\/fr\/wp-json\/wp\/v2\/tags?post=322617"}],"curies":[{"name":"wp","href":"https:\/\/api.w.org\/{rel}","templated":true}]}}