{"id":322619,"date":"2025-08-16T09:43:10","date_gmt":"2025-08-16T09:43:10","guid":{"rendered":"https:\/\/www.europesays.com\/fr\/322619\/"},"modified":"2025-08-16T09:43:10","modified_gmt":"2025-08-16T09:43:10","slug":"un-clandestin-moldave-seme-le-chaos-dans-une-residence","status":"publish","type":"post","link":"https:\/\/www.europesays.com\/fr\/322619\/","title":{"rendered":"un clandestin moldave s\u00e8me le chaos dans une r\u00e9sidence"},"content":{"rendered":"<p>Un migrant sans domicile fixe, originaire de Moldavie, s\u2019\u00e9tait install\u00e9 dans un bosquet d\u2019arbres de la propri\u00e9t\u00e9 situ\u00e9e dans l\u2019impasse Saint-Ruth. L\u2019individu en situation irr\u00e9guli\u00e8re sur le territoire fran\u00e7ais provoquait de graves nuisances depuis le d\u00e9but du mois de juin.<\/p>\n<p>\u00ab\u00a0Il se prom\u00e8ne parfois nu ou travesti\u00a0\u00bb, racontait une habitante \u00e0 <a href=\"https:\/\/www.lavoixdunord.fr\/1611480\/article\/2025-07-31\/si-je-veux-je-t-egorge-lille-une-residence-s-inquiete-d-un-inconnu-installe-dans\" target=\"_blank\" rel=\"nofollow noopener\">La Voix du Nord<\/a> fin juillet. L\u2019int\u00e9ress\u00e9 est aussi d\u00e9j\u00e0 \u00ab\u00a0sorti des arbres en tenue de commando et avec une cagoule\u00a0\u00bb, faisant peur \u00e0 un voisin qui passait. \u00ab\u00a0Il fait les poubelles, casse tout, l\u2019endroit o\u00f9 il vit est tr\u00e8s insalubre\u00a0\u00bb, racontait la femme.<\/p>\n<p>    La suite apr\u00e8s cette publicit\u00e9<\/p>\n<p>Menace d\u2019\u00e9gorgement<\/p>\n<p>Pire, cet individu visiblement instable a d\u00e9j\u00e0 menac\u00e9 d\u2019\u00ab\u00a0\u00e9gorger\u00a0\u00bb une voisine de 21\u00a0ans, dont la fen\u00eatre donnait directement sur le bosquet squatt\u00e9 par le migrant. Une plainte avait \u00e9t\u00e9 d\u00e9pos\u00e9e par la victime, ainsi qu\u2019une autre par le syndic de l\u2019immeuble.<\/p>\n<p>    La suite apr\u00e8s cette publicit\u00e9<\/p>\n<p>Les habitants avaient lanc\u00e9 un cri d\u2019alarme aux autorit\u00e9s face \u00e0 la pr\u00e9sence de cet homme virulent. Le 1er\u00a0ao\u00fbt, l\u2019individu a \u00e9t\u00e9 contraint de quitter les lieux. Il a \u00e9t\u00e9 interpell\u00e9 pour troubles \u00e0 l\u2019ordre public par une brigade sp\u00e9cialis\u00e9e de terrain de Lille (BST), accompagn\u00e9e de la police aux fronti\u00e8res, rapporte <a href=\"https:\/\/www.lavoixdunord.fr\/1615519\/article\/2025-08-15\/lille-le-moldave-qui-terrorisait-une-residence-du-vieux-lille-est-en-retention\" target=\"_blank\" rel=\"nofollow noopener\">La Voix du Nord<\/a>. Le clandestin a \u00e9t\u00e9 plac\u00e9 dans un centre de r\u00e9tention administrative, o\u00f9 il doit rester jusqu\u2019\u00e0 la fin du mois d\u2019ao\u00fbt.<\/p>\n<p>L\u2019individu a laiss\u00e9 derri\u00e8re lui son campement de fortune, qui causait de graves probl\u00e8mes sanitaires. Pour le d\u00e9manteler, des agents de la ville ont \u00e9t\u00e9 contraints de porter des \u00e9quipements sp\u00e9ciaux. Ils ont retir\u00e9 au total de trois bennes de d\u00e9tritus. Les habitants souhaitent d\u00e9sormais entreprendre des travaux pour cl\u00f4turer l\u2019acc\u00e8s au bosquet r\u00e9cemment occup\u00e9, et \u00e9viter toute r\u00e9cidive.<\/p>\n","protected":false},"excerpt":{"rendered":"Un migrant sans domicile fixe, originaire de Moldavie, s\u2019\u00e9tait install\u00e9 dans un bosquet d\u2019arbres de la propri\u00e9t\u00e9 situ\u00e9e&hellip;\n","protected":false},"author":2,"featured_media":322620,"comment_status":"","ping_status":"","sticky":false,"template":"","format":"standard","meta":{"footnotes":""},"categories":[2815],"tags":[1111,11,1777,674,1011,27,811,1307,12,25],"class_list":{"0":"post-322619","1":"post","2":"type-post","3":"status-publish","4":"format-standard","5":"has-post-thumbnail","7":"category-lille","8":"tag-actu","9":"tag-actualites","10":"tag-eu","11":"tag-europe","12":"tag-fr","13":"tag-france","14":"tag-hauts-de-france","15":"tag-lille","16":"tag-news","17":"tag-republique-francaise"},"share_on_mastodon":{"url":"https:\/\/pubeurope.com\/@fr\/115037798653219579","error":""},"_links":{"self":[{"href":"https:\/\/www.europesays.com\/fr\/wp-json\/wp\/v2\/posts\/322619","targetHints":{"allow":["GET"]}}],"collection":[{"href":"https:\/\/www.europesays.com\/fr\/wp-json\/wp\/v2\/posts"}],"about":[{"href":"https:\/\/www.europesays.com\/fr\/wp-json\/wp\/v2\/types\/post"}],"author":[{"embeddable":true,"href":"https:\/\/www.europesays.com\/fr\/wp-json\/wp\/v2\/users\/2"}],"replies":[{"embeddable":true,"href":"https:\/\/www.europesays.com\/fr\/wp-json\/wp\/v2\/comments?post=322619"}],"version-history":[{"count":0,"href":"https:\/\/www.europesays.com\/fr\/wp-json\/wp\/v2\/posts\/322619\/revisions"}],"wp:featuredmedia":[{"embeddable":true,"href":"https:\/\/www.europesays.com\/fr\/wp-json\/wp\/v2\/media\/322620"}],"wp:attachment":[{"href":"https:\/\/www.europesays.com\/fr\/wp-json\/wp\/v2\/media?parent=322619"}],"wp:term":[{"taxonomy":"category","embeddable":true,"href":"https:\/\/www.europesays.com\/fr\/wp-json\/wp\/v2\/categories?post=322619"},{"taxonomy":"post_tag","embeddable":true,"href":"https:\/\/www.europesays.com\/fr\/wp-json\/wp\/v2\/tags?post=322619"}],"curies":[{"name":"wp","href":"https:\/\/api.w.org\/{rel}","templated":true}]}}