{"id":322621,"date":"2025-08-16T09:44:30","date_gmt":"2025-08-16T09:44:30","guid":{"rendered":"https:\/\/www.europesays.com\/fr\/322621\/"},"modified":"2025-08-16T09:44:30","modified_gmt":"2025-08-16T09:44:30","slug":"pres-de-marseille-une-fillette-entre-la-vie-et-la-mort-apres-une-noyade-cette-piscine-fermee-durgence","status":"publish","type":"post","link":"https:\/\/www.europesays.com\/fr\/322621\/","title":{"rendered":"Pr\u00e8s de Marseille. Une fillette entre la vie et la mort apr\u00e8s une noyade, cette piscine ferm\u00e9e d&rsquo;urgence"},"content":{"rendered":"<p>            Par<br \/>\n        <strong><br \/>\n            <a href=\"https:\/\/actu.fr\/auteur\/thibault-nadal-actu-fr\" title=\"Consulter tous les articles de Thibault Nadal\" rel=\"nofollow noopener\" target=\"_blank\">Thibault Nadal<\/a><br \/>\n        <\/strong><\/p>\n<p>        Publi\u00e9 le<\/p>\n<p>            12 ao\u00fbt 2025 \u00e0 11h35        <\/p>\n<p>Un drame \u00e9vit\u00e9 de justesse. Ce lundi 11\u00a0ao\u00fbt 2025, alors que de nombreux enfants profitaient des bassins de la piscine Raymond Bochet \u00e0 <a href=\"https:\/\/actu.fr\/provence-alpes-cote-d-azur\/aix-en-provence_13001\" rel=\"nofollow noopener\" target=\"_blank\">Aix-en-Provence<\/a> (<a href=\"https:\/\/actu.fr\/provence-alpes-cote-d-azur\/bouches-du-rhone_13\" rel=\"nofollow noopener\" target=\"_blank\">Bouches-du-Rh\u00f4ne<\/a>), une fillette de 4\u00a0ans a <strong>\u00e9chapp\u00e9 de peu \u00e0 une noyade mortelle<\/strong>, r\u00e9v\u00e8le la ville dans un communiqu\u00e9 transmis \u00e0 notre r\u00e9daction.<\/p>\n<p class=\" wall-content\">L\u2019enfant a \u00e9t\u00e9 transport\u00e9e d\u2019urgence \u00e0 l\u2019h\u00f4pital de <a href=\"https:\/\/actu.fr\/tag\/la-timone\" rel=\"nofollow noopener\" target=\"_blank\">La Timone<\/a> \u00e0 <a href=\"https:\/\/actu.fr\/marseille\/\" rel=\"nofollow noopener\" target=\"_blank\">Marseille<\/a>.<\/p>\n<p class=\" wall-content\">Elle se trouve dans un \u00e9tat grave.<\/p>\n<p>Une enqu\u00eate administrative d\u00e9clench\u00e9e<\/p>\n<p class=\" wall-content\">Dans son communiqu\u00e9, la municipalit\u00e9 pr\u00e9cise que les faits sont survenus vers 17h ce lundi. \u00ab\u2009Une fillette de 4\u00a0ans a \u00e9t\u00e9 <strong>victime d\u2019un \u2018d\u00e9but de noyade\u2019<\/strong> \u00e0 la piscine Raymond Bochet.\u2009\u00bb<\/p>\n<p>    <a href=\"https:\/\/www.google.com\/maps\/embed?pb=!1m18!1m12!1m3!1d3559.6066743168444!2d5.420280476625178!3d43.52555546067651!2m3!1f0!2f0!3f0!3m2!1i1024!2i768!4f13.1!3m3!1m2!1s0x12c98d6db1ccc6e7%3A0x1a6261a331f651!2sPiscine%20Raymond%20Bochet!5e1!3m2!1sfr!2sfr!4v1754990661955!5m2!1sfr!2sfr\" title=\"Ouvrie le lien\" rel=\"nofollow noopener\" target=\"_blank\">Cliquez ici pour visualiser le contenu<\/a><\/p>\n<p class=\" wall-content\">La maire (Parti radical) d\u2019Aix-en-Provence, Sophie Joissains, a indiqu\u00e9 \u00eatre \u00ab\u2009profond\u00e9ment boulevers\u00e9e par cet accident\u2009\u00bb.<\/p>\n<p class=\" wall-content\">Elle explique avoir \u00ab\u2009ordonn\u00e9 le d\u00e9clenchement d\u2019une enqu\u00eate administrative et <strong>la fermeture imm\u00e9diate de l\u2019\u00e9tablissement<\/strong> afin de faire toute la lumi\u00e8re sur les circonstances du drame\u2009\u00bb.<\/p>\n<p class=\" wall-content\">Suivez toute l\u2019actualit\u00e9 de vos villes et m\u00e9dias favoris en vous inscrivant \u00e0 <a href=\"https:\/\/moncompte.actu.fr\" title=\"D\u00e9couvez Mon Actu\" rel=\"nofollow noopener\" data-trk=\"{&quot;cta&quot;:{&quot;action&quot;:&quot;https:\\\/\\\/moncompte.actu.fr&quot;,&quot;category&quot;:&quot;mon compte&quot;,&quot;from&quot;:&quot;article footer&quot;,&quot;name&quot;:&quot;Mon actu&quot;,&quot;type&quot;:&quot;cta&quot;}}\" target=\"_blank\">Mon Actu<\/a>.<\/p>\n","protected":false},"excerpt":{"rendered":"Par Thibault Nadal Publi\u00e9 le 12 ao\u00fbt 2025 \u00e0 11h35 Un drame \u00e9vit\u00e9 de justesse. Ce lundi 11\u00a0ao\u00fbt&hellip;\n","protected":false},"author":2,"featured_media":322622,"comment_status":"","ping_status":"","sticky":false,"template":"","format":"standard","meta":{"footnotes":""},"categories":[2814],"tags":[119,1111,11,1777,674,118,1011,27,1184,884,12,882,25],"class_list":{"0":"post-322621","1":"post","2":"type-post","3":"status-publish","4":"format-standard","5":"has-post-thumbnail","7":"category-marseille","8":"tag-accident","9":"tag-actu","10":"tag-actualites","11":"tag-eu","12":"tag-europe","13":"tag-faits-divers","14":"tag-fr","15":"tag-france","16":"tag-la-timone","17":"tag-marseille","18":"tag-news","19":"tag-provence-alpes-cote-dazur","20":"tag-republique-francaise"},"share_on_mastodon":{"url":"https:\/\/pubeurope.com\/@fr\/115037802627929142","error":""},"_links":{"self":[{"href":"https:\/\/www.europesays.com\/fr\/wp-json\/wp\/v2\/posts\/322621","targetHints":{"allow":["GET"]}}],"collection":[{"href":"https:\/\/www.europesays.com\/fr\/wp-json\/wp\/v2\/posts"}],"about":[{"href":"https:\/\/www.europesays.com\/fr\/wp-json\/wp\/v2\/types\/post"}],"author":[{"embeddable":true,"href":"https:\/\/www.europesays.com\/fr\/wp-json\/wp\/v2\/users\/2"}],"replies":[{"embeddable":true,"href":"https:\/\/www.europesays.com\/fr\/wp-json\/wp\/v2\/comments?post=322621"}],"version-history":[{"count":0,"href":"https:\/\/www.europesays.com\/fr\/wp-json\/wp\/v2\/posts\/322621\/revisions"}],"wp:featuredmedia":[{"embeddable":true,"href":"https:\/\/www.europesays.com\/fr\/wp-json\/wp\/v2\/media\/322622"}],"wp:attachment":[{"href":"https:\/\/www.europesays.com\/fr\/wp-json\/wp\/v2\/media?parent=322621"}],"wp:term":[{"taxonomy":"category","embeddable":true,"href":"https:\/\/www.europesays.com\/fr\/wp-json\/wp\/v2\/categories?post=322621"},{"taxonomy":"post_tag","embeddable":true,"href":"https:\/\/www.europesays.com\/fr\/wp-json\/wp\/v2\/tags?post=322621"}],"curies":[{"name":"wp","href":"https:\/\/api.w.org\/{rel}","templated":true}]}}