{"id":322623,"date":"2025-08-16T09:45:10","date_gmt":"2025-08-16T09:45:10","guid":{"rendered":"https:\/\/www.europesays.com\/fr\/322623\/"},"modified":"2025-08-16T09:45:10","modified_gmt":"2025-08-16T09:45:10","slug":"dupraz-regrette-les-faiblesses-defensives-de-lom-contre-rennes","status":"publish","type":"post","link":"https:\/\/www.europesays.com\/fr\/322623\/","title":{"rendered":"Dupraz regrette les faiblesses d\u00e9fensives de l&rsquo;OM contre Rennes"},"content":{"rendered":"<p>Au lendemain de la d\u00e9faite inaugurale des Marseillais \u00e0 Rennes (1-0), Pascal Dupraz a tent\u00e9 d&rsquo;analyser les raisons du surprenant revers olympien, eu \u00e9gard \u00e0 l&rsquo;exclusion d&rsquo;Abdelhamid A\u00eft Boudlal d\u00e8s la demi-heure. Le consultant estime sur RMC que la sup\u00e9riorit\u00e9 num\u00e9rique a \u00ab\u00a0desservi\u00a0\u00bb les joueurs de Roberto De Zerbi.<\/p>\n<p>\u00ab\u00a0Je suis certain que si le match se d\u00e9roule \u00e0 onze contre onze, Marseille gagne.\u00a0\u00bb Dans les Grandes Gueules du Sport sur RMC, Pascal Dupraz se montre cat\u00e9gorique. L&rsquo;ancien entra\u00eeneur et consultant pour RMC Sport estime que <a href=\"https:\/\/rmcsport.bfmtv.com\/football\/ligue-1\/rennes-om-aubameyang-a-la-defaite-amere-apres-une-deuxieme-periode-trop-a-l-aise_AV-202508160066.html\" title=\"Rennes-OM: Aubameyang a la d\u00e9faite &quot;am\u00e8re&quot; apr\u00e8s une deuxi\u00e8me p\u00e9riode &quot;trop \u00e0 l&#039;aise&quot;\" class=\"internal_link\" rel=\"nofollow noopener\" target=\"_blank\">le sc\u00e9nario de Rennes-OM (1-0)<\/a>, et <a href=\"https:\/\/rmcsport.bfmtv.com\/football\/ligue-1\/rennes-om-le-premier-carton-rouge-de-la-saison-est-rennais-apres-une-vilaine-semelle-sur-murillo_AV-202508150445.html\" title=\"Rennes-OM: le premier carton rouge de la saison est rennais apr\u00e8s une vilaine semelle sur Murillo\" class=\"internal_link\" rel=\"nofollow noopener\" target=\"_blank\">l&rsquo;exclusion d&rsquo;un Breton t\u00f4t dans le match<\/a>, a curieusement \u00ab\u00a0desservi les Marseillais plus que les Rennais\u00a0\u00bb.<\/p>\n<p>&gt;&gt; <strong><a href=\"https:\/\/rmcsport.bfmtv.com\/football\/ligue-1\/direct-rennes-marseille-suivez-en-live-le-premier-match-de-la-saison-2025-2026-de-ligue-1_LS-202508150325.html\" title=\"Ligue 1: \u00c0 10 contre 11, Rennes arrache la victoire face \u00e0 Marseille au bout du temps r\u00e9glementaire\" class=\"internal_link\" rel=\"nofollow noopener\" target=\"_blank\">Revivez la d\u00e9faite de l&rsquo;OM \u00e0 Rennes<\/a><\/strong><\/p>\n<p>\u00ab\u00a0Quand je commente le couac marseillais, il faut aussi reconna\u00eetre la victoire des Rennais et surtout leur plan de jeu simpliste d\u00e8s le d\u00e9part \u00e0 11 contre 11\u00a0\u00bb, amorce-t-il. \u00ab\u00a0Avec la volont\u00e9 d&rsquo;abandonner le ballon et la construction du jeu \u00e0 l&rsquo;OM, et puis de faire mal en contre. Ils l&rsquo;ont fait \u00e0 11 contre 11, et puis ils l&rsquo;ont encore fait \u00e0 10 contre 11.\u00a0\u00bb<\/p>\n<p>\u00ab\u00a0De Zerbi \u00e9tait \u00e9c\u0153ur\u00e9 d&rsquo;avoir pris un but pareil\u00a0\u00bb<\/p>\n<p>Avant de regretter les larges d\u00e9fensives olympiennes, surtout sur le but de Ludovic Blas, servi \u00e0 la limite du hors-jeu par Quentin Merlin. \u00ab\u00a0Ils sont all\u00e9s, comme d&rsquo;habitude, chercher tr\u00e8s haut\u00a0\u00bb, analyse-t-il. \u00ab\u00a0Ce qui me g\u00e8ne, c&rsquo;est la propension \u00e0 prendre des buts incroyables. <a href=\"https:\/\/rmcsport.bfmtv.com\/football\/clubs\/olympique-marseille\/rennes-om-si-on-veut-etre-une-grande-equipe-on-doit-faire-plus-la-colere-froide-de-de-zerbi-contre-les-joueurs-marseillais_AV-202508150480.html\" title=\"Rennes-OM: &quot;Si on veut \u00eatre une grande \u00e9quipe, on doit faire plus&quot;, la col\u00e8re froide de De Zerbi contre les joueurs marseillais\" class=\"internal_link\" rel=\"nofollow noopener\" target=\"_blank\">De Zerbi \u00e9tait \u00e9c\u0153ur\u00e9 d&rsquo;avoir pris un but pareil<\/a> \u00e0 la fin du match. (&#8230;) C&rsquo;est alarmant.\u00a0\u00bb<\/p>\n<p>S&rsquo;il peste contre ce but \u00ab\u00a0offert\u00a0\u00bb aux Rennais, l&rsquo;ex-coach de Ligue 1 trouve toutefois une circonstance att\u00e9nuante au secteur d\u00e9fensif olympien: l&rsquo;absence de <a href=\"https:\/\/rmcsport.bfmtv.com\/football\/ligue-1\/om-sur-le-terrain-je-suis-un-fils-de-p-te-medina-lache-son-plus-gros-defaut_AV-202507100235.html\" title=\"OM: &quot;Sur le terrain? Je suis un fils de p*te&quot;, Medina l\u00e2che son plus gros d\u00e9faut\" class=\"internal_link\" rel=\"nofollow noopener\" target=\"_blank\">Facundo Medina<\/a>, suspendu pour la rencontre. \u00ab\u00a0Quand ils l&rsquo;ont pris (\u00e0 Lens), c&rsquo;est aussi pour r\u00e9gler les probl\u00e8mes d\u00e9fensifs parce que c&rsquo;est un vrai d\u00e9fenseur et un vrai leader. Donc on va attendre aussi le fait que Medina soit de retour. C&rsquo;est inacceptable. (&#8230;) C&rsquo;est le fait d&rsquo;une \u00e9quipe qui est frustr\u00e9e de ne pas gagner et qui en oublie les fondamentaux d\u00e9fensifs.\u00a0\u00bb<\/p>\n<p>Romain Daveau Journaliste RMC Sport<\/p>\n","protected":false},"excerpt":{"rendered":"Au lendemain de la d\u00e9faite inaugurale des Marseillais \u00e0 Rennes (1-0), Pascal Dupraz a tent\u00e9 d&rsquo;analyser les raisons&hellip;\n","protected":false},"author":2,"featured_media":322624,"comment_status":"","ping_status":"","sticky":false,"template":"","format":"standard","meta":{"footnotes":""},"categories":[2814],"tags":[1111,11,1777,674,1011,27,884,12,882,25],"class_list":{"0":"post-322623","1":"post","2":"type-post","3":"status-publish","4":"format-standard","5":"has-post-thumbnail","7":"category-marseille","8":"tag-actu","9":"tag-actualites","10":"tag-eu","11":"tag-europe","12":"tag-fr","13":"tag-france","14":"tag-marseille","15":"tag-news","16":"tag-provence-alpes-cote-dazur","17":"tag-republique-francaise"},"share_on_mastodon":{"url":"https:\/\/pubeurope.com\/@fr\/115037806486908073","error":""},"_links":{"self":[{"href":"https:\/\/www.europesays.com\/fr\/wp-json\/wp\/v2\/posts\/322623","targetHints":{"allow":["GET"]}}],"collection":[{"href":"https:\/\/www.europesays.com\/fr\/wp-json\/wp\/v2\/posts"}],"about":[{"href":"https:\/\/www.europesays.com\/fr\/wp-json\/wp\/v2\/types\/post"}],"author":[{"embeddable":true,"href":"https:\/\/www.europesays.com\/fr\/wp-json\/wp\/v2\/users\/2"}],"replies":[{"embeddable":true,"href":"https:\/\/www.europesays.com\/fr\/wp-json\/wp\/v2\/comments?post=322623"}],"version-history":[{"count":0,"href":"https:\/\/www.europesays.com\/fr\/wp-json\/wp\/v2\/posts\/322623\/revisions"}],"wp:featuredmedia":[{"embeddable":true,"href":"https:\/\/www.europesays.com\/fr\/wp-json\/wp\/v2\/media\/322624"}],"wp:attachment":[{"href":"https:\/\/www.europesays.com\/fr\/wp-json\/wp\/v2\/media?parent=322623"}],"wp:term":[{"taxonomy":"category","embeddable":true,"href":"https:\/\/www.europesays.com\/fr\/wp-json\/wp\/v2\/categories?post=322623"},{"taxonomy":"post_tag","embeddable":true,"href":"https:\/\/www.europesays.com\/fr\/wp-json\/wp\/v2\/tags?post=322623"}],"curies":[{"name":"wp","href":"https:\/\/api.w.org\/{rel}","templated":true}]}}