{"id":322625,"date":"2025-08-16T09:46:09","date_gmt":"2025-08-16T09:46:09","guid":{"rendered":"https:\/\/www.europesays.com\/fr\/322625\/"},"modified":"2025-08-16T09:46:09","modified_gmt":"2025-08-16T09:46:09","slug":"un-megot-jete-par-un-automobiliste-a-lorigine-de-lincendie","status":"publish","type":"post","link":"https:\/\/www.europesays.com\/fr\/322625\/","title":{"rendered":"un m\u00e9got jet\u00e9 par un automobiliste \u00e0 l&rsquo;origine de l&rsquo;incendie ?"},"content":{"rendered":"<p itemprop=\"description\"><strong>Dans le Beaujolais Vert, l&rsquo;apr\u00e8s-midi de vendredi a \u00e9t\u00e9 mouvement\u00e9e pour les pompiers.<\/strong><\/p>\n<p>Un incendie de v\u00e9g\u00e9tation s&rsquo;\u00e9tait d\u00e9clar\u00e9 \u00e0 Pont-Trambouze, commune d\u00e9l\u00e9gu\u00e9e de Cours. Et il a fallu trois heures aux soldats du feu pour venir \u00e0 bout du sinistre qui se propageait ais\u00e9ment gr\u00e2ce \u00e0 la canicule de ces derniers jours.<\/p>\n<p>Au total, un hectare environ de v\u00e9g\u00e9tation est parti en fum\u00e9e.<\/p>\n<p>Si aucun bless\u00e9 ou d\u00e9g\u00e2t mat\u00e9riel ne sont \u00e0 relever, les gendarmes ont pris le relais.<\/p>\n<p>Car la zone victime de l&rsquo;incendie est situ\u00e9e proche de la RD308. Ce qui laisse \u00e0 penser qu&rsquo;un automobiliste inconscient a pu jeter son m\u00e9got de cigarette mal \u00e9teint par la fen\u00eatre. L&rsquo;enqu\u00eate devra d\u00e9terminer si cette premi\u00e8re piste est la bonne.<\/p>\n","protected":false},"excerpt":{"rendered":"Dans le Beaujolais Vert, l&rsquo;apr\u00e8s-midi de vendredi a \u00e9t\u00e9 mouvement\u00e9e pour les pompiers. Un incendie de v\u00e9g\u00e9tation s&rsquo;\u00e9tait&hellip;\n","protected":false},"author":2,"featured_media":322626,"comment_status":"","ping_status":"","sticky":false,"template":"","format":"standard","meta":{"footnotes":""},"categories":[1889],"tags":[1111,11,2813,2190,2430,1109,251,1112,2811,1777,674,118,1011,27,1922,1110,1114,2428,2810,12,241,316,25,2812,517,800],"class_list":{"0":"post-322625","1":"post","2":"type-post","3":"status-publish","4":"format-standard","5":"has-post-thumbnail","7":"category-lyon","8":"tag-actu","9":"tag-actualites","10":"tag-article","11":"tag-asvel","12":"tag-auvergne-rhone-alpes","13":"tag-breves","14":"tag-culture","15":"tag-depeches","16":"tag-economique","17":"tag-eu","18":"tag-europe","19":"tag-faits-divers","20":"tag-fr","21":"tag-france","22":"tag-info","23":"tag-informations","24":"tag-infos","25":"tag-lyon","26":"tag-lyonmag","27":"tag-news","28":"tag-ol","29":"tag-politique","30":"tag-republique-francaise","31":"tag-sociale","32":"tag-sport","33":"tag-transports"},"share_on_mastodon":{"url":"https:\/\/pubeurope.com\/@fr\/115037810499475863","error":""},"_links":{"self":[{"href":"https:\/\/www.europesays.com\/fr\/wp-json\/wp\/v2\/posts\/322625","targetHints":{"allow":["GET"]}}],"collection":[{"href":"https:\/\/www.europesays.com\/fr\/wp-json\/wp\/v2\/posts"}],"about":[{"href":"https:\/\/www.europesays.com\/fr\/wp-json\/wp\/v2\/types\/post"}],"author":[{"embeddable":true,"href":"https:\/\/www.europesays.com\/fr\/wp-json\/wp\/v2\/users\/2"}],"replies":[{"embeddable":true,"href":"https:\/\/www.europesays.com\/fr\/wp-json\/wp\/v2\/comments?post=322625"}],"version-history":[{"count":0,"href":"https:\/\/www.europesays.com\/fr\/wp-json\/wp\/v2\/posts\/322625\/revisions"}],"wp:featuredmedia":[{"embeddable":true,"href":"https:\/\/www.europesays.com\/fr\/wp-json\/wp\/v2\/media\/322626"}],"wp:attachment":[{"href":"https:\/\/www.europesays.com\/fr\/wp-json\/wp\/v2\/media?parent=322625"}],"wp:term":[{"taxonomy":"category","embeddable":true,"href":"https:\/\/www.europesays.com\/fr\/wp-json\/wp\/v2\/categories?post=322625"},{"taxonomy":"post_tag","embeddable":true,"href":"https:\/\/www.europesays.com\/fr\/wp-json\/wp\/v2\/tags?post=322625"}],"curies":[{"name":"wp","href":"https:\/\/api.w.org\/{rel}","templated":true}]}}