{"id":322627,"date":"2025-08-16T09:47:16","date_gmt":"2025-08-16T09:47:16","guid":{"rendered":"https:\/\/www.europesays.com\/fr\/322627\/"},"modified":"2025-08-16T09:47:16","modified_gmt":"2025-08-16T09:47:16","slug":"pronostic-lens-lyon-cotes-analyse-et-conseil","status":"publish","type":"post","link":"https:\/\/www.europesays.com\/fr\/322627\/","title":{"rendered":"Pronostic Lens-Lyon : Cotes, analyse et conseil"},"content":{"rendered":"<p style=\"text-align: justify;\"><strong>LIGUE 1 2025-2026 \u2013 Lens re\u00e7oit Lyon lors de la 1\u00e8re journ\u00e9e de Ligue 1. Notre pronostic pour la rencontre.<\/strong><\/p>\n<p>Pronostic Lens \u2013 OL : Samedi 16 ao\u00fbt, 17h00<\/p>\n<p style=\"text-align: justify;\">Match entre deux \u00e9quipes qui partent un peu dans l\u2019inconnu avec des effectifs largement remodel\u00e9s. Lens et Lyon se sont lanc\u00e9s dans une cure d\u2019aust\u00e9rit\u00e9 et ont d\u00fb vendre leurs meilleurs joueurs. Les <strong>Sang et Or<\/strong> ont r\u00e9alis\u00e9 un tr\u00e8s gros coup dans le sens des arriv\u00e9es avec la signature de <strong>Florian<\/strong> <strong>Thauvin<\/strong>. Le champion du monde, qui sort d\u2019une saison int\u00e9ressante en Italie, est attendu comme le Messie. <strong>Pierre Sage<\/strong>, qui va retrouver son ancien club, peut encore compter sur <strong>Andy<\/strong> <strong>Diouf,<\/strong> m\u00eame si ce dernier semble sur le d\u00e9part.<\/p>\n<p style=\"text-align: justify;\">L\u2019Olympique Lyonnais a perdu <strong>Rayan<\/strong> <strong>Cherki,<\/strong> mais va d\u00e9buter sa saison avec <strong>Malick<\/strong> <strong>Fofana<\/strong>. Bien que tr\u00e8s convoit\u00e9, le milieu offensif belge est toujours pr\u00e9sent, pour le moment. Les Lyonnais ont gard\u00e9 une partie de l\u2019ossature de la saison derni\u00e8re, \u00e0 quoi ils ont ajout\u00e9 des joueurs comme <strong>Tyler Morton<\/strong> au milieu de terrain. L\u2019<strong>OL<\/strong> a termin\u00e9 sa pr\u00e9paration par une victoire contre <strong>Getafe<\/strong>.<\/p>\n<p style=\"text-align: justify;\">La rencontre s\u2019annonce plut\u00f4t \u00e9quilibr\u00e9e entre deux formations qui se savent attendues. La cote du match nul est int\u00e9ressante, mais on pr\u00e9f\u00e8re partir sur <strong>Malick<\/strong> <strong>Fofana<\/strong> d\u00e9cisif sur cette rencontre. Sur le d\u00e9part, le <strong>Belge<\/strong> a tout int\u00e9r\u00eat \u00e0 briller pour aller signer le plus gros contrat possible.<\/p>\n<tr style=\"height: 16px;\">\n<td style=\"background-color: #404040; text-align: left; border-color: #ededed; width: 600px;\"><strong><img loading=\"lazy\" decoding=\"async\" class=\"alignnone wp-image-512842 perfmatters-lazy\" alt=\"\" width=\"14\" height=\"13\" src=\"https:\/\/www.europesays.com\/fr\/wp-content\/uploads\/2025\/05\/Logo-Winamax.png\"  data-\/> Samedi 16 ao\u00fbt, 17h00<\/strong><\/td>\n<td style=\"background-color: #525252; border-color: #ededed; text-align: center; width: 240px;\">Joueur d\u00e9cisif<\/td>\n<\/tr>\n<tr style=\"height: 24px;\">\n<td style=\"background-color: #ffffff; text-align: justify; border-color: #ededed; vertical-align: middle; width: 600px;\"><strong>Malick Fofana<\/strong><\/td>\n<td style=\"background-color: #ffffff; border-color: #ededed; vertical-align: middle; text-align: center; width: 240px;\"><a href=\"https:\/\/www.winamax.fr\/paris-sportifs\/match\/61511950?banid=33423\" class=\"su-button su-button-style-flat\" style=\"color:#ffffff;background-color:#0860ff;border-color:#074dcc;border-radius:5px\" target=\"_blank\" rel=\"noopener noreferrer nofollow\"> 2.35<\/a><\/td>\n<\/tr>\n<p style=\"text-align: justify;\">Tentez votre chance en profitant de votre <a href=\"https:\/\/www.winamax.fr\/registration\/landing\/affiliation_Bonus100?banid=33423\" rel=\"nofollow noopener\" target=\"_blank\">1er d\u00e9p\u00f4t doubl\u00e9 jusqu\u2019\u00e0 100 \u20ac<\/a> direct en paris gratuits sur Winamax !<\/p>\n","protected":false},"excerpt":{"rendered":"LIGUE 1 2025-2026 \u2013 Lens re\u00e7oit Lyon lors de la 1\u00e8re journ\u00e9e de Ligue 1. Notre pronostic pour&hellip;\n","protected":false},"author":2,"featured_media":322628,"comment_status":"","ping_status":"","sticky":false,"template":"","format":"standard","meta":{"footnotes":""},"categories":[1889],"tags":[1111,11,2430,1777,674,63,1011,27,4253,66,2428,12,1821,25],"class_list":{"0":"post-322627","1":"post","2":"type-post","3":"status-publish","4":"format-standard","5":"has-post-thumbnail","7":"category-lyon","8":"tag-actu","9":"tag-actualites","10":"tag-auvergne-rhone-alpes","11":"tag-eu","12":"tag-europe","13":"tag-football","14":"tag-fr","15":"tag-france","16":"tag-lens","17":"tag-ligue-1","18":"tag-lyon","19":"tag-news","20":"tag-pronostics","21":"tag-republique-francaise"},"share_on_mastodon":{"url":"https:\/\/pubeurope.com\/@fr\/115037814409104499","error":""},"_links":{"self":[{"href":"https:\/\/www.europesays.com\/fr\/wp-json\/wp\/v2\/posts\/322627","targetHints":{"allow":["GET"]}}],"collection":[{"href":"https:\/\/www.europesays.com\/fr\/wp-json\/wp\/v2\/posts"}],"about":[{"href":"https:\/\/www.europesays.com\/fr\/wp-json\/wp\/v2\/types\/post"}],"author":[{"embeddable":true,"href":"https:\/\/www.europesays.com\/fr\/wp-json\/wp\/v2\/users\/2"}],"replies":[{"embeddable":true,"href":"https:\/\/www.europesays.com\/fr\/wp-json\/wp\/v2\/comments?post=322627"}],"version-history":[{"count":0,"href":"https:\/\/www.europesays.com\/fr\/wp-json\/wp\/v2\/posts\/322627\/revisions"}],"wp:featuredmedia":[{"embeddable":true,"href":"https:\/\/www.europesays.com\/fr\/wp-json\/wp\/v2\/media\/322628"}],"wp:attachment":[{"href":"https:\/\/www.europesays.com\/fr\/wp-json\/wp\/v2\/media?parent=322627"}],"wp:term":[{"taxonomy":"category","embeddable":true,"href":"https:\/\/www.europesays.com\/fr\/wp-json\/wp\/v2\/categories?post=322627"},{"taxonomy":"post_tag","embeddable":true,"href":"https:\/\/www.europesays.com\/fr\/wp-json\/wp\/v2\/tags?post=322627"}],"curies":[{"name":"wp","href":"https:\/\/api.w.org\/{rel}","templated":true}]}}