{"id":322629,"date":"2025-08-16T09:50:13","date_gmt":"2025-08-16T09:50:13","guid":{"rendered":"https:\/\/www.europesays.com\/fr\/322629\/"},"modified":"2025-08-16T09:50:13","modified_gmt":"2025-08-16T09:50:13","slug":"les-souterrains-de-cette-commune-attirent-de-plus-en-plus-de-visiteurs","status":"publish","type":"post","link":"https:\/\/www.europesays.com\/fr\/322629\/","title":{"rendered":"les souterrains de cette commune attirent de plus en plus de visiteurs"},"content":{"rendered":"<p class=\"article__intro\">La ville de Laon, dans l&rsquo;Aisne, propose une immersion dans les entrailles de son centre-ville, o\u00f9 la temp\u00e9rature est de 14 degr\u00e9s toute l&rsquo;ann\u00e9e. Une id\u00e9e de visite qui pla\u00eet en ce mois d\u2019ao\u00fbt 2025 et attire pr\u00e8s de 100 visiteurs chaque jour.<\/p>\n<p>\n      L\u2019actu des r\u00e9gions\n    <\/p>\n<p>\n      Chaque jour, un tour d\u2019horizon des principales infos de toutes les r\u00e9gions.\n    <\/p>\n<p>    France T\u00e9l\u00e9visions utilise votre adresse e-mail afin de vous envoyer la newsletter \u00ab\u00a0L\u2019actu des r\u00e9gions\u00a0\u00bb. Vous pouvez vous d\u00e9sinscrire \u00e0 tout moment via le lien en bas de cette newsletter. <a target=\"_blank\" href=\"https:\/\/www.francetelevisions.fr\/groupe\/confidentialite\/politique-de-confidentialite\/politique-de-confidentialite-de-france-televisions-6503\" rel=\"nofollow noopener\">Notre politique de confidentialit\u00e9<\/a><\/p>\n<p>\u00ab\u00a0Dans un premier temps, permettez-moi de vous souhaiter la bienvenue dans les souterrains\u00a0\u00bb, sourit Adrien Kepe, guide, tout en refermant la porte derri\u00e8re lui. Une fois dans l\u2019obscurit\u00e9, il poursuit : \u00ab\u00a0On va d\u00e9marrer et parler de l&rsquo;histoire d&rsquo;il y a plusieurs millions d\u2019ann\u00e9es.\u00a0\u00bb<\/p>\n<p><a data-article-figure=\"\" href=\"https:\/\/france3-regions.franceinfo.fr\/image\/SzQzaXetCWdoZcCXRJHI7uUH_5Y\/1920x1080\/regions\/2025\/08\/15\/s02-visites-souterraines-laon-00-00-34-19-689f535ef1a2f960774429.jpg\" data-pswp-width=\"1920\" data-pswp-height=\"1080\" target=\"_blank\" rel=\"nofollow noopener\"><\/p>\n<p>          <img width=\"600\" height=\"400\" class=\"article-image lazy\" data-src=\"https:\/\/www.europesays.com\/fr\/wp-content\/uploads\/2025\/08\/s02-visites-souterraines-laon-00-00-34-19-689f535ef1a2f960774429.jpg\" alt=\"\u00c0 la recherche de d\u00e9paysement et de fraicheur, une centaine de touristes arpente chaque jour les souterrains de la ville de Laon, dans l\u2019Aisne.\" fetchpriority=\"high\" as=\"image\"\/><\/p>\n<p>\n            \u00c0 la recherche de d\u00e9paysement et de fraicheur, une centaine de touristes arpente chaque jour les souterrains de la ville de Laon, dans l\u2019Aisne.<br \/>\n                           \u2022<br \/>\n                                      \u00a9 Cl\u00e9mence Rousseau \/ FTV\n                      <\/p>\n<p><\/a><\/p>\n<p>Une vingtaine de visiteurs suivent les pas du guide. Beaucoup sont venus pour vivre une exp\u00e9rience dans la p\u00e9nombre et d\u00e9couvrir \u00ab\u00a0l\u2019histoire cach\u00e9e de la ville\u00a0\u00bb. \u00ab\u00a0On n\u2019a pas l\u2019habitude, on visite plut\u00f4t des ch\u00e2teaux normalement\u00a0\u00bb, sourit une participante, accompagn\u00e9e de ses enfants.\u00a0<\/p>\n<p><a data-article-figure=\"\" href=\"https:\/\/france3-regions.franceinfo.fr\/image\/OiOa_dILSAoYHIhS4IKUvA0YsCo\/1920x1080\/regions\/2025\/08\/15\/s02-visites-souterraines-laon-00-00-33-21-689f52f2453f1705568654.jpg\" data-pswp-width=\"1920\" data-pswp-height=\"1080\" target=\"_blank\" rel=\"nofollow noopener\"><\/p>\n<p>          <img width=\"600\" height=\"400\" class=\"article-image lazy\" data-src=\"https:\/\/www.europesays.com\/fr\/wp-content\/uploads\/2025\/08\/s02-visites-souterraines-laon-00-00-33-21-689f52f2453f1705568654.jpg\" alt=\"Cette visite insolite, dans la p\u00e9nombre, est ouverte \u00e0 des participants de tout \u00e2ge.\" fetchpriority=\"high\" as=\"image\"\/><\/p>\n<p>\n            Cette visite insolite, dans la p\u00e9nombre, est ouverte \u00e0 des participants de tout \u00e2ge.<br \/>\n                           \u2022<br \/>\n                                      \u00a9 Cl\u00e9mence Rousseau \/ FTV\n                      <\/p>\n<p><\/a><\/p>\n<p>D\u2019autres reconnaissent aussi avoir \u00e9t\u00e9 attir\u00e9s par la temp\u00e9rature des lieux, 14 degr\u00e9s \u00e0 l\u2019ann\u00e9e : \u00ab\u00a0Je trouve que c\u2019est une bonne id\u00e9e en \u00e9t\u00e9, quand il fait caniculaire dehors, ici, on peut allier fraicheur et apprentissage de l\u2019Histoire\u00a0\u00bb, estime une touriste. \u00a0<\/p>\n<\/p>\n<p>Durant le parcours, d\u2019une dur\u00e9e approximative d\u2019une heure, les visiteurs, \u00e9quip\u00e9s d\u2019un audio guide, assistent \u00e0 des animations visuelles et des ambiances sonores. Une mani\u00e8re de leur faire remonter le temps \u00ab\u00a0depuis l\u2019\u00e9poque m\u00e9rovingienne, o\u00f9 on commence \u00e0 creuser, jusqu\u2019\u00e0 la Seconde Guerre mondiale\u00a0\u00bb, pr\u00e9cise Adrien Kepe, guide \u00e0 l\u2019office du tourisme de Laon.<\/p>\n<blockquote class=\"ftvi_content_quote\">\n<p class=\"ftvi_citation_quote\">On d\u00e9couvre ici \u00e0 la fois le travail des carriers du moyen-\u00e2ge qui ont \u00e9difi\u00e9 des kilom\u00e8tres et des kilom\u00e8tres de galeries et, en m\u00eame temps, ce que l\u2019on a fait de ces galeries, apr\u00e8s, donc on d\u00e9couvre aussi la partie militaire.<\/p>\n<p>Adrien Kepe, guide \u00e0 l\u2019office du tourisme de Laon<\/p>\n<\/blockquote>\n<p>Quatre cr\u00e9neaux de visites sont propos\u00e9s chaque jour, dont certains affichent rapidement complets. \u00ab\u00a0De mai jusqu\u2019\u00e0 septembre, il y a du monde en continu, c\u2019est une des visites qui a le plus de succ\u00e8s en ville\u00a0\u00bb, rapporte Adrien Kepe.<\/p>\n<p>L\u2019an dernier, plusieurs milliers de personnes ont arpent\u00e9 ces galeries souterraines, qui s\u2019\u00e9tendent sur 77 hectares.<\/p>\n<p>Avec Ambre Croset \/ FTV <\/p>\n","protected":false},"excerpt":{"rendered":"La ville de Laon, dans l&rsquo;Aisne, propose une immersion dans les entrailles de son centre-ville, o\u00f9 la temp\u00e9rature&hellip;\n","protected":false},"author":2,"featured_media":322630,"comment_status":"","ping_status":"","sticky":false,"template":"","format":"standard","meta":{"footnotes":""},"categories":[1888],"tags":[1111,1928,11,1927,1777,674,1011,27,12,1926,626,1925,25],"class_list":{"0":"post-322629","1":"post","2":"type-post","3":"status-publish","4":"format-standard","5":"has-post-thumbnail","7":"category-paris","8":"tag-actu","9":"tag-actu-paris","10":"tag-actualites","11":"tag-actualites-paris","12":"tag-eu","13":"tag-europe","14":"tag-fr","15":"tag-france","16":"tag-news","17":"tag-news-paris","18":"tag-paris","19":"tag-paris-news","20":"tag-republique-francaise"},"share_on_mastodon":{"url":"https:\/\/pubeurope.com\/@fr\/115037826126523731","error":""},"_links":{"self":[{"href":"https:\/\/www.europesays.com\/fr\/wp-json\/wp\/v2\/posts\/322629","targetHints":{"allow":["GET"]}}],"collection":[{"href":"https:\/\/www.europesays.com\/fr\/wp-json\/wp\/v2\/posts"}],"about":[{"href":"https:\/\/www.europesays.com\/fr\/wp-json\/wp\/v2\/types\/post"}],"author":[{"embeddable":true,"href":"https:\/\/www.europesays.com\/fr\/wp-json\/wp\/v2\/users\/2"}],"replies":[{"embeddable":true,"href":"https:\/\/www.europesays.com\/fr\/wp-json\/wp\/v2\/comments?post=322629"}],"version-history":[{"count":0,"href":"https:\/\/www.europesays.com\/fr\/wp-json\/wp\/v2\/posts\/322629\/revisions"}],"wp:featuredmedia":[{"embeddable":true,"href":"https:\/\/www.europesays.com\/fr\/wp-json\/wp\/v2\/media\/322630"}],"wp:attachment":[{"href":"https:\/\/www.europesays.com\/fr\/wp-json\/wp\/v2\/media?parent=322629"}],"wp:term":[{"taxonomy":"category","embeddable":true,"href":"https:\/\/www.europesays.com\/fr\/wp-json\/wp\/v2\/categories?post=322629"},{"taxonomy":"post_tag","embeddable":true,"href":"https:\/\/www.europesays.com\/fr\/wp-json\/wp\/v2\/tags?post=322629"}],"curies":[{"name":"wp","href":"https:\/\/api.w.org\/{rel}","templated":true}]}}