{"id":322631,"date":"2025-08-16T09:51:11","date_gmt":"2025-08-16T09:51:11","guid":{"rendered":"https:\/\/www.europesays.com\/fr\/322631\/"},"modified":"2025-08-16T09:51:11","modified_gmt":"2025-08-16T09:51:11","slug":"puces-de-clignancourt-deux-freres-commercants-ecroues-pour-tentative-de-meurtre-sur-un-vendeur-a-la-sauvette","status":"publish","type":"post","link":"https:\/\/www.europesays.com\/fr\/322631\/","title":{"rendered":"Puces de Clignancourt\u00a0: deux fr\u00e8res commer\u00e7ants \u00e9crou\u00e9s pour tentative de meurtre sur un vendeur \u00e0 la sauvette"},"content":{"rendered":"<p class=\"paragraph text_align_left lp-f-body-02\">La tension entre les <a href=\"https:\/\/www.leparisien.fr\/seine-saint-denis-93\/saint-ouen-des-vendeurs-a-la-sauvette-font-une-expedition-punitive-chez-un-marchand-des-puces-27-03-2023-ZFM66ABPFFAKROG3CCAYEK2Q4U.php\" target=\"_self\" rel=\"nofollow noopener\">vendeurs \u00e0 la sauvette<\/a> et les commer\u00e7ants du march\u00e9 aux puces de Clignancourt, \u00e0 Paris (XVIIIe), n\u2019a jamais \u00e9t\u00e9 aussi vive. Dernier \u00e9pisode de cette histoire qui semble sans fin : Nassim, 37 ans, et son fr\u00e8re Salim ont \u00e9t\u00e9 mis en examen, le 12 juillet 2025 \u00e0 Paris, pour tentative de meurtre, avant d\u2019\u00eatre \u00e9crou\u00e9s.<\/p>\n<p class=\"paragraph text_align_left lp-f-body-02\">Ils ont successivement demand\u00e9, le jeudi 31 juillet et le vendredi 1er ao\u00fbt, leur remise en libert\u00e9, invoquant la l\u00e9gitime d\u00e9fense. Mais la chambre de l\u2019instruction de Paris a d\u00e9cid\u00e9 de les maintenir en d\u00e9tention. \u00ab C\u2019est un \u00e9v\u00e9nement qui a troubl\u00e9 l\u2019ordre public, explique l\u2019avocat g\u00e9n\u00e9ral. Il y a encore des t\u00e9moins \u00e0 entendre avant d\u2019envisager une lib\u00e9ration. \u00bb<\/p>\n","protected":false},"excerpt":{"rendered":"La tension entre les vendeurs \u00e0 la sauvette et les commer\u00e7ants du march\u00e9 aux puces de Clignancourt, \u00e0&hellip;\n","protected":false},"author":2,"featured_media":322632,"comment_status":"","ping_status":"","sticky":false,"template":"","format":"standard","meta":{"footnotes":""},"categories":[1888],"tags":[1111,1928,11,1927,1777,674,118,1011,27,12,1926,626,1925,25],"class_list":{"0":"post-322631","1":"post","2":"type-post","3":"status-publish","4":"format-standard","5":"has-post-thumbnail","7":"category-paris","8":"tag-actu","9":"tag-actu-paris","10":"tag-actualites","11":"tag-actualites-paris","12":"tag-eu","13":"tag-europe","14":"tag-faits-divers","15":"tag-fr","16":"tag-france","17":"tag-news","18":"tag-news-paris","19":"tag-paris","20":"tag-paris-news","21":"tag-republique-francaise"},"share_on_mastodon":{"url":"https:\/\/pubeurope.com\/@fr\/115037830148659544","error":""},"_links":{"self":[{"href":"https:\/\/www.europesays.com\/fr\/wp-json\/wp\/v2\/posts\/322631","targetHints":{"allow":["GET"]}}],"collection":[{"href":"https:\/\/www.europesays.com\/fr\/wp-json\/wp\/v2\/posts"}],"about":[{"href":"https:\/\/www.europesays.com\/fr\/wp-json\/wp\/v2\/types\/post"}],"author":[{"embeddable":true,"href":"https:\/\/www.europesays.com\/fr\/wp-json\/wp\/v2\/users\/2"}],"replies":[{"embeddable":true,"href":"https:\/\/www.europesays.com\/fr\/wp-json\/wp\/v2\/comments?post=322631"}],"version-history":[{"count":0,"href":"https:\/\/www.europesays.com\/fr\/wp-json\/wp\/v2\/posts\/322631\/revisions"}],"wp:featuredmedia":[{"embeddable":true,"href":"https:\/\/www.europesays.com\/fr\/wp-json\/wp\/v2\/media\/322632"}],"wp:attachment":[{"href":"https:\/\/www.europesays.com\/fr\/wp-json\/wp\/v2\/media?parent=322631"}],"wp:term":[{"taxonomy":"category","embeddable":true,"href":"https:\/\/www.europesays.com\/fr\/wp-json\/wp\/v2\/categories?post=322631"},{"taxonomy":"post_tag","embeddable":true,"href":"https:\/\/www.europesays.com\/fr\/wp-json\/wp\/v2\/tags?post=322631"}],"curies":[{"name":"wp","href":"https:\/\/api.w.org\/{rel}","templated":true}]}}