{"id":322645,"date":"2025-08-16T09:58:13","date_gmt":"2025-08-16T09:58:13","guid":{"rendered":"https:\/\/www.europesays.com\/fr\/322645\/"},"modified":"2025-08-16T09:58:13","modified_gmt":"2025-08-16T09:58:13","slug":"un-motard-decede-dans-un-accident-pres-deuropa-park","status":"publish","type":"post","link":"https:\/\/www.europesays.com\/fr\/322645\/","title":{"rendered":"un motard d\u00e9c\u00e8de dans un accident pr\u00e8s d&rsquo;Europa-Park"},"content":{"rendered":"<p>Un motard de 25 ans a perdu la vie dans un accident de la route dans la soir\u00e9e de ce vendredi 15 ao\u00fbt, indique la police allemande dans <a href=\"https:\/\/www.presseportal.de\/blaulicht\/pm\/110975\/6097907\" target=\"_blank\" rel=\"nofollow noopener\">un communiqu\u00e9<\/a>.<\/p>\n<p>Alors qu&rsquo;il circulait sur la\u00a0route d&rsquo;Europa-Park \u00e0 Rust situ\u00e9e juste derri\u00e8re le parc d&rsquo;attraction \u00e9ponyme, le motard s&rsquo;est d\u00e9port\u00e9 sur la voie oppos\u00e9e,\u00a0probablement\u00a0en raison d&rsquo;une vitesse excessive, et a heurt\u00e9 une Ford S-Max qui arrivait en face. <br \/>Le motard est d\u00e9c\u00e9d\u00e9 sur place des suites de ses blessures et les trois occupants de la Ford ont \u00e9t\u00e9 bless\u00e9s l\u00e9g\u00e8rement. La route d&rsquo;Europa-Park a \u00e9t\u00e9 coup\u00e9e le temps de l&rsquo;intervention des secours et des op\u00e9rations de d\u00e9pannage.<\/p>\n","protected":false},"excerpt":{"rendered":"Un motard de 25 ans a perdu la vie dans un accident de la route dans la soir\u00e9e&hellip;\n","protected":false},"author":2,"featured_media":316238,"comment_status":"","ping_status":"","sticky":false,"template":"","format":"standard","meta":{"footnotes":""},"categories":[1587],"tags":[119,11,672,1804,1805,1803,1777,674,274,107,329,1801,12,1802,1806],"class_list":{"0":"post-322645","1":"post","2":"type-post","3":"status-publish","4":"format-standard","5":"has-post-thumbnail","7":"category-allemagne","8":"tag-accident","9":"tag-actualites","10":"tag-allemagne","11":"tag-bundesrepublik-deutschland","12":"tag-de","13":"tag-deutschland","14":"tag-eu","15":"tag-europe","16":"tag-faits-divers-justice","17":"tag-fil-info","18":"tag-france-monde","19":"tag-germany","20":"tag-news","21":"tag-republique-federale-dallemagne","22":"tag-rheinblick"},"share_on_mastodon":{"url":"https:\/\/pubeurope.com\/@fr\/115037857784611282","error":""},"_links":{"self":[{"href":"https:\/\/www.europesays.com\/fr\/wp-json\/wp\/v2\/posts\/322645","targetHints":{"allow":["GET"]}}],"collection":[{"href":"https:\/\/www.europesays.com\/fr\/wp-json\/wp\/v2\/posts"}],"about":[{"href":"https:\/\/www.europesays.com\/fr\/wp-json\/wp\/v2\/types\/post"}],"author":[{"embeddable":true,"href":"https:\/\/www.europesays.com\/fr\/wp-json\/wp\/v2\/users\/2"}],"replies":[{"embeddable":true,"href":"https:\/\/www.europesays.com\/fr\/wp-json\/wp\/v2\/comments?post=322645"}],"version-history":[{"count":0,"href":"https:\/\/www.europesays.com\/fr\/wp-json\/wp\/v2\/posts\/322645\/revisions"}],"wp:featuredmedia":[{"embeddable":true,"href":"https:\/\/www.europesays.com\/fr\/wp-json\/wp\/v2\/media\/316238"}],"wp:attachment":[{"href":"https:\/\/www.europesays.com\/fr\/wp-json\/wp\/v2\/media?parent=322645"}],"wp:term":[{"taxonomy":"category","embeddable":true,"href":"https:\/\/www.europesays.com\/fr\/wp-json\/wp\/v2\/categories?post=322645"},{"taxonomy":"post_tag","embeddable":true,"href":"https:\/\/www.europesays.com\/fr\/wp-json\/wp\/v2\/tags?post=322645"}],"curies":[{"name":"wp","href":"https:\/\/api.w.org\/{rel}","templated":true}]}}