{"id":322648,"date":"2025-08-16T10:00:11","date_gmt":"2025-08-16T10:00:11","guid":{"rendered":"https:\/\/www.europesays.com\/fr\/322648\/"},"modified":"2025-08-16T10:00:11","modified_gmt":"2025-08-16T10:00:11","slug":"la-chine-riposte-a-lue-concernant-les-sanctions-contre-la-russie","status":"publish","type":"post","link":"https:\/\/www.europesays.com\/fr\/322648\/","title":{"rendered":"La Chine riposte \u00e0 l&rsquo;UE concernant les sanctions contre la Russie"},"content":{"rendered":"<p><strong>P\u00e9kin a sanctionn\u00e9 deux banques lituaniennes, honorant ainsi sa promesse de riposter apr\u00e8s que les 27 ont cibl\u00e9 des pr\u00eateurs chinois dans le cadre du conflit ukrainien.<\/strong><\/p>\n<p>P\u00e9kin a annonc\u00e9 le 15 ao\u00fbt avoir mis sur liste noire deux banques de l\u2019UE, en r\u00e9ponse au ciblage par le bloc des pr\u00eateurs chinois dans le cadre du dernier ensemble de sanctions li\u00e9es \u00e0 l\u2019Ukraine contre la Russie.<\/p>\n<p>Bruxelles a pr\u00e9sent\u00e9 le mois dernier son 18e train de <a href=\"https:\/\/www.leconomistemaghrebin.com\/2025\/07\/22\/nouvelles-sanctions-contre-la-russie-la-colere-de-pekin-face-a-lue\/\" target=\"_blank\" rel=\"noopener\">mesures<\/a> contre Moscou, ciblant les secteurs \u00e9nerg\u00e9tique et bancaire russes. Ce train de mesures comprenait, entre autres, des restrictions visant plusieurs entit\u00e9s et institutions financi\u00e8res bas\u00e9es en Chine, en Inde, aux \u00c9mirats arabes unis et en Turquie.<\/p>\n<p>Selon un communiqu\u00e9 publi\u00e9 mercredi par le minist\u00e8re chinois du Commerce, P\u00e9kin a inclus les soci\u00e9t\u00e9s UAB Urbo et AB Mano, bas\u00e9es en Lituanie, dans sa liste de contre-mesures, interdisant imm\u00e9diatement aux organisations et aux individus chinois toute transaction, coop\u00e9ration et autres activit\u00e9s avec elles.<\/p>\n<p>Il a rappel\u00e9 que la mesure prise par les autorit\u00e9s de l\u2019UE contre la Suifenhe Rural Commercial Bank et la Heihe Rural Commercial Bank chinoises constitue \u00ab une grave violation du droit international \u00bb\u00a0qui\u00a0\u00ab a caus\u00e9 un pr\u00e9judice important aux droits et int\u00e9r\u00eats l\u00e9gitimes des entreprises chinoises \u00bb.<\/p>\n<p>La Commission europ\u00e9enne s\u2019est engag\u00e9e \u00e0 examiner en d\u00e9tail les mesures prises par P\u00e9kin avant de prendre de nouvelles mesures. L\u2019Union\u00a0\u00ab est dispos\u00e9e \u00e0 trouver une solution mutuellement acceptable qui pourrait aboutir \u00e0 la radiation des banques de la cote \u00bb,\u00a0a d\u00e9clar\u00e9 mercredi Olof Gill, porte-parole de la Commission europ\u00e9enne, cit\u00e9 par Bloomberg.<\/p>\n","protected":false},"excerpt":{"rendered":"P\u00e9kin a sanctionn\u00e9 deux banques lituaniennes, honorant ainsi sa promesse de riposter apr\u00e8s que les 27 ont cibl\u00e9&hellip;\n","protected":false},"author":2,"featured_media":322649,"comment_status":"","ping_status":"","sticky":false,"template":"","format":"standard","meta":{"footnotes":""},"categories":[1586],"tags":[11,1777,674,1779,1011,27,12,25,1778,364],"class_list":{"0":"post-322648","1":"post","2":"type-post","3":"status-publish","4":"format-standard","5":"has-post-thumbnail","7":"category-europe","8":"tag-actualites","9":"tag-eu","10":"tag-europe","11":"tag-european-union","12":"tag-fr","13":"tag-france","14":"tag-news","15":"tag-republique-francaise","16":"tag-ue","17":"tag-union-europeenne"},"share_on_mastodon":{"url":"https:\/\/pubeurope.com\/@fr\/115037865501181537","error":""},"_links":{"self":[{"href":"https:\/\/www.europesays.com\/fr\/wp-json\/wp\/v2\/posts\/322648","targetHints":{"allow":["GET"]}}],"collection":[{"href":"https:\/\/www.europesays.com\/fr\/wp-json\/wp\/v2\/posts"}],"about":[{"href":"https:\/\/www.europesays.com\/fr\/wp-json\/wp\/v2\/types\/post"}],"author":[{"embeddable":true,"href":"https:\/\/www.europesays.com\/fr\/wp-json\/wp\/v2\/users\/2"}],"replies":[{"embeddable":true,"href":"https:\/\/www.europesays.com\/fr\/wp-json\/wp\/v2\/comments?post=322648"}],"version-history":[{"count":0,"href":"https:\/\/www.europesays.com\/fr\/wp-json\/wp\/v2\/posts\/322648\/revisions"}],"wp:featuredmedia":[{"embeddable":true,"href":"https:\/\/www.europesays.com\/fr\/wp-json\/wp\/v2\/media\/322649"}],"wp:attachment":[{"href":"https:\/\/www.europesays.com\/fr\/wp-json\/wp\/v2\/media?parent=322648"}],"wp:term":[{"taxonomy":"category","embeddable":true,"href":"https:\/\/www.europesays.com\/fr\/wp-json\/wp\/v2\/categories?post=322648"},{"taxonomy":"post_tag","embeddable":true,"href":"https:\/\/www.europesays.com\/fr\/wp-json\/wp\/v2\/tags?post=322648"}],"curies":[{"name":"wp","href":"https:\/\/api.w.org\/{rel}","templated":true}]}}