{"id":322650,"date":"2025-08-16T10:01:13","date_gmt":"2025-08-16T10:01:13","guid":{"rendered":"https:\/\/www.europesays.com\/fr\/322650\/"},"modified":"2025-08-16T10:01:13","modified_gmt":"2025-08-16T10:01:13","slug":"un-accident-de-bus-fait-18-morts-le-president-tebboune-decrete-un-jour-de-deuil-national","status":"publish","type":"post","link":"https:\/\/www.europesays.com\/fr\/322650\/","title":{"rendered":"un accident de bus fait 18 morts, le pr\u00e9sident Tebboune d\u00e9cr\u00e8te un jour de deuil national"},"content":{"rendered":"<p>Le v\u00e9hicule aurait fait une embard\u00e9e dans la rivi\u00e8re El Harrach \u00e0 Alger, tuant au moins 18 personnes.<\/p>\n<p class=\"fig-paragraph\">Au moins dix-huit personnes sont mortes et neuf autres ont \u00e9t\u00e9 bless\u00e9es lors de la chute vendredi 15 ao\u00fbt d&rsquo;un bus dans la rivi\u00e8re El Harrach \u00e0\u00a0<a href=\"http:\/\/www.lefigaro.fr\/international\/dossier\/relations-entre-la-france-et-l-algerie-tout-comprendre-aux-tensions-diplomatiques\" data-fig-type=\"Topic\" data-gtm-custom-categorie=\"navigation\" data-gtm-custom-action=\"crossclick\" data-gtm-custom-label=\"Contextuel\" data-gtm-event=\"customEventSPE\" data-fig-domain=\"LEFIGARO\" target=\"_blank\" rel=\"noopener\">Alger<\/a>, selon la protection civile alg\u00e9rienne, intervenue en fin d\u2019apr\u00e8s-midi. Le v\u00e9hicule aurait fait une embard\u00e9e, tombant d\u2019un pont qui relie la zone d\u2019El Mohamedia en direction d\u2019El Hamma, dans le centre d\u2019Alger. Mais les circonstances exactes de l\u2019accident font l\u2019objet d\u2019une enqu\u00eate approfondie, selon la presse alg\u00e9rienne.<\/p>\n<p class=\"fig-paragraph\">Le bilan, encore provisoire \u00e0 ce stade, est particuli\u00e8rement lourd. \u00abDix-huit personnes sont d\u00e9c\u00e9d\u00e9es et neuf autres ont \u00e9t\u00e9 bless\u00e9es, dont deux sont dans un \u00e9tat critique\u00bb, selon cette m\u00eame source.<\/p>\n<p>                                    <a class=\"fig-a11y-skip a11y-hidden\" href=\"#fig-a11y-skip-main-inarticle\"><br \/>\n        Passer la publicit\u00e9<br \/>\n    <\/a><\/p>\n<p class=\"fig-paragraph\">Dans la foul\u00e9e, le pr\u00e9sident alg\u00e9rien\u00a0<a href=\"http:\/\/www.lefigaro.fr\/international\/algerie-le-president-sortant-tebboune-reelu-avec-94-65-des-votants-20240908\" data-fig-type=\"NewsFlash\" data-gtm-custom-categorie=\"navigation\" data-gtm-custom-action=\"crossclick\" data-gtm-custom-label=\"Contextuel\" data-gtm-event=\"customEventSPE\" data-fig-domain=\"LEFIGARO\" target=\"_blank\" rel=\"noopener\">Abdelmadjid Tebboune<\/a>\u00a0a d\u00e9cr\u00e9t\u00e9 un \u00abdeuil national d\u2019un jour, \u00e0 compter de vendredi soir, avec la mise en berne de l\u2019embl\u00e8me national\u00bb, rapporte la presse alg\u00e9rienne.<\/p>\n","protected":false},"excerpt":{"rendered":"Le v\u00e9hicule aurait fait une embard\u00e9e dans la rivi\u00e8re El Harrach \u00e0 Alger, tuant au moins 18 personnes.&hellip;\n","protected":false},"author":2,"featured_media":322651,"comment_status":"","ping_status":"","sticky":false,"template":"","format":"standard","meta":{"footnotes":""},"categories":[2],"tags":[3185,11,15,1011,27,12,25],"class_list":{"0":"post-322650","1":"post","2":"type-post","3":"status-publish","4":"format-standard","5":"has-post-thumbnail","7":"category-actualites","8":"tag-abdelmadjid-tebboune","9":"tag-actualites","10":"tag-algerie","11":"tag-fr","12":"tag-france","13":"tag-news","14":"tag-republique-francaise"},"share_on_mastodon":{"url":"https:\/\/pubeurope.com\/@fr\/115037869478484284","error":""},"_links":{"self":[{"href":"https:\/\/www.europesays.com\/fr\/wp-json\/wp\/v2\/posts\/322650","targetHints":{"allow":["GET"]}}],"collection":[{"href":"https:\/\/www.europesays.com\/fr\/wp-json\/wp\/v2\/posts"}],"about":[{"href":"https:\/\/www.europesays.com\/fr\/wp-json\/wp\/v2\/types\/post"}],"author":[{"embeddable":true,"href":"https:\/\/www.europesays.com\/fr\/wp-json\/wp\/v2\/users\/2"}],"replies":[{"embeddable":true,"href":"https:\/\/www.europesays.com\/fr\/wp-json\/wp\/v2\/comments?post=322650"}],"version-history":[{"count":0,"href":"https:\/\/www.europesays.com\/fr\/wp-json\/wp\/v2\/posts\/322650\/revisions"}],"wp:featuredmedia":[{"embeddable":true,"href":"https:\/\/www.europesays.com\/fr\/wp-json\/wp\/v2\/media\/322651"}],"wp:attachment":[{"href":"https:\/\/www.europesays.com\/fr\/wp-json\/wp\/v2\/media?parent=322650"}],"wp:term":[{"taxonomy":"category","embeddable":true,"href":"https:\/\/www.europesays.com\/fr\/wp-json\/wp\/v2\/categories?post=322650"},{"taxonomy":"post_tag","embeddable":true,"href":"https:\/\/www.europesays.com\/fr\/wp-json\/wp\/v2\/tags?post=322650"}],"curies":[{"name":"wp","href":"https:\/\/api.w.org\/{rel}","templated":true}]}}