{"id":322654,"date":"2025-08-16T10:03:11","date_gmt":"2025-08-16T10:03:11","guid":{"rendered":"https:\/\/www.europesays.com\/fr\/322654\/"},"modified":"2025-08-16T10:03:11","modified_gmt":"2025-08-16T10:03:11","slug":"la-vague-de-chaleur-se-poursuit-samedi-sur-une-large-partie-de-la-france-2","status":"publish","type":"post","link":"https:\/\/www.europesays.com\/fr\/322654\/","title":{"rendered":"La vague de chaleur se poursuit samedi sur une large partie de la France"},"content":{"rendered":"<p>La vague de chaleur se poursuit samedi sur une large partie du pays, jusqu&rsquo;au sud-Bretagne, avec 54 d\u00e9partements plac\u00e9s en vigilance orange par M\u00e9t\u00e9o-France, au neuvi\u00e8me jour d&rsquo;une canicule qui touche \u00e9galement la p\u00e9ninsule ib\u00e9rique.<\/p>\n<p>Le pic de chaleur intense est attendu dans l&rsquo;Aude et l&rsquo;H\u00e9rault, selon les pr\u00e9visions de M\u00e9t\u00e9o-France.<\/p>\n<p>A Montpellier, le thermom\u00e8tre devrait afficher samedi apr\u00e8s-midi un maximum de 42\u00b0C.<\/p>\n<p>La ville appelle ses habitants, si besoin, \u00e0 \u00ab\u00a0se rendre dans des lieux frais\u00a0\u00bb : clubs de l\u2019\u00e2ge, piscines, lieux de patrimoine, mus\u00e9es, m\u00e9diath\u00e8ques ou encore b\u00e2timents administratifs.<\/p>\n<p>Il s&rsquo;agit du deuxi\u00e8me \u00e9pisode caniculaire depuis le d\u00e9but de l&rsquo;\u00e9t\u00e9 et le 51e en France depuis 1947, ces ph\u00e9nom\u00e8nes \u00e9tant rendus plus fr\u00e9quents et plus intenses par le changement climatique.<\/p>\n<p>\u00ab\u00a0Pour faire rentrer un peu de fra\u00eecheur\u00a0\u00bb, Marie Couture, habitante du centre-ville de Montpellier, ouvre les fen\u00eatres de son appartement, sous les toits, \u00ab\u00a0tr\u00e8s t\u00f4t le matin, entre 5h et 7h\u00a0\u00bb, explique la retrait\u00e9e de 80 ans.<\/p>\n<p>\u00ab\u00a0Je pense acheter une climatisation \u00e0 la rentr\u00e9e, en vue des prochains \u00e9t\u00e9s. Mes deux filles insistent car elles sont un peu inqui\u00e8tes de me savoir expos\u00e9e \u00e0 de fortes chaleurs. Dans mon appartement, la temp\u00e9rature en journ\u00e9e ne descend parfois pas sous les 30 degr\u00e9s\u00a0\u00bb, confie-t-elle.<\/p>\n<p>&#8211; \u00ab\u00a0Seau de gla\u00e7ons\u00a0\u00bb &#8211;<\/p>\n<p>\u00c0 N\u00eemes, Annie Hugot, retrait\u00e9e de 78 ans, ne souhaite pas de climatisation, pour des raisons \u00e9conomiques et \u00e9cologiques. \u00ab\u00a0Nous pla\u00e7ons un seau de gla\u00e7ons sous les ventilateurs. \u00c7a fait l\u2019affaire !\u00a0\u00bb, sourit-elle.<\/p>\n<p>L&rsquo;\u00e9pisode caniculaire dans les Bouches-du-Rh\u00f4ne s&rsquo;accompagne d&rsquo;une pollution de l&rsquo;air \u00e0 l&rsquo;ozone, obligeant le maintien de la circulation diff\u00e9renci\u00e9e \u00e0 Marseille.<\/p>\n<p>Le risque d&rsquo;incendies sera \u00e9galement \u00e9lev\u00e9 dans les prochains jours dans le Sud et le Centre-Ouest en raison de la s\u00e9cheresse et des vents, particuli\u00e8rement dans l&rsquo;Aude, le Vaucluse et la Dr\u00f4me qui vont passer en vigilance rouge pour le danger feux, a annonc\u00e9 M\u00e9t\u00e9o-France.<\/p>\n<p>Dans l&rsquo;Aude, 330 pompiers sont toujours mobilis\u00e9s sur l&rsquo;incendie exceptionnel qui a parcouru 16.000 hectares et qui n&rsquo;est toujours pas \u00e9teint avec un risque de reprises accentu\u00e9 par les fortes chaleurs.<\/p>\n<p>La pr\u00e9fecture du Vaucluse a interdit samedi l&rsquo;acc\u00e8s \u00e0 une douzaine de massifs montagneux tandis que le pic Saint-Loup, situ\u00e9 \u00e0 une vingtaine de kilom\u00e8tres de Montpellier, pris\u00e9 des touristes, est inaccessible.<\/p>\n<p>M\u00e9t\u00e9o-France a \u00e9galement plac\u00e9 trois d\u00e9partements de la frange Est de l&rsquo;Hexagone ainsi que la Corse-du-Sud en vigilance jaune pour les orages samedi.<\/p>\n<p>&#8211; P\u00e9ninsule ib\u00e9rique endeuill\u00e9e &#8211;<\/p>\n<p>La canicule va perdurer jusqu&rsquo;\u00e0 la fin de journ\u00e9e avant de r\u00e9gresser par le nord et l&rsquo;ouest dimanche et surtout lundi. De nouveaux orages, en d\u00e9but de semaine prochaine, devraient faire baisser les temp\u00e9ratures selon M\u00e9t\u00e9o France et mettre un terme \u00e0 ce long \u00e9pisode caniculaire.<\/p>\n<p>Les pr\u00e9visionnistes tablent sur une fin de la vigilance orange samedi soir pour tous les d\u00e9partements d&rsquo;Auvergne, du Limousin, de Bourgogne-Franche-Comt\u00e9, du Centre-Val-de-Loire, ainsi que pour la Loire, l&rsquo;Ain, la Loz\u00e8re, l&rsquo;Aveyron, les Deux-S\u00e8vres et la Vienne.<\/p>\n<p>Samedi \u00e0 06H00, 12 d\u00e9partements, principalement du Nord-Est, ont d\u00e9j\u00e0 \u00e9t\u00e9 replac\u00e9s en vigilance jaune, a indiqu\u00e9 M\u00e9t\u00e9o-France dans son dernier bulletin. L&rsquo;institut anticipe un recul plus large dimanche, notamment dans le Centre, avec 18 d\u00e9partements suppl\u00e9mentaires r\u00e9trograd\u00e9s.<\/p>\n<p>La vague de chaleur a d\u00e9but\u00e9 le 8 ao\u00fbt en France. D&rsquo;abord cantonn\u00e9e au Sud, avec des temp\u00e9ratures particuli\u00e8rement \u00e9lev\u00e9es sur le Midi m\u00e9diterran\u00e9en, elle a atteint un niveau exceptionnel entre lundi et mercredi du Sud-Ouest au Centre-Est, o\u00f9 de nombreux records ont \u00e9t\u00e9 battus.<\/p>\n<p>Dans l&rsquo;Hexagone, 266 stations m\u00e9t\u00e9o ont enregistr\u00e9 au moins une fois une temp\u00e9rature de 40\u00b0C ou plus entre le 9 et le 12 ao\u00fbt 2025 inclus. Soit plus que sur toute la seconde moiti\u00e9 du XX\u00e8me si\u00e8cle (235).<\/p>\n<p>Les \u00e9tudes de surmortalit\u00e9 montrent que la chaleur tue plus que les ouragans, les inondations ou tout autre \u00e9v\u00e9nement climatique extr\u00eame. La pr\u00e9vention s&rsquo;est am\u00e9lior\u00e9e depuis la canicule de 2003 (15.000 morts) et moins de gens meurent d\u00e9sormais de la chaleur, mais plus de 5.000 personnes en sont mortes \u00e0 l&rsquo;\u00e9t\u00e9 2023, selon Sant\u00e9 publique France.<\/p>\n<p>La vague de chaleur touche aussi une grande partie de l&rsquo;Europe du Sud avec en premi\u00e8re ligne l&rsquo;Espagne, qui enregistre samedi son quatorzi\u00e8me jour cons\u00e9cutif de canicule.<\/p>\n<p>Plusieurs villes vont encore conna\u00eetre des pics de temp\u00e9ratures pouvant d\u00e9passer les 40 degr\u00e9s, a indiqu\u00e9 l&rsquo;agence m\u00e9t\u00e9orologique nationale Aemet, mettant en garde contre le risque d&rsquo;incendies \u00ab\u00a0tr\u00e8s \u00e9lev\u00e9 ou extr\u00eame dans la majeure partie du pays (&#8230;) jusqu&rsquo;\u00e0 lundi inclus\u00a0\u00bb.<\/p>\n<p>L&rsquo;Espagne a enregistr\u00e9 trois d\u00e9c\u00e8s dans ces incendies, dont deux jeunes volontaires trentenaires qui ont p\u00e9ri en tentant d&rsquo;\u00e9teindre les flammes en Castille-et-Leon (nord-ouest) o\u00f9 une douzaine de feux restent tr\u00e8s actifs.<\/p>\n<p>Au Portugal, l&rsquo;ancien maire de Guarda (est) est d\u00e9c\u00e9d\u00e9 vendredi, \u00ab\u00a0victime d&rsquo;un incendie qu&rsquo;il combattait dans sa commune\u00a0\u00bb, a annonc\u00e9 le pr\u00e9sident portugais Marcelo Rebelo.<\/p>\n<p>we-hv-bur\/sp<\/p>\n","protected":false},"excerpt":{"rendered":"La vague de chaleur se poursuit samedi sur une large partie du pays, jusqu&rsquo;au sud-Bretagne, avec 54 d\u00e9partements&hellip;\n","protected":false},"author":2,"featured_media":322655,"comment_status":"","ping_status":"","sticky":false,"template":"","format":"standard","meta":{"footnotes":""},"categories":[4],"tags":[11,1011,27,2357,12,46031,25,15637,27202],"class_list":{"0":"post-322654","1":"post","2":"type-post","3":"status-publish","4":"format-standard","5":"has-post-thumbnail","7":"category-france","8":"tag-actualites","9":"tag-fr","10":"tag-france","11":"tag-meteo-france","12":"tag-news","13":"tag-peninsule-iberique","14":"tag-republique-francaise","15":"tag-vague-de-chaleur","16":"tag-vigilance-orange"},"share_on_mastodon":{"url":"https:\/\/pubeurope.com\/@fr\/115037877272546492","error":""},"_links":{"self":[{"href":"https:\/\/www.europesays.com\/fr\/wp-json\/wp\/v2\/posts\/322654","targetHints":{"allow":["GET"]}}],"collection":[{"href":"https:\/\/www.europesays.com\/fr\/wp-json\/wp\/v2\/posts"}],"about":[{"href":"https:\/\/www.europesays.com\/fr\/wp-json\/wp\/v2\/types\/post"}],"author":[{"embeddable":true,"href":"https:\/\/www.europesays.com\/fr\/wp-json\/wp\/v2\/users\/2"}],"replies":[{"embeddable":true,"href":"https:\/\/www.europesays.com\/fr\/wp-json\/wp\/v2\/comments?post=322654"}],"version-history":[{"count":0,"href":"https:\/\/www.europesays.com\/fr\/wp-json\/wp\/v2\/posts\/322654\/revisions"}],"wp:featuredmedia":[{"embeddable":true,"href":"https:\/\/www.europesays.com\/fr\/wp-json\/wp\/v2\/media\/322655"}],"wp:attachment":[{"href":"https:\/\/www.europesays.com\/fr\/wp-json\/wp\/v2\/media?parent=322654"}],"wp:term":[{"taxonomy":"category","embeddable":true,"href":"https:\/\/www.europesays.com\/fr\/wp-json\/wp\/v2\/categories?post=322654"},{"taxonomy":"post_tag","embeddable":true,"href":"https:\/\/www.europesays.com\/fr\/wp-json\/wp\/v2\/tags?post=322654"}],"curies":[{"name":"wp","href":"https:\/\/api.w.org\/{rel}","templated":true}]}}