{"id":322658,"date":"2025-08-16T10:05:11","date_gmt":"2025-08-16T10:05:11","guid":{"rendered":"https:\/\/www.europesays.com\/fr\/322658\/"},"modified":"2025-08-16T10:05:11","modified_gmt":"2025-08-16T10:05:11","slug":"volley-deux-jeunes-joueurs-frejusiens-deja-champions-du-monde-avec-lequipe-de-france-des-19-ans","status":"publish","type":"post","link":"https:\/\/www.europesays.com\/fr\/322658\/","title":{"rendered":"Volley: deux jeunes joueurs Fr\u00e9jusiens d\u00e9j\u00e0 champions du monde avec l\u2019\u00e9quipe de France des -19 ans"},"content":{"rendered":"<p>Il y a tout juste un an, l\u2019embl\u00e9matique coach du Fr\u00e9jus Var Volley, Lo\u00efc Geiler, \u00e9tait sacr\u00e9 champion olympique en qualit\u00e9 d\u2019entraineur adjoint de l\u2019\u00e9quipe de France. Douze mois plus tard, c\u2019est au tour de deux jeunes joueurs du club de se distinguer au plus haut niveau.<\/p>\n<p>S\u00e9lectionn\u00e9s en \u00e9quipe de France des moins de 19 ans, Guillaume Respaut et Thomas Schmitz viennent d\u2019\u00eatre sacr\u00e9s champions du monde! En Ouzb\u00e9kistan, les jeunes Fran\u00e7ais ont tout d\u2019abord encha\u00een\u00e9 quatre victoires pour une d\u00e9faite en phase de Poule.<\/p>\n<p>Un parcours impressionnant<\/p>\n<p>\u00ab\u00a0Champions d\u2019Europe 2024, nous faisions partie des favoris. \u00c7a nous a mis une pression, les d\u00e9buts ont \u00e9t\u00e9 difficiles. Nous manquions de densit\u00e9 collective, d\u2019euphorie\u00a0\u00bb, avoue Thomas. Mais les choses se sont rapidement am\u00e9lior\u00e9es. \u00ab\u00a0On a discut\u00e9 entre nous avec beaucoup de franchise. On s\u2019est dit qu\u2019une d\u00e9faite en quart face \u00e0 l\u2019Italie \u00e9tait interdite\u00a0\u00bb, ajoute Guillaume. \u00ab\u00a0Tout est alors reparti et on les a battus en quatre sets\u00a0\u00bb. Apr\u00e8s une victoire en demie face \u00e0 l\u2019Iran, les tricolores venaient \u00e0 bout des Polonais en finale.<\/p>\n<p>Ils pouvaient alors soulever le Graal mondial&#8230; \u00ab\u00a0Un titre de champion du monde, c\u2019est champion d\u2019Europe puissance 10\u00a0\u00bb, s\u2019enthousiasme Guillaume, qui, cerise sur le g\u00e2teau, a \u00e9t\u00e9 d\u00e9sign\u00e9 meilleur libero de la comp\u00e9tition et a int\u00e9gr\u00e9 la \u00ab\u00a0dream team\u00a0\u00bb de ces mondiaux! Ce titre plan\u00e9taire a donc r\u00e9uni deux joueurs qui ont d\u00e9but\u00e9 le volley \u00e0 Fr\u00e9jus.<\/p>\n<p>De belles histoires de familles<\/p>\n<p>Chez les Respaut, le volley est une v\u00e9ritable histoire de famille. Le papa de Guillaume, Claudy, \u00e9tait un des joueurs phare de la grande \u00e9quipe de Fr\u00e9jus des \u00ab\u00a0ann\u00e9es 80-90\u00a0\u00bb. Et sa s\u0153ur, Emilie, est aujourd\u2019hui passeuse de l\u2019\u00e9quipe de France. Guillaume a d\u00e9but\u00e9 le volley d\u00e8s l\u2019\u00e2ge de 3 ans, a pass\u00e9 trois ann\u00e9es au P\u00f4le Espoirs de Cannes et entame dans quelques jours sa troisi\u00e8me saison au CNVB (centre national de volley-ball). Lui qui se qualifie de combattif et d\u2019impulsif, sera donc oppos\u00e9 \u00e0 son club d\u2019origine en Ligue B et vise le titre de champion avec le centre de formation du CNVB.<\/p>\n<p>Quant \u00e0 Thomas Schmitz, fils d\u2019une joueuse de Nationale 3 de Fr\u00e9jus, apr\u00e8s avoir lui aussi pass\u00e9 3 saisons au p\u00f4le espoir de Cannes, il int\u00e8gre le centre de formation de Fr\u00e9jus dans quelques jours. \u00a0\u00bb J\u2019esp\u00e8re avoir un maximum de temps de jeu et pourquoi pas gagner la coupe de France avec les M18&Prime;, pr\u00e9cise le passeur n\u00e9o champion du monde. Et quand on lui demande ses qualit\u00e9s et ses d\u00e9fauts, il reconnait sans h\u00e9siter \u00eatre calme mais aussi parfois trop calme&#8230;<\/p>\n","protected":false},"excerpt":{"rendered":"Il y a tout juste un an, l\u2019embl\u00e9matique coach du Fr\u00e9jus Var Volley, Lo\u00efc Geiler, \u00e9tait sacr\u00e9 champion&hellip;\n","protected":false},"author":2,"featured_media":322659,"comment_status":"","ping_status":"","sticky":false,"template":"","format":"standard","meta":{"footnotes":""},"categories":[1417],"tags":[1011,27,4075,60,3366,1470,1469],"class_list":{"0":"post-322658","1":"post","2":"type-post","3":"status-publish","4":"format-standard","5":"has-post-thumbnail","7":"category-volley","8":"tag-fr","9":"tag-france","10":"tag-jeunesse","11":"tag-sports","12":"tag-vie-locale","13":"tag-volley","14":"tag-volleyball"},"share_on_mastodon":{"url":"https:\/\/pubeurope.com\/@fr\/115037885157607885","error":""},"_links":{"self":[{"href":"https:\/\/www.europesays.com\/fr\/wp-json\/wp\/v2\/posts\/322658","targetHints":{"allow":["GET"]}}],"collection":[{"href":"https:\/\/www.europesays.com\/fr\/wp-json\/wp\/v2\/posts"}],"about":[{"href":"https:\/\/www.europesays.com\/fr\/wp-json\/wp\/v2\/types\/post"}],"author":[{"embeddable":true,"href":"https:\/\/www.europesays.com\/fr\/wp-json\/wp\/v2\/users\/2"}],"replies":[{"embeddable":true,"href":"https:\/\/www.europesays.com\/fr\/wp-json\/wp\/v2\/comments?post=322658"}],"version-history":[{"count":0,"href":"https:\/\/www.europesays.com\/fr\/wp-json\/wp\/v2\/posts\/322658\/revisions"}],"wp:featuredmedia":[{"embeddable":true,"href":"https:\/\/www.europesays.com\/fr\/wp-json\/wp\/v2\/media\/322659"}],"wp:attachment":[{"href":"https:\/\/www.europesays.com\/fr\/wp-json\/wp\/v2\/media?parent=322658"}],"wp:term":[{"taxonomy":"category","embeddable":true,"href":"https:\/\/www.europesays.com\/fr\/wp-json\/wp\/v2\/categories?post=322658"},{"taxonomy":"post_tag","embeddable":true,"href":"https:\/\/www.europesays.com\/fr\/wp-json\/wp\/v2\/tags?post=322658"}],"curies":[{"name":"wp","href":"https:\/\/api.w.org\/{rel}","templated":true}]}}