{"id":322660,"date":"2025-08-16T10:06:16","date_gmt":"2025-08-16T10:06:16","guid":{"rendered":"https:\/\/www.europesays.com\/fr\/322660\/"},"modified":"2025-08-16T10:06:16","modified_gmt":"2025-08-16T10:06:16","slug":"coupe-du-monde-feminine-de-rugby-calendrier-des-bleues-favorites-groupes-et-dates-des-matches-de-la-phase-finale","status":"publish","type":"post","link":"https:\/\/www.europesays.com\/fr\/322660\/","title":{"rendered":"Coupe du monde f\u00e9minine de rugby\u00a0: calendrier des Bleues, favorites, groupes et dates des matches de la phase finale"},"content":{"rendered":"<p>La Coupe du monde f\u00e9minine de rugby s&rsquo;ouvre le vendredi 22 ao\u00fbt avec l&rsquo;Angleterre, pays h\u00f4te, face aux \u00c9tats-Unis. Les Bleues lancent leur comp\u00e9tition le lendemain contre l&rsquo;Italie. Calendrier du XV de France, favorites, groupes et dates de la phase finale&#8230; ICI fait le point sur cette 10e \u00e9dition\u00a0!<\/p>\n<p><strong>L&rsquo;Angleterre<\/strong> accueille la 10e \u00e9dition de la Coupe du monde f\u00e9minine de rugby. La comp\u00e9tition d\u00e9bute le vendredi 22 ao\u00fbt avec le pays h\u00f4te qui affronte les \u00c9tats-Unis.\u00a0La finale se tiendra le 27\u00a0septembre \u00e0 Twickenham.<\/p>\n<p>Le calendrier des Bleues<\/p>\n<p>Tomb\u00e9es dans le groupe D, <strong>les\u00a0Bleues affronteront l&rsquo;Italie, le Br\u00e9sil et l\u2019Afrique du Sud<\/strong>. Le XV de France f\u00e9minin lance son tournoi le samedi 23 ao\u00fbt contre l&rsquo;Italie \u00e0 Exeter.<\/p>\n<ul>\n<li>samedi 23 ao\u00fbt\u00a0: France &#8211; Italie (\u00e0 21h15)<\/li>\n<li>dimanche 31 ao\u00fbt\u00a0: France &#8211; Br\u00e9sil (\u00e0 17h45)<\/li>\n<li>dimanche 7 septembre\u00a0: France &#8211; Afrique du Sud (\u00e0 17h45)<\/li>\n<\/ul>\n<p>La liste des 32 Bleues<\/p>\n<p>Si les Bleues terminent \u00e0 l&rsquo;une des deux premi\u00e8res places du groupe D, elles se qualifieront pour les quarts de finale. Elles affronteront la s\u00e9lection qui aura termin\u00e9 en t\u00eate ou deuxi\u00e8me de la poule C (Nouvelle-Z\u00e9lande, Irlande, Japon, Espagne).<\/p>\n<p>Pour ce faire,\u00a0Ga\u00eblle Mignot et David Ortiz, co-s\u00e9lectionneurs du XV de France f\u00e9minin ont choisi 32 joueuses pour ce Mondial.<\/p>\n<ul>\n<li><strong>Talonneuses<\/strong>\u00a0: Manon Bigot (Blagnac), Agathe G\u00e9rin (Bordeaux), \u00c9lisa Riffonneau (Grenoble)<\/li>\n<li><strong>Piliers<\/strong>\u00a0: Makarita Baleinadogo (Bordeaux), Rose Bernadou (Montpellier), Yllana Brosseau (Romagnat), Anna\u00eblle Deshaye (Bordeaux), Assia Khalfaoui (Romagnat)<\/li>\n<li><strong>Deuxi\u00e8me-ligne<\/strong>\u00a0: Madoussou Fall Raclot (Bordeaux), Manae Feleu (Grenoble), Hina Ikahehegi (Bordeaux), Ta\u00efna Maka (Grenoble)<\/li>\n<li><strong>Troisi\u00e8me-ligne<\/strong>\u00a0: Axelle Berthoumieu (Bordeaux), L\u00e9a Champon (Grenoble), Khoudedia Cissokho (Bordeaux), Charlotte Escudero (Toulouse), T\u00e9ani Feleu (Grenoble), Marie Morland (Lyon), S\u00e9raphine Okemba (Lyon)<\/li>\n<li><strong>Demies de m\u00eal\u00e9e<\/strong>\u00a0: Pauline Bourdon Sansus (Toulouse), Alexandra Chambon (Romagnat)<\/li>\n<li><strong>Demies d\u2019ouverture<\/strong>\u00a0: Carla Arbez (Bordeaux), Lina Queyroi (Toulouse), Lina Tuy (Romagnat).<\/li>\n<li><strong>Centres<\/strong>\u00a0: Nassira Konde (Bordeaux), Marine M\u00e9nager (Montpellier), Carla Neisen (Blagnac), Gabrielle Vernier (Blagnac)<\/li>\n<li><strong>Aili\u00e8res\/Arri\u00e8res<\/strong>\u00a0: Kelly Arbey (Toulouse), \u00c9milie Boulard (Blagnac), Morgane Bourgeois (Bordeaux), Joanna Grisez (Bordeaux)<\/li>\n<\/ul>\n<p>\u00c0 lire aussi   <img decoding=\"async\" src=\"https:\/\/www.europesays.com\/fr\/wp-content\/uploads\/2025\/08\/560x315_sc_000-43lf63a.jpg\" alt=\"Pauline Bourdon-Sansus, demi de m\u00eal\u00e9e du Stade Toulousain, est s\u00e9lectionn\u00e9e pour le prochain mondial avec le XV de France.\" style=\"--_image-preview:url('data:image\/jpeg;base64,\/9j\/2wBDACgcHiMeGSgjISMtKygwPGRBPDc3PHtYXUlkkYCZlo+AjIqgtObDoKrarYqMyP\/L2u71\/\/\/\/m8H\/\/\/\/6\/+b9\/\/j\/2wBDASstLTw1PHZBQXb4pYyl+Pj4+Pj4+Pj4+Pj4+Pj4+Pj4+Pj4+Pj4+Pj4+Pj4+Pj4+Pj4+Pj4+Pj4+Pj4+Pj4+Pj\/wAARCAAXACoDASIAAhEBAxEB\/8QAFwAAAwEAAAAAAAAAAAAAAAAAAAECA\/\/EABgQAQEBAQEAAAAAAAAAAAAAAAABAhES\/8QAFgEBAQEAAAAAAAAAAAAAAAAAAAEC\/8QAFBEBAAAAAAAAAAAAAAAAAAAAAP\/aAAwDAQACEQMRAD8A3uk2p9FaoLS6VqLWVazS\/TGVXVUpTAETpFAA8tAAf\/\/Z');\" loading=\"lazy\" fetchpriority=\"low\" aria-hidden=\"true\" class=\"svelte-1pnmlwx rounded\" onload=\"this.__e=event\" onerror=\"this.__e=event\"\/>L&rsquo;Angleterre et la Nouvelle-Z\u00e9lande favorites, les Bleues outsider<\/p>\n<p>Favorite de la comp\u00e9tition organis\u00e9e chez elle, <strong>l&rsquo;Angleterre<\/strong> a remport\u00e9 le Mondial en 1994 et 2014. Meilleure nation\u00a0du\u00a0monde, elle a conc\u00e9d\u00e9 sa derni\u00e8re d\u00e9faite en finale de la derni\u00e8re\u00a0Coupe\u00a0du\u00a0monde, perdue de peu face \u00e0 la Nouvelle-Z\u00e9lande apr\u00e8s avoir pris un carton rouge.<\/p>\n<p><strong>La Nouvelle-Z\u00e9lande<\/strong>\u00a0est l&rsquo;autre favorite apr\u00e8s avoir remport\u00e9 six des neuf \u00e9ditions pr\u00e9c\u00e9dentes en 1998, 2002, 2006, 2010, 2017 et 2021.<\/p>\n<p>Outsider, <strong>les Bleues<\/strong>\u00a0ont \u00e9t\u00e9 balay\u00e9es pour leur\u00a0unique r\u00e9p\u00e9tition avant le Mondial par la puissance de l&rsquo;Angleterre (40-6)\u00a0<a class=\"IciLink ici-link IciArticleLink g-ici-body-regular-1 underline brand svelte-lu7k6w\" href=\"https:\/\/www.francebleu.fr\/sports\/rugby\/france-angleterre-a-mont-de-marsan-les-rugbywomen-francaises-s-inclinent-40-a-6-4515617\" rel=\"nofollow noopener\" target=\"_blank\">\u00e0 Mont-de-Marsan le 9 ao\u00fbt dernier<\/a>. L&rsquo;espoir n\u00e9 au printemps dernier \u00e0 Twickenham\u00a0<a class=\"IciLink ici-link IciArticleLink g-ici-body-regular-1 underline brand svelte-lu7k6w\" href=\"https:\/\/www.francebleu.fr\/sports\/rugby\/six-nations-feminin-les-bleues-s-inclinent-contre-l-angleterre-qui-remporte-le-tournoi-7639044\" rel=\"nofollow noopener\" target=\"_blank\">avec ce revers frustrant d&rsquo;un point (42-43)<\/a>\u00a0avait pourtant anim\u00e9 la pr\u00e9paration et l&rsquo;avant-match de ce choc de gala.<\/p>\n<p>Le XV de France f\u00e9minin tentera de faire mieux que la troisi\u00e8me marche du podium, meilleure place obtenue en 1994, 2002, 2006, 2014, 2017 et 2021.<\/p>\n<p>16 \u00e9quipes r\u00e9parties dans quatre groupes<\/p>\n<p>La formule de cette 10e \u00e9dition est remani\u00e9e avec un \u00e9largissement \u00e0 seize \u00e9quipes. Ces derni\u00e8res sont r\u00e9parties dans quatre groupes. Les deux premi\u00e8res se qualifient pour les quarts de finale.<\/p>\n<ul>\n<li><strong>Poule A<\/strong>\u00a0:\u00a0l&rsquo;Angleterre, l&rsquo;Australie, les Etats-Unis et les Samoa.<\/li>\n<li><strong>Poule B<\/strong>\u00a0:\u00a0le Canada, l&rsquo;Ecosse, le pays de Galles et les Fidji<\/li>\n<li><strong>Poule C<\/strong>\u00a0: la Nouvelle-Z\u00e9lande, l&rsquo;Irlande, le Japon et l&rsquo;Espagne<\/li>\n<li><strong>Poule D<\/strong>\u00a0: <strong>la France<\/strong>, l&rsquo;Italie, l&rsquo;Afrique du Sud et le Br\u00e9sil<\/li>\n<\/ul>\n<p>Finale le 27 septembre<\/p>\n<p>Les quarts de finale auront lieu les\u00a0samedi\u00a013 et dimanche 14\u00a0septembre. Les demi-finales se tiendront les\u00a0vendredi\u00a019 et samedi 20\u00a0septembre. Enfin, la finale se jouera le samedi 27 septembre dans le mythique stade Twickenham.<\/p>\n<ul>\n<li><strong>samedi\u00a013 et dimanche 14\u00a0septembre\u00a0:<\/strong>\u00a0quarts de finale<\/li>\n<li><strong>vendredi\u00a019 et samedi 20\u00a0septembre\u00a0:<\/strong>\u00a0demi-finale<\/li>\n<li><strong>samedi 27\u00a0septembre\u00a0:<\/strong>\u00a0finale<\/li>\n<\/ul>\n<p>\u00c0 lire aussi   <img decoding=\"async\" src=\"https:\/\/www.europesays.com\/fr\/wp-content\/uploads\/2025\/08\/560x315_sc_protege-dents.jpg\" alt=\"L'objectif de World Rugby est d'introduire ce syst\u00e8me dans toutes les comp\u00e9titions de rugby de haut niveau.\" style=\"--_image-preview:url('data:image\/jpeg;base64,\/9j\/2wBDACgcHiMeGSgjISMtKygwPGRBPDc3PHtYXUlkkYCZlo+AjIqgtObDoKrarYqMyP\/L2u71\/\/\/\/m8H\/\/\/\/6\/+b9\/\/j\/2wBDASstLTw1PHZBQXb4pYyl+Pj4+Pj4+Pj4+Pj4+Pj4+Pj4+Pj4+Pj4+Pj4+Pj4+Pj4+Pj4+Pj4+Pj4+Pj4+Pj4+Pj\/wAARCAAXACoDASIAAhEBAxEB\/8QAGAAAAwEBAAAAAAAAAAAAAAAAAAECAwT\/xAAWEAEBAQAAAAAAAAAAAAAAAAAAARH\/xAAXAQADAQAAAAAAAAAAAAAAAAAAAQID\/8QAFhEBAQEAAAAAAAAAAAAAAAAAAAER\/9oADAMBAAIRAxEAPwCE09KszlTUVVZ1UGi0tK0tUTp0rQGZJrOgGEUtAUb\/2Q==');\" loading=\"lazy\" fetchpriority=\"low\" aria-hidden=\"true\" class=\"svelte-1pnmlwx rounded\" onload=\"this.__e=event\" onerror=\"this.__e=event\"\/><\/p>\n","protected":false},"excerpt":{"rendered":"La Coupe du monde f\u00e9minine de rugby s&rsquo;ouvre le vendredi 22 ao\u00fbt avec l&rsquo;Angleterre, pays h\u00f4te, face aux&hellip;\n","protected":false},"author":2,"featured_media":322661,"comment_status":"","ping_status":"","sticky":false,"template":"","format":"standard","meta":{"footnotes":""},"categories":[1416],"tags":[1011,27,479,1468,60],"class_list":{"0":"post-322660","1":"post","2":"type-post","3":"status-publish","4":"format-standard","5":"has-post-thumbnail","7":"category-rugby","8":"tag-fr","9":"tag-france","10":"tag-rugby","11":"tag-rugby-football","12":"tag-sports"},"share_on_mastodon":{"url":"https:\/\/pubeurope.com\/@fr\/115037889500251937","error":""},"_links":{"self":[{"href":"https:\/\/www.europesays.com\/fr\/wp-json\/wp\/v2\/posts\/322660","targetHints":{"allow":["GET"]}}],"collection":[{"href":"https:\/\/www.europesays.com\/fr\/wp-json\/wp\/v2\/posts"}],"about":[{"href":"https:\/\/www.europesays.com\/fr\/wp-json\/wp\/v2\/types\/post"}],"author":[{"embeddable":true,"href":"https:\/\/www.europesays.com\/fr\/wp-json\/wp\/v2\/users\/2"}],"replies":[{"embeddable":true,"href":"https:\/\/www.europesays.com\/fr\/wp-json\/wp\/v2\/comments?post=322660"}],"version-history":[{"count":0,"href":"https:\/\/www.europesays.com\/fr\/wp-json\/wp\/v2\/posts\/322660\/revisions"}],"wp:featuredmedia":[{"embeddable":true,"href":"https:\/\/www.europesays.com\/fr\/wp-json\/wp\/v2\/media\/322661"}],"wp:attachment":[{"href":"https:\/\/www.europesays.com\/fr\/wp-json\/wp\/v2\/media?parent=322660"}],"wp:term":[{"taxonomy":"category","embeddable":true,"href":"https:\/\/www.europesays.com\/fr\/wp-json\/wp\/v2\/categories?post=322660"},{"taxonomy":"post_tag","embeddable":true,"href":"https:\/\/www.europesays.com\/fr\/wp-json\/wp\/v2\/tags?post=322660"}],"curies":[{"name":"wp","href":"https:\/\/api.w.org\/{rel}","templated":true}]}}