{"id":322673,"date":"2025-08-16T10:14:13","date_gmt":"2025-08-16T10:14:13","guid":{"rendered":"https:\/\/www.europesays.com\/fr\/322673\/"},"modified":"2025-08-16T10:14:13","modified_gmt":"2025-08-16T10:14:13","slug":"charmoy-28-ans-plus-tard-la-tour-du-bost-est-devenue-un-bijou-architectural","status":"publish","type":"post","link":"https:\/\/www.europesays.com\/fr\/322673\/","title":{"rendered":"Charmoy. 28 ans plus tard, la tour du Bost est devenue un bijou architectural"},"content":{"rendered":"<p>D\u00e9j\u00e0 plus d\u2019une centaine de visiteurs ont choisi de se r\u00e9fugier dans la belle tour du Bost situ\u00e9e \u00e0 Charmoy en cette p\u00e9riode caniculaire. Leur but\u00a0: d\u00e9couvrir l\u2019\u00e9difice, jadis forteresse, enti\u00e8rement restaur\u00e9e \u00e0 l\u2019identique et m\u00eame, d\u2019apr\u00e8s quelques archives, avec encore beaucoup plus de cachet que la construction originale datant du XIIe\u00a0si\u00e8cle.<\/p>\n<p>  Au milieu de deux villes eccl\u00e9siastiques et au c\u0153ur des pr\u00e9s<\/p>\n<p>La tour du Bost est situ\u00e9e entre deux villes eccl\u00e9siastiques\u00a0: Cluny et Autun et localis\u00e9e en pleine campagne au milieu de pr\u00e9s et de bois. Elle pose fi\u00e8rement sur un promontoire dominant la vall\u00e9e et une ancienne voie romaine et m\u00e9di\u00e9vale. Avec sa forme de donjon quadrangulaire de plus de 40\u00a0m\u00e8tres de hauteur, elle est visible depuis la route D980. Pour son histoire cont\u00e9e pendant la visite guid\u00e9e, il appara\u00eet que la tour consacr\u00e9e \u00e0 la d\u00e9fense ou comme tour de guet, est devenue habitation et si\u00e8ge d\u2019une seigneurie. R\u00e9duite \u00e0 l\u2019\u00e9tat de ruines au fil des si\u00e8cles, elle a \u00e9t\u00e9 class\u00e9e dans les ann\u00e9es 90, d\u00e9but de sa r\u00e9fection et a r\u00e9apparu comme un bijou architectural sous l\u2019impulsion de courageux b\u00e9n\u00e9voles et de l\u2019association Tremplin Homme et Patrimoine et de l\u2019association de la Tour, mais aussi gr\u00e2ce \u00e0 des b\u00e2tisseurs venus de tous bords. Class\u00e9e monument historique depuis 28 ans, son dernier \u00e9tage prend forme au rythme des finances\u2026 R\u00e9nover un tel monument demande en effet, pas seulement de l\u2019huile de coude, quoique c\u2019est le carburant essentiel pour ce genre de travaux.<\/p>\n<p class=\"note\">Portes ouvertes\/Samedi\u00a016 et dimanche 17\u00a0ao\u00fbt \u00e0 15\u00a0h, 16\u00a0h\u00a030 et 18\u00a0h. Renseignements au 03\u00a085\u00a068\u00a021\u00a008.<\/p>\n<p>        &#13;<br \/>\n          <a href=\"https:\/\/cdn-s-www.lejsl.com\/images\/6fe4558d-70d5-4d20-abce-802002b7a02d\/NW_raw\/gus-qui-a-participe-aux-travaux-de-renovation-photo-lucette-alain-1755270678.jpg\" title=\"Gus qui a particip\u00e9 aux travaux de r\u00e9novation.\u00a0 Photo\u00a0Lucette Alain\" class=\"chocolat-image GA-tracking\" data-ga_type=\"click\" data-ga_category=\"D\u00e9tail\" data-ga_action=\"zoomer\" data-ga_label=\"agrandir image\" target=\"_blank\" rel=\"noopener\">&#13;<br \/>\n            <img loading=\"lazy\" decoding=\"async\" src=\"https:\/\/www.europesays.com\/fr\/wp-content\/uploads\/2025\/08\/gus-qui-a-participe-aux-travaux-de-renovation-photo-lucette-alain-1755270678.jpg\" alt=\"Gus qui a particip\u00e9 aux travaux de r\u00e9novation.\u00a0 Photo\u00a0Lucette Alain\"\/>&#13;<br \/>\n          <\/a>&#13;<br \/>\n          &#13;<\/p>\n<p class=\"insetTitle\">Charmoy &#8211; Gus\u00a0: \u00ab\u00a0Travailler \u00e0 la tour a \u00e9t\u00e9 une belle exp\u00e9rience professionnelle\u00a0\u00bb<\/p>\n<p>\u00ab\u00a0Il y a 12 ans, je souhaitais changer de branche professionnelle. Des copains m\u2019avaient parl\u00e9 des chantiers de la tour du Bost. J\u2019ai eu la chance d\u2019int\u00e9grer un stage d\u2019insertion d\u2019une ann\u00e9e. Mon objectif \u00e9tait de participer aux travaux de r\u00e9novation du monument qui ne ressemblait pas \u00e0 ce qu\u2019il est aujourd\u2019hui. J\u2019ai pris la pelle, la brouette, le maillet, le marteau pour \u201ctoucher\u201d le m\u00e9tier de b\u00e2tisseur en pierres. Si j\u2019ai appris \u00e0 tailler des pierres, car tout le monde apprenait et participait, j\u2019ai pas mal grimp\u00e9 aux \u00e9tages avec des tas de seaux de ciment. Une exp\u00e9rience dont je suis fier.\u00a0\u00bb<\/p>\n<p>        &#13;<br \/>\n          <a href=\"https:\/\/cdn-s-www.lejsl.com\/images\/765a7ada-8587-4e43-80eb-854254cda1cc\/NW_raw\/bernard-valette-photo-lucette-alain-1755270678.jpg\" title=\"Bernard Valette.\u00a0 Photo\u00a0Lucette Alain\" class=\"chocolat-image GA-tracking\" data-ga_type=\"click\" data-ga_category=\"D\u00e9tail\" data-ga_action=\"zoomer\" data-ga_label=\"agrandir image\" target=\"_blank\" rel=\"noopener\">&#13;<br \/>\n            <img loading=\"lazy\" decoding=\"async\" src=\"https:\/\/www.europesays.com\/fr\/wp-content\/uploads\/2025\/08\/bernard-valette-photo-lucette-alain-1755270678.jpg\" alt=\"Bernard Valette.\u00a0 Photo\u00a0Lucette Alain\"\/>&#13;<br \/>\n          <\/a>&#13;<br \/>\n          &#13;<\/p>\n<p class=\"insetTitle\">Charmoy &#8211; Bernard Valette\u00a0: \u00ab\u00a0Je suis admiratif de la prise en main de ce monument\u00a0\u00bb<\/p>\n<p>En tant que pr\u00e9sident de l\u2019association Passion patrimoine de la communaut\u00e9 de communes B\u00e2g\u00e9\/Pont-de-Vaux qui \u0153uvre pour la sauvegarde et la mise en valeur du patrimoine au niveau national voire international afin de promouvoir l\u2019histoire des ordres religieux militaires et hospitaliers du Moyen \u00c2ge, Bernard Valette se dit\u00a0: \u00ab\u00a0Tr\u00e8s admiratif de la prise en main de ce monument, des hommes qui l\u2019ont aid\u00e9 \u00e0 retrouver son visage d\u2019autrefois\u00a0\u00bb. \u00ab\u00a0L\u2019investissement du b\u00e9n\u00e9volat est remarquable \u00e0 tous points de vue, manuel, financier, humain. Je trouve ce travail et la tour extraordinaire.\u00a0\u00bb<\/p>\n<p>        &#13;<br \/>\n          <a href=\"https:\/\/cdn-s-www.lejsl.com\/images\/82a00f04-1611-4656-9cfc-f1feedd68565\/NW_raw\/nelly-et-sa-soeur-lydie-photo-lucette-alain-1755270677.jpg\" title=\"Nelly et sa s\u0153ur Lydie.\u00a0 Photo\u00a0Lucette Alain\" class=\"chocolat-image GA-tracking\" data-ga_type=\"click\" data-ga_category=\"D\u00e9tail\" data-ga_action=\"zoomer\" data-ga_label=\"agrandir image\" target=\"_blank\" rel=\"noopener\">&#13;<br \/>\n            <img loading=\"lazy\" decoding=\"async\" src=\"https:\/\/www.europesays.com\/fr\/wp-content\/uploads\/2025\/08\/nelly-et-sa-soeur-lydie-photo-lucette-alain-1755270677.jpg\" alt=\"Nelly et sa s\u0153ur Lydie.\u00a0 Photo\u00a0Lucette Alain\"\/>&#13;<br \/>\n          <\/a>&#13;<br \/>\n          &#13;<\/p>\n<p class=\"insetTitle\">Charmoy &#8211; Nelly et sa s\u0153ur Lydie\u00a0: \u00ab\u00a0Un travail spectaculaire\u00a0\u00bb<\/p>\n<p>\u00ab\u00a0C\u2019est la premi\u00e8re fois que je p\u00e9n\u00e8tre dans la tour\u00a0\u00bb, indique Nelly qui demeure \u00e0 quelques vols d\u2019oiseaux. En ce qui concerne sa s\u0153ur Lydie qui demeure \u00e0 B\u00e2g\u00e9-la-Ville, en tant que f\u00e9rue de patrimoine et adh\u00e9rente de l\u2019association Passion patrimoine de l\u2019Ain\u00a0: \u00ab\u00a0Je ne connaissais pas l\u2019existence de ce joyau. Ce qui m\u2019a touch\u00e9e en premier, c\u2019est l\u2019investissement des personnes en r\u00e9insertion et l\u2019ing\u00e9niosit\u00e9 des r\u00e9alisations parties de peu d\u2019archives\u00a0\u00bb. \u00ab\u00a0Nous trouvons cette reconstruction spectaculaire\u00a0\u00bb, ont rench\u00e9ri les deux s\u0153urs qui n\u2019ont pas manqu\u00e9 d\u2019\u00e9loges tant elles \u00e9taient sous le charme.<\/p>\n","protected":false},"excerpt":{"rendered":"D\u00e9j\u00e0 plus d\u2019une centaine de visiteurs ont choisi de se r\u00e9fugier dans la belle tour du Bost situ\u00e9e&hellip;\n","protected":false},"author":2,"featured_media":322674,"comment_status":"","ping_status":"","sticky":false,"template":"","format":"standard","meta":{"footnotes":""},"categories":[1358],"tags":[1348,1384,1385,46033,1386,58,22717,59,107,1011,27,937,26634,104],"class_list":{"0":"post-322673","1":"post","2":"type-post","3":"status-publish","4":"format-standard","5":"has-post-thumbnail","7":"category-arts-et-design","8":"tag-arts","9":"tag-arts-and-design","10":"tag-arts-et-design","11":"tag-charmoy","12":"tag-design","13":"tag-divertissement","14":"tag-edition-le-creusot","15":"tag-entertainment","16":"tag-fil-info","17":"tag-fr","18":"tag-france","19":"tag-histoire","20":"tag-le-creusot-bassin","21":"tag-societe"},"share_on_mastodon":{"url":"https:\/\/pubeurope.com\/@fr\/115037920622423735","error":""},"_links":{"self":[{"href":"https:\/\/www.europesays.com\/fr\/wp-json\/wp\/v2\/posts\/322673","targetHints":{"allow":["GET"]}}],"collection":[{"href":"https:\/\/www.europesays.com\/fr\/wp-json\/wp\/v2\/posts"}],"about":[{"href":"https:\/\/www.europesays.com\/fr\/wp-json\/wp\/v2\/types\/post"}],"author":[{"embeddable":true,"href":"https:\/\/www.europesays.com\/fr\/wp-json\/wp\/v2\/users\/2"}],"replies":[{"embeddable":true,"href":"https:\/\/www.europesays.com\/fr\/wp-json\/wp\/v2\/comments?post=322673"}],"version-history":[{"count":0,"href":"https:\/\/www.europesays.com\/fr\/wp-json\/wp\/v2\/posts\/322673\/revisions"}],"wp:featuredmedia":[{"embeddable":true,"href":"https:\/\/www.europesays.com\/fr\/wp-json\/wp\/v2\/media\/322674"}],"wp:attachment":[{"href":"https:\/\/www.europesays.com\/fr\/wp-json\/wp\/v2\/media?parent=322673"}],"wp:term":[{"taxonomy":"category","embeddable":true,"href":"https:\/\/www.europesays.com\/fr\/wp-json\/wp\/v2\/categories?post=322673"},{"taxonomy":"post_tag","embeddable":true,"href":"https:\/\/www.europesays.com\/fr\/wp-json\/wp\/v2\/tags?post=322673"}],"curies":[{"name":"wp","href":"https:\/\/api.w.org\/{rel}","templated":true}]}}