{"id":322675,"date":"2025-08-16T10:15:12","date_gmt":"2025-08-16T10:15:12","guid":{"rendered":"https:\/\/www.europesays.com\/fr\/322675\/"},"modified":"2025-08-16T10:15:12","modified_gmt":"2025-08-16T10:15:12","slug":"comment-les-cahiers-de-vacances-pour-adultes-sont-devenus-le-best-seller-de-lete","status":"publish","type":"post","link":"https:\/\/www.europesays.com\/fr\/322675\/","title":{"rendered":"comment les cahiers de vacances pour adultes sont devenus le best-seller de l\u2019\u00e9t\u00e9"},"content":{"rendered":"<p>Surfant sur la tendance \u00abadulescente\u00bb, ces publications se sont impos\u00e9es dans les librairies en moins de deux d\u00e9cennies.<\/p>\n<p class=\"fig-paragraph\">Gliss\u00e9s dans la valise entre la cr\u00e8me solaire et le maillot de bain, les cahiers de vacances\u00a0<a href=\"https:\/\/madame.lefigaro.fr\/celebrites\/actu-people\/incollables-cette-photo-des-enfants-de-rihanna-occupes-avec-des-cahiers-de-vacances-pendant-leurs-vacances-en-france-20250704\" target=\"_blank\" data-fig-type=\"Article\" rel=\"sponsored noopener\" data-gtm-custom-categorie=\"navigation\" data-gtm-custom-action=\"crossclick\" data-gtm-custom-label=\"Contextuel\" data-gtm-event=\"customEventSPE\" data-fig-domain=\"MADAME\">ont donn\u00e9 des sueurs froides \u00e0 des g\u00e9n\u00e9rations de t\u00eates blondes<\/a>\u00a0depuis leur cr\u00e9ation en 1933. Pas rancuniers pour un sou, les enfants devenus grands sont de plus en plus nombreux \u00e0 renouer sciemment avec cette tradition estivale. Parmi ces bons \u00e9l\u00e8ves, Louise, \u00e9tudiante en sciences politiques, se languit d\u00e9j\u00e0 de remplir le sien. Cette grande nostalgique \u00ab\u00a0des gommettes \u00e9toil\u00e9es qu\u2019on d\u00e9collait dans les cahiers Passeport\u00a0\u00bb a jet\u00e9 son d\u00e9volu sur un mod\u00e8le Bescherelle \u00ab\u00a0afin de combler (ses) lacunes\u00a0\u00bb en espagnol.<\/p>\n<p class=\"fig-paragraph\">Avec un chiffre d\u2019affaires de 5\u00a0millions d\u2019euros en 2024, le cahier de vacances pour adultes s\u2019impose d\u00e9sormais comme un best-seller de la saison<\/p>\n<p class=\"fig-premium-paywall__infos\">\n        Cet article est r\u00e9serv\u00e9 aux abonn\u00e9s.        Il vous reste 82% \u00e0 d\u00e9couvrir.\n    <\/p>\n<p>                <img  data- alt=\"Le Figaro\" class=\"fig-img--complete fig-img\"\/><\/p>\n<p class=\"fig-premium-paywall__title\">Vente Flash<\/p>\n<p class=\"fig-premium-paywall__subtitle\">4,99\u20ac par mois pendant 12 mois. Sans engagement<\/p>\n<p class=\"fig-premium-paywall__connect\">\n                D\u00e9j\u00e0 abonn\u00e9\u00a0?                <a class=\"fig-premium-paywall__connect-link\" href=\"https:\/\/connect.lefigaro.fr\/login?client=horizon_web&amp;type=main&amp;redirect_uri=https%3A%2F%2Fwww.lefigaro.fr%2Fmedias%2Fon-l-a-reimprime-plusieurs-fois-comment-les-cahiers-de-vacances-pour-adultes-sont-devenus-le-best-seller-de-l-ete-20250816\" data-js-gtm=\"{&quot;customCategorie&quot;: &quot;conversion&quot;, &quot;customAction&quot;: &quot;before_Landing_Connexion_paywall_manuel&quot;, &quot;customLabel&quot;: &quot;bGVmaWdhcm8uZnJfXzFmMDYyMmVkLTNjYTgtNmQ4OC1iYmJlLTMxYjAwMDBjMjE3Nl9fQXJ0aWNsZQ==_\u00abOn l\u2019a r\u00e9imprim\u00e9 plusieurs fois\u00bb: comment les cahiers de vacances pour adultes sont devenus le best-seller de l\u2019\u00e9t\u00e9_146&quot;, &quot;customIDSPE&quot;: &quot;bGVmaWdhcm8uZnJfXzFmMDYyMmVkLTNjYTgtNmQ4OC1iYmJlLTMxYjAwMDBjMjE3Nl9fQXJ0aWNsZQ==&quot;, &quot;event&quot;: &quot;customEventSPE&quot;}\" target=\"_blank\" rel=\"noopener\"><br \/>\n                    Connectez-vous<br \/>\n                <\/a>\n            <\/p>\n","protected":false},"excerpt":{"rendered":"Surfant sur la tendance \u00abadulescente\u00bb, ces publications se sont impos\u00e9es dans les librairies en moins de deux d\u00e9cennies.&hellip;\n","protected":false},"author":2,"featured_media":322676,"comment_status":"","ping_status":"","sticky":false,"template":"","format":"standard","meta":{"footnotes":""},"categories":[1357],"tags":[1379,58,4660,59,1011,27,1380,18830,2528],"class_list":{"0":"post-322675","1":"post","2":"type-post","3":"status-publish","4":"format-standard","5":"has-post-thumbnail","7":"category-livres","8":"tag-books","9":"tag-divertissement","10":"tag-edition","11":"tag-entertainment","12":"tag-fr","13":"tag-france","14":"tag-livres","15":"tag-tendances","16":"tag-vacances"},"share_on_mastodon":{"url":"https:\/\/pubeurope.com\/@fr\/115037924500579916","error":""},"_links":{"self":[{"href":"https:\/\/www.europesays.com\/fr\/wp-json\/wp\/v2\/posts\/322675","targetHints":{"allow":["GET"]}}],"collection":[{"href":"https:\/\/www.europesays.com\/fr\/wp-json\/wp\/v2\/posts"}],"about":[{"href":"https:\/\/www.europesays.com\/fr\/wp-json\/wp\/v2\/types\/post"}],"author":[{"embeddable":true,"href":"https:\/\/www.europesays.com\/fr\/wp-json\/wp\/v2\/users\/2"}],"replies":[{"embeddable":true,"href":"https:\/\/www.europesays.com\/fr\/wp-json\/wp\/v2\/comments?post=322675"}],"version-history":[{"count":0,"href":"https:\/\/www.europesays.com\/fr\/wp-json\/wp\/v2\/posts\/322675\/revisions"}],"wp:featuredmedia":[{"embeddable":true,"href":"https:\/\/www.europesays.com\/fr\/wp-json\/wp\/v2\/media\/322676"}],"wp:attachment":[{"href":"https:\/\/www.europesays.com\/fr\/wp-json\/wp\/v2\/media?parent=322675"}],"wp:term":[{"taxonomy":"category","embeddable":true,"href":"https:\/\/www.europesays.com\/fr\/wp-json\/wp\/v2\/categories?post=322675"},{"taxonomy":"post_tag","embeddable":true,"href":"https:\/\/www.europesays.com\/fr\/wp-json\/wp\/v2\/tags?post=322675"}],"curies":[{"name":"wp","href":"https:\/\/api.w.org\/{rel}","templated":true}]}}