{"id":322677,"date":"2025-08-16T10:16:25","date_gmt":"2025-08-16T10:16:25","guid":{"rendered":"https:\/\/www.europesays.com\/fr\/322677\/"},"modified":"2025-08-16T10:16:25","modified_gmt":"2025-08-16T10:16:25","slug":"audiences-20h-le-week-end-du-15-aout-toujours-tres-complique-plombe-les-audiences-des-20h-et-personne-ne-depasse-les-39-millions-hier-soir","status":"publish","type":"post","link":"https:\/\/www.europesays.com\/fr\/322677\/","title":{"rendered":"Audiences 20h : Le week-end du 15 ao\u00fbt, toujours tr\u00e8s compliqu\u00e9, plombe les audiences des 20h et personne ne d\u00e9passe les 3,9 millions hier soir"},"content":{"rendered":"<p>Hier soir, sur TF1, les t\u00e9l\u00e9spectateurs ont pu retrouver le JT de 20h de la cha\u00eene pr\u00e9sent\u00e9 par Audrey Crespo-Mara, qui assure le remplacement d&rsquo;Anne-Claire Coudray durant la p\u00e9riode estivale.\u00a0<\/p>\n<p>Sur France 2, Julien Benedetto prenait les commandes du JT de la cha\u00eene publique.\u00a0<\/p>\n<p>\u00a0<\/p>\n<p>        Le JT de 20h &#8211; Audrey Crespo-Mara<br \/>\n        29.6 % de PDA\n        <\/p>\n<p>        3 890 000<\/p>\n<p>        Le JT de 20h &#8211; Julien Benedetto<br \/>\n        23 % de PDA\n        <\/p>\n<p>        2 970 000<\/p>\n<p>        Le 19.45<br \/>\n        11.9 % de PDA\n        <\/p>\n<p>        1 460 000<\/p>\n<p>        ARTE le journal<br \/>\n        3.6 % de PDA\n        <\/p>\n<p>        430 000<\/p>\n<p>  Le Top des parts de march\u00e9<\/p>\n","protected":false},"excerpt":{"rendered":"Hier soir, sur TF1, les t\u00e9l\u00e9spectateurs ont pu retrouver le JT de 20h de la cha\u00eene pr\u00e9sent\u00e9 par&hellip;\n","protected":false},"author":2,"featured_media":322678,"comment_status":"","ping_status":"","sticky":false,"template":"","format":"standard","meta":{"footnotes":""},"categories":[1356],"tags":[2367,58,59,1011,27,876,594,494,252,199,1364],"class_list":{"0":"post-322677","1":"post","2":"type-post","3":"status-publish","4":"format-standard","5":"has-post-thumbnail","7":"category-television","8":"tag-audiences","9":"tag-divertissement","10":"tag-entertainment","11":"tag-fr","12":"tag-france","13":"tag-france-3","14":"tag-france-2","15":"tag-m6","16":"tag-television","17":"tag-tf1","18":"tag-tv"},"share_on_mastodon":{"url":"https:\/\/pubeurope.com\/@fr\/115037928381497987","error":""},"_links":{"self":[{"href":"https:\/\/www.europesays.com\/fr\/wp-json\/wp\/v2\/posts\/322677","targetHints":{"allow":["GET"]}}],"collection":[{"href":"https:\/\/www.europesays.com\/fr\/wp-json\/wp\/v2\/posts"}],"about":[{"href":"https:\/\/www.europesays.com\/fr\/wp-json\/wp\/v2\/types\/post"}],"author":[{"embeddable":true,"href":"https:\/\/www.europesays.com\/fr\/wp-json\/wp\/v2\/users\/2"}],"replies":[{"embeddable":true,"href":"https:\/\/www.europesays.com\/fr\/wp-json\/wp\/v2\/comments?post=322677"}],"version-history":[{"count":0,"href":"https:\/\/www.europesays.com\/fr\/wp-json\/wp\/v2\/posts\/322677\/revisions"}],"wp:featuredmedia":[{"embeddable":true,"href":"https:\/\/www.europesays.com\/fr\/wp-json\/wp\/v2\/media\/322678"}],"wp:attachment":[{"href":"https:\/\/www.europesays.com\/fr\/wp-json\/wp\/v2\/media?parent=322677"}],"wp:term":[{"taxonomy":"category","embeddable":true,"href":"https:\/\/www.europesays.com\/fr\/wp-json\/wp\/v2\/categories?post=322677"},{"taxonomy":"post_tag","embeddable":true,"href":"https:\/\/www.europesays.com\/fr\/wp-json\/wp\/v2\/tags?post=322677"}],"curies":[{"name":"wp","href":"https:\/\/api.w.org\/{rel}","templated":true}]}}