{"id":322679,"date":"2025-08-16T10:17:11","date_gmt":"2025-08-16T10:17:11","guid":{"rendered":"https:\/\/www.europesays.com\/fr\/322679\/"},"modified":"2025-08-16T10:17:11","modified_gmt":"2025-08-16T10:17:11","slug":"le-rappeur-sdm-tacle-lia-personnellement-ca-sera-jamais-actualites","status":"publish","type":"post","link":"https:\/\/www.europesays.com\/fr\/322679\/","title":{"rendered":"Le rappeur SDM tacle l&rsquo;IA: \u00ab\u00a0personnellement, \u00e7a sera jamais\u00a0\u00bb : Actualit\u00e9s"},"content":{"rendered":"<p class=\"lead \">\u00ab\u00a0Quand j&rsquo;ai un truc \u00e0 dire, il faut que \u00e7a vienne de moi. \u00c7a peut pas venir d&rsquo;une intelligence artificielle\u00a0\u00bb, estime SDM, poids lourd du rap fran\u00e7ais et fan inconditionnel de Charles Aznavour.<\/p>\n<p class=\"lead \">L&rsquo;artiste, qui arbore ses origines congolaises et son amour du PSG, caracole en haut des charts \u00e0 29 ans, avec trois albums et une panoplie de tubes dont \u00ab\u00a0Bolide allemand\u00a0\u00bb et \u00ab\u00a0Dolce Camara\u00a0\u00bb avec Booba<\/p>\n<p class=\"lead \">Ses concerts, comme celui au Cabaret vert, \u00e0 Charleville-M\u00e9zi\u00e8res, o\u00f9 l&rsquo;AFP l&rsquo;a rencontr\u00e9 vendredi soir, ressemblent \u00e0 des communions enflamm\u00e9es avec son public.<\/p>\n<p class=\"lead \">QUESTION: Un mot de sport tout d&rsquo;abord. Quel est votre sentiment apr\u00e8s la victoire du PSG en Supercoupe d&rsquo;Europe mercredi ?<\/p>\n<p class=\"lead \">REPONSE: On vit notre meilleure ann\u00e9e en tant que supporters. C&rsquo;est un r\u00eave devenu r\u00e9alit\u00e9.<\/p>\n<p class=\"lead \">Q: Des liens forts existent entre rappeurs et joueurs parisiens. Comment l&rsquo;expliquez-vous ?<\/p>\n<p class=\"lead \">R: La plupart du rap fran\u00e7ais est originaire de Paris, je pense que c&rsquo;est pour \u00e7a. Pour ma part je suis du 92 (Clamart, dans les Hauts-de-Seine), je suis \u00e0 15 minutes du Parc (des Princes, l&rsquo;antre du club, NDLR). Et ce qui fait que, nous, Parisiens, on se reconnaisse dans ce club-l\u00e0, c&rsquo;est sa mixit\u00e9 depuis des ann\u00e9es. <\/p>\n<p class=\"lead \">Q: Faut-il voir une inspiration r\u00e9ciproque entre joueurs et rappeurs ?<\/p>\n<p class=\"lead \">R: Oui. C&rsquo;est un truc qui vient des quartiers, o\u00f9 tout le monde a r\u00eav\u00e9 d&rsquo;\u00eatre un rappeur ou un footeux.<\/p>\n<p class=\"lead \">Q: C&rsquo;\u00e9tait votre cas, vous y avez cru plus jeune et puis patatras&#8230;<\/p>\n<p class=\"lead \">R: Il n&rsquo;y a pas d&rsquo;histoire de ligaments crois\u00e9s. Quand le foot est devenu un peu trop athl\u00e9tique, ce n&rsquo;\u00e9tait plus du foot plaisir. J&rsquo;ai l\u00e2ch\u00e9.<\/p>\n<p class=\"lead \">Q: Le jeu que vous ma\u00eetrisez aujourd&rsquo;hui, c&rsquo;est le rap game. Comment garder le rythme ?<\/p>\n<p class=\"lead \">R: Il faut avoir envie. Je pense que je fais surtout \u00e7a encore avec passion, avec amour, parce que j&rsquo;aime \u00e7a, vraiment.<\/p>\n<p class=\"lead \">Q: Et pour garder une certaine fra\u00eecheur ?<\/p>\n<p class=\"lead \">R: Je n&rsquo;\u00e9coute pas que du rap. Il y a toujours des nouvelles choses qui me parlent. J&rsquo;\u00e9coute de la vari\u00e9t\u00e9 fran\u00e7aise, de la musique afro, tout ce qui vient de chez moi au Congo (RDC, NDLR), tout ce qui vient du Nigeria, du Ghana, m\u00eame du Maghreb.<\/p>\n<p class=\"lead \">Q: Vous \u00eates aussi un admirateur de Charles Aznavour&#8230;<\/p>\n<p class=\"lead \">R: A fond la caisse ! C&rsquo;est dans mon top 3 artistes, et c&rsquo;est pas le troisi\u00e8me ! Cette mani\u00e8re qu&rsquo;il avait d&rsquo;interpr\u00e9ter la vie, d&rsquo;interpr\u00e9ter ses musiques&#8230; C&rsquo;est bizarre de dire que je kiffe Aznavour depuis que je suis petit, alors que ce qu&rsquo;il dit, c&rsquo;est des trucs de grand on va dire.<\/p>\n<p class=\"lead \">Q: Quels ingr\u00e9dients font un bon rappeur en 2025 ?<\/p>\n<p class=\"lead \">R: Il suffit d&rsquo;\u00eatre vrai, c&rsquo;est ce qui touche le public. Quand tu travailles trop ta musique, quand tu fais trop de calculs&#8230; \u00e7a ne le fait pas. <\/p>\n<p class=\"lead \">Q: Les IA font beaucoup parler d&rsquo;elles pour leurs capacit\u00e9s \u00e0 g\u00e9n\u00e9rer des textes, des m\u00e9lodies voire des chansons. En utilisez-vous certaines ?<\/p>\n<p class=\"lead \">R: Je les utilise m\u00eame pas pour \u00e9crire un mail. J&rsquo;\u00e9cris pas de mail d&rsquo;ailleurs&#8230;<\/p>\n<p class=\"lead \">Q: M\u00eame pas ChatGPT ?<\/p>\n<p class=\"lead \">R: Je l&rsquo;utilise plus comme un moteur de recherche, un peu comme Google (&#8230;) Apr\u00e8s quand j&rsquo;ai un truc \u00e0 dire, non, jamais ! Faut que \u00e7a vienne de moi. \u00c7a peut pas venir d&rsquo;une IA, jamais de la vie. S&rsquo;il y a une voix que j&rsquo;ai envie de faire, je pr\u00e9f\u00e8re inviter un ou une artiste qui a la voix que je recherche. C&rsquo;est la musique qui me touche et surtout l&rsquo;humain.<\/p>\n<p class=\"lead \">Q: Votre positionnement est tranch\u00e9&#8230;<\/p>\n<p class=\"lead \">R: Peut-\u00eatre que j&rsquo;en d\u00e9cevrai quelques-uns. Je ne critique vraiment pas ceux qui l&rsquo;utilisent. <\/p>\n<p class=\"lead \">Q: D\u00e9but ao\u00fbt, le rappeur Jul a fait le buzz, soup\u00e7onn\u00e9 d&rsquo;avoir eu recours \u00e0 l&rsquo;IA pour \u00ab\u00a0Toi et moi\u00a0\u00bb&#8230;<\/p>\n<p class=\"lead \">R: C&rsquo;est un son que j&rsquo;aime beaucoup et c&rsquo;est super bien fait ! A chacun sa mani\u00e8re de l&rsquo;utiliser. Moi personnellement, \u00e7a sera jamais.<\/p>\n<p class=\"small font-weight-bold text-gray3 \"> publi\u00e9 le 16 ao\u00fbt \u00e0 11h02, AFP<\/p>\n<p>                             Partager<\/p>\n","protected":false},"excerpt":{"rendered":"\u00ab\u00a0Quand j&rsquo;ai un truc \u00e0 dire, il faut que \u00e7a vienne de moi. \u00c7a peut pas venir d&rsquo;une&hellip;\n","protected":false},"author":2,"featured_media":322680,"comment_status":"","ping_status":"","sticky":false,"template":"","format":"standard","meta":{"footnotes":""},"categories":[1355],"tags":[58,59,849,2257,1011,27,861,1361,873,93],"class_list":{"0":"post-322679","1":"post","2":"type-post","3":"status-publish","4":"format-standard","5":"has-post-thumbnail","7":"category-musique","8":"tag-divertissement","9":"tag-entertainment","10":"tag-festival","11":"tag-foot","12":"tag-fr","13":"tag-france","14":"tag-ia","15":"tag-music","16":"tag-musique","17":"tag-psg"},"share_on_mastodon":{"url":"https:\/\/pubeurope.com\/@fr\/115037932415762846","error":""},"_links":{"self":[{"href":"https:\/\/www.europesays.com\/fr\/wp-json\/wp\/v2\/posts\/322679","targetHints":{"allow":["GET"]}}],"collection":[{"href":"https:\/\/www.europesays.com\/fr\/wp-json\/wp\/v2\/posts"}],"about":[{"href":"https:\/\/www.europesays.com\/fr\/wp-json\/wp\/v2\/types\/post"}],"author":[{"embeddable":true,"href":"https:\/\/www.europesays.com\/fr\/wp-json\/wp\/v2\/users\/2"}],"replies":[{"embeddable":true,"href":"https:\/\/www.europesays.com\/fr\/wp-json\/wp\/v2\/comments?post=322679"}],"version-history":[{"count":0,"href":"https:\/\/www.europesays.com\/fr\/wp-json\/wp\/v2\/posts\/322679\/revisions"}],"wp:featuredmedia":[{"embeddable":true,"href":"https:\/\/www.europesays.com\/fr\/wp-json\/wp\/v2\/media\/322680"}],"wp:attachment":[{"href":"https:\/\/www.europesays.com\/fr\/wp-json\/wp\/v2\/media?parent=322679"}],"wp:term":[{"taxonomy":"category","embeddable":true,"href":"https:\/\/www.europesays.com\/fr\/wp-json\/wp\/v2\/categories?post=322679"},{"taxonomy":"post_tag","embeddable":true,"href":"https:\/\/www.europesays.com\/fr\/wp-json\/wp\/v2\/tags?post=322679"}],"curies":[{"name":"wp","href":"https:\/\/api.w.org\/{rel}","templated":true}]}}