{"id":322681,"date":"2025-08-16T10:18:10","date_gmt":"2025-08-16T10:18:10","guid":{"rendered":"https:\/\/www.europesays.com\/fr\/322681\/"},"modified":"2025-08-16T10:18:10","modified_gmt":"2025-08-16T10:18:10","slug":"tom-holland-donne-ses-impressions-sur-les-premiers-jours-de-tournage-de-spider-man-brand-new-day","status":"publish","type":"post","link":"https:\/\/www.europesays.com\/fr\/322681\/","title":{"rendered":"Tom Holland donne ses impressions sur les premiers jours de tournage de \u00ab\u00a0Spider-Man\u00a0: Brand New Day\u00a0\u00bb"},"content":{"rendered":"<p>Tom Holland a renfil\u00e9 le costume de Spider-Man\u00a0! L\u2019acteur britannique de 28 ans a commenc\u00e9 d\u00e9but ao\u00fbt le tournage de Brand New Day, quatri\u00e8me opus de ses aventures en solo <a href=\"https:\/\/www.20minutes.fr\/arts-stars\/cinema\/4152111-20250506-pourquoi-marvel-rebaptise-thunderbolts-the-new-avengers-semaine-apres-sortie\" target=\"_blank\" class=\"c-link c-link--is-underlined\" rel=\"noopener\">dans l\u2019univers Marvel<\/a>. Dans une vid\u00e9o publi\u00e9e sur Instagram, <a href=\"https:\/\/www.20minutes.fr\/arts-stars\/people\/tom-holland\/\" target=\"_blank\" class=\"c-link c-link--is-underlined\" rel=\"noopener\">l\u2019interpr\u00e8te de Peter Parker<\/a> a partag\u00e9 ses impressions apr\u00e8s les premiers jours sur le plateau.<\/p>\n<p>\u00ab\u00a0C\u2019est dr\u00f4le de remettre le costume. \u00c7a fait une sensation diff\u00e9rente cette fois\u00a0\u00bb, <a href=\"https:\/\/www.instagram.com\/reel\/DNLORqwKe3P\/\" rel=\"nofollow noopener\" target=\"_blank\" class=\"c-link c-link--is-underlined\">a confi\u00e9<\/a> Tom Holland face cam\u00e9ra. L\u2019acteur a \u00e9galement r\u00e9v\u00e9l\u00e9 que c\u2019\u00e9tait \u00ab\u00a0la premi\u00e8re fois\u00a0\u00bb que des fans \u00e9taient pr\u00e9sents sur le plateau pour le premier jour de tournage, ajoutant que c\u2019\u00e9tait \u00ab\u00a0vraiment excitant de partager \u00e7a avec eux\u00a0\u00bb. Une nouveaut\u00e9 qui semble avoir marqu\u00e9 la star qui est depuis bient\u00f4t dix ans dans la peau de l\u2019homme-araign\u00e9e.<\/p>\n<p>Pas de pression, ou presque<\/p>\n<p>Pour en revenir au costume, il faut savoir que Tom Holland arbore d\u00e9sormais une combinaison diff\u00e9rente, avec une araign\u00e9e plus imposante sur le torse que sur celle vue dans les pr\u00e9c\u00e9dents films que sont Homecoming, Far From Home et <a href=\"https:\/\/www.20minutes.fr\/arts-stars\/people\/4161991-20250706-scene-clef-spider-man-no-way-home-changee-derniere-minute\" target=\"_blank\" class=\"c-link c-link--is-underlined\" rel=\"noopener\">No Way Home<\/a>. L\u2019acteur britannique s\u2019est montr\u00e9 humble quant aux attentes qui p\u00e8sent sur ce nouveau chapitre de la saga\u00a0: \u00ab\u00a0Je vais juste faire de mon mieux. J\u2019esp\u00e8re bien m\u2019en sortir. Pas de pression\u00a0!\u00a0\u00bb, a-t-il plaisant\u00e9.<\/p>\n<p>Le film, r\u00e9alis\u00e9 par Destin Daniel Cretton, r\u00e9unira <a href=\"https:\/\/www.20minutes.fr\/arts-stars\/people\/4072361-20240124-mark-ruffalo-faire-ausculter-apres-reve-dingue-disant-tumeur-cerveau\" target=\"_blank\" class=\"c-link c-link--is-underlined\" rel=\"noopener\">Mark Ruffalo<\/a> dans le r\u00f4le de Hulk, Michael Mando en Scorpion et Jon Bernthal en Punisher. Spider-Man\u00a0: Brand New Day sortira en salles le 29\u00a0juillet 2026.<\/p>\n<p><script async src=\"\/\/www.instagram.com\/embed.js\"><\/script><\/p>\n","protected":false},"excerpt":{"rendered":"Tom Holland a renfil\u00e9 le costume de Spider-Man\u00a0! L\u2019acteur britannique de 28 ans a commenc\u00e9 d\u00e9but ao\u00fbt le&hellip;\n","protected":false},"author":2,"featured_media":322682,"comment_status":"","ping_status":"","sticky":false,"template":"","format":"standard","meta":{"footnotes":""},"categories":[1354],"tags":[58,59,1346,1011,27,2135,1360,973,33923,35103,133],"class_list":{"0":"post-322681","1":"post","2":"type-post","3":"status-publish","4":"format-standard","5":"has-post-thumbnail","7":"category-films","8":"tag-divertissement","9":"tag-entertainment","10":"tag-films","11":"tag-fr","12":"tag-france","13":"tag-marvel","14":"tag-movies","15":"tag-people","16":"tag-spider-man","17":"tag-tom-holland","18":"tag-video"},"share_on_mastodon":{"url":"https:\/\/pubeurope.com\/@fr\/115037936375355400","error":""},"_links":{"self":[{"href":"https:\/\/www.europesays.com\/fr\/wp-json\/wp\/v2\/posts\/322681","targetHints":{"allow":["GET"]}}],"collection":[{"href":"https:\/\/www.europesays.com\/fr\/wp-json\/wp\/v2\/posts"}],"about":[{"href":"https:\/\/www.europesays.com\/fr\/wp-json\/wp\/v2\/types\/post"}],"author":[{"embeddable":true,"href":"https:\/\/www.europesays.com\/fr\/wp-json\/wp\/v2\/users\/2"}],"replies":[{"embeddable":true,"href":"https:\/\/www.europesays.com\/fr\/wp-json\/wp\/v2\/comments?post=322681"}],"version-history":[{"count":0,"href":"https:\/\/www.europesays.com\/fr\/wp-json\/wp\/v2\/posts\/322681\/revisions"}],"wp:featuredmedia":[{"embeddable":true,"href":"https:\/\/www.europesays.com\/fr\/wp-json\/wp\/v2\/media\/322682"}],"wp:attachment":[{"href":"https:\/\/www.europesays.com\/fr\/wp-json\/wp\/v2\/media?parent=322681"}],"wp:term":[{"taxonomy":"category","embeddable":true,"href":"https:\/\/www.europesays.com\/fr\/wp-json\/wp\/v2\/categories?post=322681"},{"taxonomy":"post_tag","embeddable":true,"href":"https:\/\/www.europesays.com\/fr\/wp-json\/wp\/v2\/tags?post=322681"}],"curies":[{"name":"wp","href":"https:\/\/api.w.org\/{rel}","templated":true}]}}