{"id":322691,"date":"2025-08-16T10:23:12","date_gmt":"2025-08-16T10:23:12","guid":{"rendered":"https:\/\/www.europesays.com\/fr\/322691\/"},"modified":"2025-08-16T10:23:12","modified_gmt":"2025-08-16T10:23:12","slug":"air-canada-annonce-la-suspension-de-tous-ses-vols-en-raison-dune-greve-de-ses-hotesses-et-stewards-2","status":"publish","type":"post","link":"https:\/\/www.europesays.com\/fr\/322691\/","title":{"rendered":"Air Canada annonce la suspension de tous ses vols en raison d\u2019une gr\u00e8ve de ses h\u00f4tesses et stewards"},"content":{"rendered":"<p>                          <img loading=\"lazy\" decoding=\"async\" src=\"https:\/\/www.europesays.com\/fr\/wp-content\/uploads\/2025\/08\/6141cc4_ftp-import-images-1-u8yb4xaoiix0-5645146-01-06.jpg\" alt=\"Vols annul\u00e9s par Air Canada indiqu\u00e9s sur un panneau d\u2019information de vol, \u00e0 l\u2019a\u00e9roport Pierre-Elliott-Trudeau de Montr\u00e9al, le 15\u00a0ao\u00fbt 2025. \"   width=\"664\" height=\"443\"\/>    Vols annul\u00e9s par Air Canada indiqu\u00e9s sur un panneau d\u2019information de vol, \u00e0 l\u2019a\u00e9roport Pierre-Elliott-Trudeau de Montr\u00e9al, le 15\u00a0ao\u00fbt 2025.  ANDREJ IVANOV\/AFP                          <\/p>\n<p class=\"article__paragraph  \">La compagnie a\u00e9rienne Air Canada a annonc\u00e9, samedi 16\u00a0ao\u00fbt, la suspension de tous ses vols, \u00e0 la suite d\u2019un mouvement de gr\u00e8ve de ses h\u00f4tesses et stewards.<\/p>\n<p class=\"article__paragraph  \">\u00ab\u00a0Nous sommes maintenant officiellement en gr\u00e8ve\u00a0\u00bb, a annonc\u00e9 dans un communiqu\u00e9 le Syndicat canadien de la fonction publique (SCFP), qui repr\u00e9sente les quelque 10\u00a0000 personnels navigants concern\u00e9s.<\/p>\n<p class=\"article__paragraph  \">Au-del\u00e0 d\u2019une augmentation de salaire, le personnel navigant de la compagnie a\u00e9rienne canadienne r\u00e9clame aussi d\u2019\u00eatre r\u00e9mun\u00e9r\u00e9 pour les heures de travail au sol, y compris lors de l\u2019embarquement, ce qui n\u2019\u00e9tait pas le cas jusqu\u2019\u00e0 pr\u00e9sent.<\/p>\n<p>                    Sept cents\u00a0vols annul\u00e9s                    <\/p>\n<p class=\"article__paragraph  \">En r\u00e9action, Air Canada, qui dessert directement 180 villes dans le monde, a annonc\u00e9 avoir \u00ab\u00a0suspendu toutes ses op\u00e9rations\u00a0\u00bb, soit 700 vols pr\u00e9vus ce samedi, au d\u00e9triment d\u2019environ 130\u00a0000\u00a0passagers. Le SCFP ayant d\u00e9pos\u00e9 un pr\u00e9avis de gr\u00e8ve de soixante-douze heures mercredi, la compagnie avait d\u00e9j\u00e0 annonc\u00e9 l\u2019annulation de pr\u00e8s de 300 vols vendredi.<\/p>\n<p class=\"article__paragraph  \">Dans son communiqu\u00e9, la compagnie \u00ab\u00a0conseille fortement aux clients concern\u00e9s de ne pas se rendre \u00e0 l\u2019a\u00e9roport\u00a0\u00bb, pr\u00e9cisant qu\u2019elle \u00ab\u00a0regrette profond\u00e9ment les r\u00e9percussions de la gr\u00e8ve sur les clients\u00a0\u00bb.<\/p>\n<p>                                       Lire aussi |  Article r\u00e9serv\u00e9 \u00e0 nos abonn\u00e9s  <a href=\"https:\/\/www.lemonde.fr\/economie\/article\/2025\/07\/04\/les-compagnies-aeriennes-en-ont-assez-de-rejouer-chaque-ete-vols-au-dessus-d-un-nid-de-grevistes_6618106_3234.html\" class=\"js-article-read-also catcher--favoris__link\" data-premium=\"1\" id=\"article-title-3430018\" rel=\"nofollow noopener\" target=\"_blank\">\u00ab\u00a0Les compagnies a\u00e9riennes en ont assez de rejouer chaque \u00e9t\u00e9 \u201cvols au-dessus d\u2019un nid de gr\u00e9vistes\u201d\u00a0\u00bb<\/a>    <\/p>\n<p>   Lire plus tard  <\/p>\n<p class=\"author__detail\">  Le Monde  <\/p>\n<p>                  <a href=\"https:\/\/www.lemonde.fr\/syndication\/\" class=\"reuse__content\" title=\"R\u00e9utiliser ce contenu\" target=\"_blank\" rel=\"nofollow noopener\">R\u00e9utiliser ce contenu<\/a>      <\/p>\n","protected":false},"excerpt":{"rendered":"Vols annul\u00e9s par Air Canada indiqu\u00e9s sur un panneau d\u2019information de vol, \u00e0 l\u2019a\u00e9roport Pierre-Elliott-Trudeau de Montr\u00e9al, le&hellip;\n","protected":false},"author":2,"featured_media":322692,"comment_status":"","ping_status":"","sticky":false,"template":"","format":"standard","meta":{"footnotes":""},"categories":[6],"tags":[35,33,34,1011,27],"class_list":{"0":"post-322691","1":"post","2":"type-post","3":"status-publish","4":"format-standard","5":"has-post-thumbnail","7":"category-economie","8":"tag-business","9":"tag-economie","10":"tag-economy","11":"tag-fr","12":"tag-france"},"share_on_mastodon":{"url":"https:\/\/pubeurope.com\/@fr\/115037955883456506","error":""},"_links":{"self":[{"href":"https:\/\/www.europesays.com\/fr\/wp-json\/wp\/v2\/posts\/322691","targetHints":{"allow":["GET"]}}],"collection":[{"href":"https:\/\/www.europesays.com\/fr\/wp-json\/wp\/v2\/posts"}],"about":[{"href":"https:\/\/www.europesays.com\/fr\/wp-json\/wp\/v2\/types\/post"}],"author":[{"embeddable":true,"href":"https:\/\/www.europesays.com\/fr\/wp-json\/wp\/v2\/users\/2"}],"replies":[{"embeddable":true,"href":"https:\/\/www.europesays.com\/fr\/wp-json\/wp\/v2\/comments?post=322691"}],"version-history":[{"count":0,"href":"https:\/\/www.europesays.com\/fr\/wp-json\/wp\/v2\/posts\/322691\/revisions"}],"wp:featuredmedia":[{"embeddable":true,"href":"https:\/\/www.europesays.com\/fr\/wp-json\/wp\/v2\/media\/322692"}],"wp:attachment":[{"href":"https:\/\/www.europesays.com\/fr\/wp-json\/wp\/v2\/media?parent=322691"}],"wp:term":[{"taxonomy":"category","embeddable":true,"href":"https:\/\/www.europesays.com\/fr\/wp-json\/wp\/v2\/categories?post=322691"},{"taxonomy":"post_tag","embeddable":true,"href":"https:\/\/www.europesays.com\/fr\/wp-json\/wp\/v2\/tags?post=322691"}],"curies":[{"name":"wp","href":"https:\/\/api.w.org\/{rel}","templated":true}]}}