{"id":322695,"date":"2025-08-16T10:26:11","date_gmt":"2025-08-16T10:26:11","guid":{"rendered":"https:\/\/www.europesays.com\/fr\/322695\/"},"modified":"2025-08-16T10:26:11","modified_gmt":"2025-08-16T10:26:11","slug":"en-direct-guerre-en-ukraine-macron-appelle-a-maintenir-la-pression-sur-la-russie-tant-quune-paix-solide-nest-pas-conclue-rtl-fr","status":"publish","type":"post","link":"https:\/\/www.europesays.com\/fr\/322695\/","title":{"rendered":"EN DIRECT &#8211; Guerre en Ukraine : Macron appelle \u00e0 maintenir &quot;la pression&quot; sur la Russie tant qu&#039;une &quot;paix solide&quot; n&#039;est pas conclue &#8211; RTL.fr"},"content":{"rendered":"<ol>\n<li><a href=\"https:\/\/news.google.com\/rss\/articles\/CBMi7AFBVV95cUxOVlFzVjFWMndOUUhlcllOUm83Zjl1eVVHTEYwYTJSc2cxS3YtTXN0SGJKZDVJSkNuYmZDbXktQkVVX3dhV2JyYk1xZ18zN0NhWU5vakNhanVYV0F2czBLSi12dE5vVE1feE9oUFI2UFAzeFVEUE0xaTc5YXVWcXlyY0cxeW5ldWdmczJoUVRfdmRXdjFIX2pYb240M3dNeDVsVHc4YjRnRWJfUHZGNDNkb094MVFkN2hsMS1uZjJ1Q0R4QjNHcWY3bEliLTBHY3dleUkyUzdNd093aElIWTZtaS11cUp2ekh5SkpSYw?oc=5\" target=\"_blank\" rel=\"noopener\">EN DIRECT &#8211; Guerre en Ukraine : Macron appelle \u00e0 maintenir \u00ab\u00a0la pression\u00a0\u00bb sur la Russie tant qu&rsquo;une \u00ab\u00a0paix solide\u00a0\u00bb n&rsquo;est pas conclue<\/a>&nbsp;&nbsp;RTL.fr<\/li>\n<li><a href=\"https:\/\/news.google.com\/rss\/articles\/CBMi5AFBVV95cUxOV19lT29yT3RfcC16YTUzOENKMVp1ZjZoOHhtVHhWWjVYQkZyc1kxRnRObmlzVUhSZ3RJWmV1UlZFWXlVMWhwcFhPRnVtQjZvUjU2M3ZFRnFCek5WXy0zZ3RPWVdfQmxxTVdKUEFLdEFwbjVHUTBGeF9xLXE1SWVzcXVqblVDcWg3ZUY3YTVwSkNHY0szY0VNU0o2STNEV1U0UW1zZlpHTE9IZkV3MmlnSHNXSmtOV2RJMHc3U3N6TXBoYlRQdDVLSHFHZlpMN1ZPWlE0aG0wWTNiajBOM3BjTVJmZl8?oc=5\" target=\"_blank\" rel=\"noopener\">EN DIRECT &#8211; Guerre en Ukraine : les Europ\u00e9ens pr\u00eats \u00e0 \u00abmaintenir la pression\u00bb sur la Russie via des sanctions<\/a>&nbsp;&nbsp;Le Figaro<\/li>\n<li><a href=\"https:\/\/news.google.com\/rss\/articles\/CBMiiAJBVV95cUxNV2NwbXZaX2J6Q3hoUEpiM2hmTG8wdDI3NFVRVU15Zi10ZTl4YWVrZWtSeXpkNDQ2MzBfdTFPTXQ1NXNVdHhmbXVLS1ltVjlralVMMjk1SElIMXBDWVVuVXhmNjNTREpTQ0JNSy1MTjI5UFZPQm13N0dmVWc0dmJ1dkM1MlpMQ2xheGZsek5WajNQQnliZXRmd3hySmlOemg0ZHhvSVJrY0ZaUy1FVDNqaDNhU0pUcV91Qlo4R2VhLWl2RGpMSmtUQVlEMHBLazM0WDhUaTdJRThIYXVvUmItT01rbElhWGpDZTBhOWZFR3dsSTlWMEtyVmFPWWIwS1Z1d1ptRWpCaXE?oc=5\" target=\"_blank\" rel=\"noopener\">Apr\u00e8s le sommet Trump-Poutine, les Europ\u00e9ens pr\u00eats \u00e0 \u00ab\u00a0maintenir la pression\u00a0\u00bb sur la Russie via des sanctions<\/a>&nbsp;&nbsp;BFMTV<\/li>\n<li><a href=\"https:\/\/news.google.com\/rss\/articles\/CBMizwJBVV95cUxQQjFXMjBRcGwwY1doSm1BSko1bkxwWEJ3Yktfc2ZveVc5aldnZ2JSeTZOMlQyam9VWUdDdmE3OGdtNE9BR2otTVBJR1ZtLWo0VGRFVlN0TXVQZF9Da0VoMV9IdlhQc1ZNQXdtenpYMXNZRjBVRktXSXc0bDBYSWxpem5JWE00S21EZlhpM3lHTDgtLU81dFlPUEVtMWgwUVZlcmZCMjJneTdyRk1SeUhSU3lzQjU2VlZOUHpya0RaY2xFSlV6RFB3NTBVOWxacFFWdU9xaGFGOVlOMGVpeW1ZOVh4c2tzbFdpVy1oZEdVYlNGbnBES0s1eU0tS3RuaUxyQkhMb1Vhd3c4R1ltalh4aGRKWHpPNnd1OTdCWnA5dFA0WU9aUTgycXZvYVg1dnZHR19ockR2bnJ6N055R0xQMVRvNnNfZ1NhemMzclZfdw?oc=5\" target=\"_blank\" rel=\"noopener\">DIRECT. Guerre en Ukraine : les Europ\u00e9ens, dont Macron, appellent \u00e0 maintenir la \u00ab pression sur la Russie<\/a>&nbsp;&nbsp;Le Parisien<\/li>\n<li><a href=\"https:\/\/news.google.com\/rss\/articles\/CBMi-gFBVV95cUxOblducWRmUFlnWE9YbkctX2dsN2dmSUp4VGdzVGI1bWtVa29HeFQ0R3BLaDhUeERNSFA5aXhFME9tQU9tRktNRXM3MFp3RVk3d2JSd2gxVDRPeWxzSmlORG1qclVOa2RjeVgxZS1oUFBud1Vnc3hjdTJ2YmhKcXdSUTJkSWpWNE1hUjZjc2ROUFhkR1A0VFhZelZlNU41SjlVX0Z6MHVvUTZ4Wk43SHI2V0lHME4zaVZRdVFlcUh4REhZZGJVZ25XcXNtY3BzXzFWb2U2VHNNY0cycDFycmtOWGcya2psT05hWFpnWDdBLWlUNUItRXA5YmZn?oc=5\" target=\"_blank\" rel=\"noopener\">Emmanuel Macron: \u00ab\u00a0Nous avons pris un nouveau paquet de sanctions contre la Russie, nous en pr\u00e9parons un autre\u00a0\u00bb<\/a>&nbsp;&nbsp;Portail Orange<\/li>\n<\/ol>\n","protected":false},"excerpt":{"rendered":"EN DIRECT &#8211; Guerre en Ukraine : Macron appelle \u00e0 maintenir \u00ab\u00a0la pression\u00a0\u00bb sur la Russie tant qu&rsquo;une&hellip;\n","protected":false},"author":2,"featured_media":322696,"comment_status":"","ping_status":"","sticky":false,"template":"","format":"standard","meta":{"footnotes":""},"categories":[2],"tags":[11,898,75,73,107,1011,27,1146,131,14,12,132,220,135],"class_list":{"0":"post-322695","1":"post","2":"type-post","3":"status-publish","4":"format-standard","5":"has-post-thumbnail","7":"category-actualites","8":"tag-actualites","9":"tag-alerte","10":"tag-donald-trump","11":"tag-etats-unis","12":"tag-fil-info","13":"tag-fr","14":"tag-france","15":"tag-guerre","16":"tag-guerre-en-ukraine","17":"tag-international","18":"tag-news","19":"tag-russie","20":"tag-ukraine","21":"tag-vladimir-poutine"},"share_on_mastodon":{"url":"https:\/\/pubeurope.com\/@fr\/115037967695065398","error":""},"_links":{"self":[{"href":"https:\/\/www.europesays.com\/fr\/wp-json\/wp\/v2\/posts\/322695","targetHints":{"allow":["GET"]}}],"collection":[{"href":"https:\/\/www.europesays.com\/fr\/wp-json\/wp\/v2\/posts"}],"about":[{"href":"https:\/\/www.europesays.com\/fr\/wp-json\/wp\/v2\/types\/post"}],"author":[{"embeddable":true,"href":"https:\/\/www.europesays.com\/fr\/wp-json\/wp\/v2\/users\/2"}],"replies":[{"embeddable":true,"href":"https:\/\/www.europesays.com\/fr\/wp-json\/wp\/v2\/comments?post=322695"}],"version-history":[{"count":0,"href":"https:\/\/www.europesays.com\/fr\/wp-json\/wp\/v2\/posts\/322695\/revisions"}],"wp:featuredmedia":[{"embeddable":true,"href":"https:\/\/www.europesays.com\/fr\/wp-json\/wp\/v2\/media\/322696"}],"wp:attachment":[{"href":"https:\/\/www.europesays.com\/fr\/wp-json\/wp\/v2\/media?parent=322695"}],"wp:term":[{"taxonomy":"category","embeddable":true,"href":"https:\/\/www.europesays.com\/fr\/wp-json\/wp\/v2\/categories?post=322695"},{"taxonomy":"post_tag","embeddable":true,"href":"https:\/\/www.europesays.com\/fr\/wp-json\/wp\/v2\/tags?post=322695"}],"curies":[{"name":"wp","href":"https:\/\/api.w.org\/{rel}","templated":true}]}}