{"id":322701,"date":"2025-08-16T10:29:13","date_gmt":"2025-08-16T10:29:13","guid":{"rendered":"https:\/\/www.europesays.com\/fr\/322701\/"},"modified":"2025-08-16T10:29:13","modified_gmt":"2025-08-16T10:29:13","slug":"meurthe-et-moselle-a-nancy-la-tarte-a-la-mirabelle-est-le-dessert-incontournable","status":"publish","type":"post","link":"https:\/\/www.europesays.com\/fr\/322701\/","title":{"rendered":"Meurthe-et-Moselle. \u00c0 Nancy, la tarte \u00e0 la mirabelle est le dessert incontournable"},"content":{"rendered":"<p>En \u00e9t\u00e9, la Lorraine bat <a href=\"https:\/\/www.estrepublicain.fr\/economie\/2025\/08\/01\/top-depart-pour-la-cueillette-des-mirabelles\" target=\"_blank\" rel=\"noopener\"> au rythme des mirabelles<\/a>. Quand la pani\u00e8re de fruits en est remplie, difficile de ne pas y plonger sa main. \u00c0 l\u2019image des bonbons, une fois le nez dedans, il est impossible de s\u2019arr\u00eater. C\u2019est par ailleurs la fa\u00e7on la plus courante de d\u00e9guster la mirabelle, \u00e0 l\u2019\u00e9tat brut, et sinon la plus simple. Mais souvent, ce fruit est aussi transform\u00e9 en p\u00e2tisserie.<\/p>\n<p>La tarte \u00e0 la mirabelle n\u2019est plus un secret pour nos grands-m\u00e8res, en revanche leurs recettes restent un myst\u00e8re. Afin de relever le go\u00fbt de votre p\u00e2te bris\u00e9e, certaines pr\u00e9conisent de m\u00e9langer du sucre, de la poudre d\u2019amande et un \u0153uf, et de disposer le tout avant de placer vos fruits. Ainsi, on \u00e9vite \u00e0 notre dessert d\u2019\u00eatre sec.<\/p>\n<p>Le dimanche, la tarte \u00e0 la mirabelle reste une valeur s\u00fbre apr\u00e8s le d\u00e9jeuner en famille. Miam\u00a0!<\/p>\n","protected":false},"excerpt":{"rendered":"En \u00e9t\u00e9, la Lorraine bat au rythme des mirabelles. Quand la pani\u00e8re de fruits en est remplie, difficile&hellip;\n","protected":false},"author":2,"featured_media":322702,"comment_status":"","ping_status":"","sticky":false,"template":"","format":"standard","meta":{"footnotes":""},"categories":[9635],"tags":[1111,11,1707,1704,1706,1705,1777,674,1011,27,775,31022,6016,3457,1702,1703,12,2610,25],"class_list":{"0":"post-322701","1":"post","2":"type-post","3":"status-publish","4":"format-standard","5":"has-post-thumbnail","7":"category-nancy","8":"tag-actu","9":"tag-actualites","10":"tag-edition-luneville","11":"tag-edition-nancy-et-agglomeration","12":"tag-edition-pont-a-mousson","13":"tag-edition-toul","14":"tag-eu","15":"tag-europe","16":"tag-fr","17":"tag-france","18":"tag-grand-est","19":"tag-le-guide-de-lete-lorraine","20":"tag-magazine-cuisine-et-vins","21":"tag-meurthe-et-moselle","22":"tag-nancy","23":"tag-nancy-ville-54b","24":"tag-news","25":"tag-recettes","26":"tag-republique-francaise"},"share_on_mastodon":{"url":"https:\/\/pubeurope.com\/@fr\/115037979535596314","error":""},"_links":{"self":[{"href":"https:\/\/www.europesays.com\/fr\/wp-json\/wp\/v2\/posts\/322701","targetHints":{"allow":["GET"]}}],"collection":[{"href":"https:\/\/www.europesays.com\/fr\/wp-json\/wp\/v2\/posts"}],"about":[{"href":"https:\/\/www.europesays.com\/fr\/wp-json\/wp\/v2\/types\/post"}],"author":[{"embeddable":true,"href":"https:\/\/www.europesays.com\/fr\/wp-json\/wp\/v2\/users\/2"}],"replies":[{"embeddable":true,"href":"https:\/\/www.europesays.com\/fr\/wp-json\/wp\/v2\/comments?post=322701"}],"version-history":[{"count":0,"href":"https:\/\/www.europesays.com\/fr\/wp-json\/wp\/v2\/posts\/322701\/revisions"}],"wp:featuredmedia":[{"embeddable":true,"href":"https:\/\/www.europesays.com\/fr\/wp-json\/wp\/v2\/media\/322702"}],"wp:attachment":[{"href":"https:\/\/www.europesays.com\/fr\/wp-json\/wp\/v2\/media?parent=322701"}],"wp:term":[{"taxonomy":"category","embeddable":true,"href":"https:\/\/www.europesays.com\/fr\/wp-json\/wp\/v2\/categories?post=322701"},{"taxonomy":"post_tag","embeddable":true,"href":"https:\/\/www.europesays.com\/fr\/wp-json\/wp\/v2\/tags?post=322701"}],"curies":[{"name":"wp","href":"https:\/\/api.w.org\/{rel}","templated":true}]}}