{"id":322713,"date":"2025-08-16T10:40:14","date_gmt":"2025-08-16T10:40:14","guid":{"rendered":"https:\/\/www.europesays.com\/fr\/322713\/"},"modified":"2025-08-16T10:40:14","modified_gmt":"2025-08-16T10:40:14","slug":"gf38-eddy-sylvestre-va-partir-ayoub-jabbari-toujours-la","status":"publish","type":"post","link":"https:\/\/www.europesays.com\/fr\/322713\/","title":{"rendered":"GF38. Eddy Sylvestre va partir, Ayoub Jabbari toujours l\u00e0"},"content":{"rendered":"<p style=\"font-size:20px\"><strong>Alors que le mercato se terminera \u00e0 la fin du mois, les mouvements de se poursuivent au GF38 avec un nouveau d\u00e9part de joueur alors qu\u2019un autre annonc\u00e9 partant est toujours l\u00e0. Explications. <\/strong><\/p>\n<p>Eddy Sylvestre a fait ses adieux aux supporters grenoblois ce vendredi \u00e0 l\u2019issue du match face \u00e0 Laval. Annonc\u00e9 il y a quelques jours du c\u00f4t\u00e9 du Raja Casablanca, son d\u00e9part \u00e9tait attendu cet \u00e9t\u00e9. Il n\u2019en reste pas moins frustrant. Le milieu de terrain offensif n\u2019a jamais r\u00e9ussi \u00e0 s\u2019imposer sur la dur\u00e9e dans les Alpes mais il aura marqu\u00e9 le GF38 via ses entr\u00e9es en jeu pleines de panache et un caract\u00e8re attachant qui en aura fait un des chouchous du public grenoblois.<\/p>\n<p>Annonc\u00e9 partant \u00e0 Cincinnati sous forme de pr\u00eat il y a quelques jours, Ayoub Jabbari est toujours pr\u00e9sent \u00e0 Grenoble \u2013 nous l\u2019avons crois\u00e9 ce jeudi au centre d\u2019entra\u00eenement. L\u2019attaquant rencontre en effet des probl\u00e8mes de visa pour rejoindre les Etats-Unis. Une situation qui devrait pouvoir se r\u00e9gler la semaine prochaine. La saison de MLS se poursuit de son c\u00f4t\u00e9.  <\/p>\n<p>Cr\u00e9dit photo : GF38 \u2013 Th\u00e9o Mahalatchimy<\/p>\n","protected":false},"excerpt":{"rendered":"Alors que le mercato se terminera \u00e0 la fin du mois, les mouvements de se poursuivent au GF38&hellip;\n","protected":false},"author":2,"featured_media":322714,"comment_status":"","ping_status":"","sticky":false,"template":"","format":"standard","meta":{"footnotes":""},"categories":[9566],"tags":[1111,11,2430,1777,674,1011,27,2731,12,25],"class_list":{"0":"post-322713","1":"post","2":"type-post","3":"status-publish","4":"format-standard","5":"has-post-thumbnail","7":"category-grenoble","8":"tag-actu","9":"tag-actualites","10":"tag-auvergne-rhone-alpes","11":"tag-eu","12":"tag-europe","13":"tag-fr","14":"tag-france","15":"tag-grenoble","16":"tag-news","17":"tag-republique-francaise"},"share_on_mastodon":{"url":"https:\/\/pubeurope.com\/@fr\/115038022905200389","error":""},"_links":{"self":[{"href":"https:\/\/www.europesays.com\/fr\/wp-json\/wp\/v2\/posts\/322713","targetHints":{"allow":["GET"]}}],"collection":[{"href":"https:\/\/www.europesays.com\/fr\/wp-json\/wp\/v2\/posts"}],"about":[{"href":"https:\/\/www.europesays.com\/fr\/wp-json\/wp\/v2\/types\/post"}],"author":[{"embeddable":true,"href":"https:\/\/www.europesays.com\/fr\/wp-json\/wp\/v2\/users\/2"}],"replies":[{"embeddable":true,"href":"https:\/\/www.europesays.com\/fr\/wp-json\/wp\/v2\/comments?post=322713"}],"version-history":[{"count":0,"href":"https:\/\/www.europesays.com\/fr\/wp-json\/wp\/v2\/posts\/322713\/revisions"}],"wp:featuredmedia":[{"embeddable":true,"href":"https:\/\/www.europesays.com\/fr\/wp-json\/wp\/v2\/media\/322714"}],"wp:attachment":[{"href":"https:\/\/www.europesays.com\/fr\/wp-json\/wp\/v2\/media?parent=322713"}],"wp:term":[{"taxonomy":"category","embeddable":true,"href":"https:\/\/www.europesays.com\/fr\/wp-json\/wp\/v2\/categories?post=322713"},{"taxonomy":"post_tag","embeddable":true,"href":"https:\/\/www.europesays.com\/fr\/wp-json\/wp\/v2\/tags?post=322713"}],"curies":[{"name":"wp","href":"https:\/\/api.w.org\/{rel}","templated":true}]}}