{"id":322715,"date":"2025-08-16T10:41:11","date_gmt":"2025-08-16T10:41:11","guid":{"rendered":"https:\/\/www.europesays.com\/fr\/322715\/"},"modified":"2025-08-16T10:41:11","modified_gmt":"2025-08-16T10:41:11","slug":"une-balade-a-moto-au-profit-des-restos-du-coeur","status":"publish","type":"post","link":"https:\/\/www.europesays.com\/fr\/322715\/","title":{"rendered":"une balade \u00e0 moto au profit des Restos du C\u0153ur"},"content":{"rendered":"<p>            Par<br \/>\n        <strong><br \/>\n            <a href=\"https:\/\/actu.fr\/auteur\/julian-rebillard\" title=\"Consulter tous les articles de Julian Rebillard\" target=\"_blank\" rel=\"noopener\">Julian Rebillard<\/a><br \/>\n        <\/strong><\/p>\n<p>        Publi\u00e9 le<\/p>\n<p>            16 ao\u00fbt 2025 \u00e0 12h00        <\/p>\n<p>Dimanche <b>7\u00a0septembre<\/b>, l\u2019association les <b>Motards ont du c\u0153ur<\/b> organise une nouvelle <b>balade solidaire<\/b>, au d\u00e9part de<b> Cesson-S\u00e9vign\u00e9<\/b> jusqu\u2019\u00e0 <a href=\"https:\/\/actu.fr\/la-chronique-republicaine\/\" target=\"_blank\" rel=\"noopener\">Foug\u00e8res<\/a> (<b>Ille-et-Vilaine<\/b>). Les fonds collect\u00e9s lors de l\u2019\u00e9v\u00e9nement seront int\u00e9gralement revers\u00e9s aux <b>Restos du C\u0153ur<\/b>.<\/p>\n<p>Une 30e \u00e9dition sous le signe de la solidarit\u00e9<\/p>\n<p class=\" wall-content\">Fond\u00e9e en 1993 \u00e0 Redon par trois amis passionn\u00e9s de moto, l\u2019association est aujourd\u2019hui <b>la seule<\/b> en <b>Ille-et-Vilaine<\/b> \u00e0 b\u00e9n\u00e9ficier de <b>l\u2019accr\u00e9ditation<\/b> des <b>Restos du C\u0153ur<\/b>.<\/p>\n<p class=\" wall-content\">D\u00e8s la premi\u00e8re \u00e9dition, qui r\u00e9unissait <b>130 motards<\/b> pour une participation de 100\u00a0francs, l\u2019objectif \u00e9tait clair\u2009:<b> allier passion et engagement solidaire<\/b>.<\/p>\n<p class=\" wall-content\">Depuis, les Motards ont du c\u0153ur ont organis\u00e9 <b>29 \u00e9ditions<\/b>, collectant plus de <b>473\u2009000\u00a0\u20ac<\/b> au profit de l\u2019association caritative. Cette somme a permis de financer divers \u00e9quipements essentiels :<\/p>\n<blockquote class=\"ac-article-quote wall-content\">\n<p>Deux camions r\u00e9frig\u00e9r\u00e9s, une pompe pour les jardins de r\u00e9insertion, la cr\u00e9ation d\u2019un centre de distribution, ou encore le remplacement des chambres froides du local des Restos du C\u0153ur.<\/p>\n<p>Les Motards ont du c\u0153ur<\/p><\/blockquote>\n<p class=\" wall-content\">En 2024, la manifestation avait rassembl\u00e9 <b>750 motards<\/b> et permis de r\u00e9colter <b>11\u2009000\u00a0\u20ac<\/b>. Cette 30e \u00e9dition s\u2019annonce une nouvelle fois comme un moment fort de g\u00e9n\u00e9rosit\u00e9 et de mobilisation.<\/p>\n<p>Vid\u00e9os : en ce moment sur Actu<\/p>\n<p class=\" wall-content\">\u00c0 l\u2019espace <b>Gripp\u00e9 \u00e0 Cesson-S\u00e9vign\u00e9<\/b>,<b> plusieurs animations<\/b> d\u00e8s 10\u2009h, concert de <b>rock<\/b>, initiations <b>country, salsa et bachata<\/b>, <b>tombola <\/b>et<b> essai de 125<\/b>\u00a0etc.\u00a0Avant le d\u00e9part de la balade \u00e0 <b>14\u2009h.<\/b><\/p>\n<p>\u00c0 Foug\u00e8res<\/p>\n<p class=\" wall-content\">Le parcours m\u00e8nera les motards en direction de Foug\u00e8res, o\u00f9 ils marqueront une halte d\u2019environ <b>quarante-cinq minutes<\/b> sur le parking <b>Juliette-Drouet<\/b>. L\u2019occasion pour les spectateurs de s\u2019approcher des machines, de discuter avec les pilotes et d\u2019admirer le cort\u00e8ge haut en couleur.<\/p>\n<p class=\" wall-content\">L\u2019arriv\u00e9e est pr\u00e9vue aux alentours de <b>15\u2009h\u200915<\/b> sur le boulevard <b>Jacques-Faucheux<\/b>.<\/p>\n<p class=\" wall-content\">De l\u00e0, les participants effectueront un petit tour dans les rues de la ville, direction le centre culturel, offrant ainsi aux habitants un spectacle sonore et visuel qui ne passera pas inaper\u00e7u.<\/p>\n<p class=\" wall-content\">Apr\u00e8s cette escale fougeraise, le convoi reprendra la route vers Cesson-S\u00e9vign\u00e9, en empruntant le <b>chemin de la R\u00e9publique<\/b>, pour la suite de la balade.<\/p>\n<p>La r\u00e9servation est recommand\u00e9e avant le 17\u00a0ao\u00fbt sur le site <a href=\"https:\/\/www.lesmotardsontducoeur.com\/balades\/#insc\" target=\"_blank\" rel=\"noopener\">lesmotardsontducoeur.com<\/a>. Accueil \u00e0 partir de 10\u2009h espace de Gripp\u00e9 \u00e0 Cesson-S\u00e9vign\u00e9. Le tarif est de 10\u00a0\u20ac par casque et 8\u00a0\u20ac pour les moins de 12\u00a0ans<\/p>\n<p class=\" wall-content\">Suivez toute l\u2019actualit\u00e9 de vos villes et m\u00e9dias favoris en vous inscrivant \u00e0 <a href=\"https:\/\/moncompte.actu.fr\" title=\"D\u00e9couvez Mon Actu\" rel=\"nofollow noopener\" data-trk=\"{&quot;cta&quot;:{&quot;action&quot;:&quot;https:\\\/\\\/moncompte.actu.fr&quot;,&quot;category&quot;:&quot;mon compte&quot;,&quot;from&quot;:&quot;article footer&quot;,&quot;name&quot;:&quot;Mon actu&quot;,&quot;type&quot;:&quot;cta&quot;}}\" target=\"_blank\">Mon Actu<\/a>.<\/p>\n","protected":false},"excerpt":{"rendered":"Par Julian Rebillard Publi\u00e9 le 16 ao\u00fbt 2025 \u00e0 12h00 Dimanche 7\u00a0septembre, l\u2019association les Motards ont du c\u0153ur&hellip;\n","protected":false},"author":2,"featured_media":322716,"comment_status":"","ping_status":"","sticky":false,"template":"","format":"standard","meta":{"footnotes":""},"categories":[2821],"tags":[1111,11,7552,829,1777,674,1011,27,1457,12,584,25,15710,104],"class_list":{"0":"post-322715","1":"post","2":"type-post","3":"status-publish","4":"format-standard","5":"has-post-thumbnail","7":"category-rennes","8":"tag-actu","9":"tag-actualites","10":"tag-balade","11":"tag-bretagne","12":"tag-eu","13":"tag-europe","14":"tag-fr","15":"tag-france","16":"tag-moto","17":"tag-news","18":"tag-rennes","19":"tag-republique-francaise","20":"tag-restos-du-coeur","21":"tag-societe"},"share_on_mastodon":{"url":"https:\/\/pubeurope.com\/@fr\/115038026800797936","error":""},"_links":{"self":[{"href":"https:\/\/www.europesays.com\/fr\/wp-json\/wp\/v2\/posts\/322715","targetHints":{"allow":["GET"]}}],"collection":[{"href":"https:\/\/www.europesays.com\/fr\/wp-json\/wp\/v2\/posts"}],"about":[{"href":"https:\/\/www.europesays.com\/fr\/wp-json\/wp\/v2\/types\/post"}],"author":[{"embeddable":true,"href":"https:\/\/www.europesays.com\/fr\/wp-json\/wp\/v2\/users\/2"}],"replies":[{"embeddable":true,"href":"https:\/\/www.europesays.com\/fr\/wp-json\/wp\/v2\/comments?post=322715"}],"version-history":[{"count":0,"href":"https:\/\/www.europesays.com\/fr\/wp-json\/wp\/v2\/posts\/322715\/revisions"}],"wp:featuredmedia":[{"embeddable":true,"href":"https:\/\/www.europesays.com\/fr\/wp-json\/wp\/v2\/media\/322716"}],"wp:attachment":[{"href":"https:\/\/www.europesays.com\/fr\/wp-json\/wp\/v2\/media?parent=322715"}],"wp:term":[{"taxonomy":"category","embeddable":true,"href":"https:\/\/www.europesays.com\/fr\/wp-json\/wp\/v2\/categories?post=322715"},{"taxonomy":"post_tag","embeddable":true,"href":"https:\/\/www.europesays.com\/fr\/wp-json\/wp\/v2\/tags?post=322715"}],"curies":[{"name":"wp","href":"https:\/\/api.w.org\/{rel}","templated":true}]}}