{"id":322717,"date":"2025-08-16T10:42:11","date_gmt":"2025-08-16T10:42:11","guid":{"rendered":"https:\/\/www.europesays.com\/fr\/322717\/"},"modified":"2025-08-16T10:42:11","modified_gmt":"2025-08-16T10:42:11","slug":"le-terrible-constat-de-mamadou-niang-sur-la-defaite-de-lom-a-rennes","status":"publish","type":"post","link":"https:\/\/www.europesays.com\/fr\/322717\/","title":{"rendered":"Le terrible constat de Mamadou Niang sur la d\u00e9faite de l&rsquo;OM \u00e0 Rennes"},"content":{"rendered":"<p data-start=\"82\" data-end=\"401\">Au lendemain de la d\u00e9faite de l\u2019Olympique de Marseille face au Stade Rennais (1-0) pour l\u2019ouverture de la Ligue 1, <strong>Mamadou Niang<\/strong> n\u2019a pas m\u00e2ch\u00e9 ses mots sur le plateau de Football Club de Marseille lors du <a href=\"https:\/\/youtube.com\/live\/lh7C9onco1g\" rel=\"nofollow noopener\" target=\"_blank\"><strong>d\u00e9brief \u00e0 chaud a retrouver sur notre chaine Youtube<\/strong><\/a>. L\u2019ancien capitaine olympien, invit\u00e9 \u00e0 r\u00e9agir \u00e0 chaud, a livr\u00e9 une analyse sans concession, ciblant notamment les failles d\u00e9fensives d\u00e9j\u00e0 observ\u00e9es la saison pass\u00e9e.<\/p>\n<p data-start=\"82\" data-end=\"401\">\n<p data-start=\"403\" data-end=\"944\">\u00ab On conna\u00eet nos lacunes, on l\u2019a vu l\u2019ann\u00e9e derni\u00e8re : on s\u2019est fait pi\u00e9ger contre Auxerre, Strasbourg, Angers, Reims\u2026 \u00bb, a rappel\u00e9 Niang, avant de pointer un moment cl\u00e9 de la rencontre. Selon lui, le but encaiss\u00e9 par l\u2019<a href=\"https:\/\/www.footballclubdemarseille.fr\/\" rel=\"nofollow noopener\" target=\"_blank\"><strong>OM<\/strong><\/a> est directement li\u00e9 \u00e0 une erreur individuelle de Leonardo Balerdi :<br data-start=\"693\" data-end=\"696\"\/>\u00ab Je vais \u00eatre s\u00e9v\u00e8re avec Balerdi mais le but est pour lui. Je ne comprends pas pourquoi il joue le hors-jeu si haut \u00e0 10 contre 11 alors qu\u2019il n\u2019y a qu\u2019un attaquant et qu\u2019il ne peut qu\u2019attaquer la profondeur. Ce sont des erreurs assez graves.\u00bb<\/p>\n<p data-start=\"946\" data-end=\"1244\">Pour l\u2019ancien attaquant, ce sc\u00e9nario n\u2019est pas nouveau et s\u2019inscrit dans un probl\u00e8me r\u00e9current : \u00ab Il n\u2019y a pratiquement que comme \u00e7a qu\u2019on prend des buts depuis l\u2019ann\u00e9e derni\u00e8re. On doit trouver des solutions, car des \u00e9quipes comme \u00e7a, qui jouent bas, on va en affronter beaucoup cette saison. \u00bb<\/p>\n<p data-start=\"1246\" data-end=\"1538\" data-is-last-node=\"\" data-is-only-node=\"\">Niang met en garde : si l\u2019OM ne corrige pas cet aspect d\u00e9fensif bien identifi\u00e9 par ses adversaires, le club risque de revivre les m\u00eames d\u00e9sillusions que lors de l\u2019exercice pr\u00e9c\u00e9dent. Un avertissement clair d\u00e8s la premi\u00e8re journ\u00e9e, qui met d\u00e9j\u00e0 la pression sur Roberto De Zerbi et son staff.<\/p>\n<blockquote class=\"twitter-tweet-lazy\">\n<p dir=\"ltr\" lang=\"fr\">\u201cOn se fait pi\u00e9ger sur un aspect d\u00e9fensif de notre jeu que tout nos adversaires de Ligue 1 connaissent maintenant\u201d (Mamadou Niang)<br \/>L\u2019int\u00e9gralit\u00e9 du debrief ici : <a href=\"https:\/\/t.co\/l8SRRwFugZ\" rel=\"nofollow\">https:\/\/t.co\/l8SRRwFugZ<\/a><a href=\"https:\/\/twitter.com\/hashtag\/OM?src=hash&amp;ref_src=twsrc%5Etfw\" rel=\"nofollow noopener\" target=\"_blank\">#OM<\/a> <a href=\"https:\/\/twitter.com\/hashtag\/TeamOM?src=hash&amp;ref_src=twsrc%5Etfw\" rel=\"nofollow noopener\" target=\"_blank\">#TeamOM<\/a> <a href=\"https:\/\/t.co\/RYd6TbFxbu\" rel=\"nofollow\">pic.twitter.com\/RYd6TbFxbu<\/a><\/p>\n<p>\u2014 Football Club de Marseille (@FCMarseille) <a href=\"https:\/\/twitter.com\/FCMarseille\/status\/1956497214718476701?ref_src=twsrc%5Etfw\" rel=\"nofollow noopener\" target=\"_blank\">August 15, 2025<\/a><\/p>\n<\/blockquote>\n<p>A lire aussi :\u00a0<a href=\"https:\/\/www.footballclubdemarseille.fr\/om-actualites\/rennes-om-1-0-la-colere-froide-de-de-zerbi-apres-la-defaite.html\" rel=\"nofollow noopener\" target=\"_blank\">Rennes \u2013 OM (1-0) : la col\u00e8re froide de De Zerbi apr\u00e8s la d\u00e9faite<\/a><\/p>\n<p>            <script async src=\"https:\/\/platform.twitter.com\/widgets.js\" charset=\"utf-8\"><\/script><\/p>\n","protected":false},"excerpt":{"rendered":"Au lendemain de la d\u00e9faite de l\u2019Olympique de Marseille face au Stade Rennais (1-0) pour l\u2019ouverture de la&hellip;\n","protected":false},"author":2,"featured_media":322718,"comment_status":"","ping_status":"","sticky":false,"template":"","format":"standard","meta":{"footnotes":""},"categories":[2821],"tags":[1111,11,829,1777,674,1011,27,12,584,25],"class_list":{"0":"post-322717","1":"post","2":"type-post","3":"status-publish","4":"format-standard","5":"has-post-thumbnail","7":"category-rennes","8":"tag-actu","9":"tag-actualites","10":"tag-bretagne","11":"tag-eu","12":"tag-europe","13":"tag-fr","14":"tag-france","15":"tag-news","16":"tag-rennes","17":"tag-republique-francaise"},"share_on_mastodon":{"url":"https:\/\/pubeurope.com\/@fr\/115038030595503639","error":""},"_links":{"self":[{"href":"https:\/\/www.europesays.com\/fr\/wp-json\/wp\/v2\/posts\/322717","targetHints":{"allow":["GET"]}}],"collection":[{"href":"https:\/\/www.europesays.com\/fr\/wp-json\/wp\/v2\/posts"}],"about":[{"href":"https:\/\/www.europesays.com\/fr\/wp-json\/wp\/v2\/types\/post"}],"author":[{"embeddable":true,"href":"https:\/\/www.europesays.com\/fr\/wp-json\/wp\/v2\/users\/2"}],"replies":[{"embeddable":true,"href":"https:\/\/www.europesays.com\/fr\/wp-json\/wp\/v2\/comments?post=322717"}],"version-history":[{"count":0,"href":"https:\/\/www.europesays.com\/fr\/wp-json\/wp\/v2\/posts\/322717\/revisions"}],"wp:featuredmedia":[{"embeddable":true,"href":"https:\/\/www.europesays.com\/fr\/wp-json\/wp\/v2\/media\/322718"}],"wp:attachment":[{"href":"https:\/\/www.europesays.com\/fr\/wp-json\/wp\/v2\/media?parent=322717"}],"wp:term":[{"taxonomy":"category","embeddable":true,"href":"https:\/\/www.europesays.com\/fr\/wp-json\/wp\/v2\/categories?post=322717"},{"taxonomy":"post_tag","embeddable":true,"href":"https:\/\/www.europesays.com\/fr\/wp-json\/wp\/v2\/tags?post=322717"}],"curies":[{"name":"wp","href":"https:\/\/api.w.org\/{rel}","templated":true}]}}