{"id":322719,"date":"2025-08-16T10:44:12","date_gmt":"2025-08-16T10:44:12","guid":{"rendered":"https:\/\/www.europesays.com\/fr\/322719\/"},"modified":"2025-08-16T10:44:12","modified_gmt":"2025-08-16T10:44:12","slug":"ligue-1-premier-adversaire-du-fc-metz-le-rc-strasbourg-a-bascule-dans-une-nouvelle-dimension","status":"publish","type":"post","link":"https:\/\/www.europesays.com\/fr\/322719\/","title":{"rendered":"Ligue 1. Premier adversaire du FC Metz, le RC Strasbourg a bascul\u00e9 dans une nouvelle dimension"},"content":{"rendered":"<p>Le <a href=\"https:\/\/www.republicain-lorrain.fr\/p\/stade-saint-symphorien\" target=\"_blank\" rel=\"noopener\">stade Saint-Symphorien<\/a> est pr\u00eat pour les retrouvailles avec la Ligue 1, apr\u00e8s \u2013 comme souvent \u2013 une saison de purgatoire en Ligue 2. L\u2019ambiance promet pour le derby du Grand Est, le premier de cette saison. Deux voisins, que tout oppose. D\u2019un c\u00f4t\u00e9, <a href=\"https:\/\/www.republicain-lorrain.fr\/sport\/fc-metz\" target=\"_blank\" rel=\"noopener\">le modeste\u00a0FC Metz<\/a> , un recrutement peu clinquant et sa ferveur populaire. De l\u2019autre, le Racing Club de Strasbourg, l\u2019ex-petit poucet alsacien. Devenu un monstre, un ogre financier. Un club aux ambitions d\u00e9mesur\u00e9es. Le match de ce dimanche sera une premi\u00e8re confrontation. Deux mondes, deux philosophies, deux destins.<\/p>\n<p>Il n\u2019y a pas si longtemps que \u00e7a,&#8230;<\/p>\n","protected":false},"excerpt":{"rendered":"Le stade Saint-Symphorien est pr\u00eat pour les retrouvailles avec la Ligue 1, apr\u00e8s \u2013 comme souvent \u2013 une&hellip;\n","protected":false},"author":2,"featured_media":322720,"comment_status":"","ping_status":"","sticky":false,"template":"","format":"standard","meta":{"footnotes":""},"categories":[2820],"tags":[1111,11,5598,1777,674,8113,107,1701,63,1011,27,775,6212,6213,12,25,517,1700,640],"class_list":{"0":"post-322719","1":"post","2":"type-post","3":"status-publish","4":"format-standard","5":"has-post-thumbnail","7":"category-strasbourg","8":"tag-actu","9":"tag-actualites","10":"tag-edition-metz-et-agglomeration","11":"tag-eu","12":"tag-europe","13":"tag-fc-metz","14":"tag-fil-info","15":"tag-fil-info-sport","16":"tag-football","17":"tag-fr","18":"tag-france","19":"tag-grand-est","20":"tag-metz","21":"tag-metz-ville-57b","22":"tag-news","23":"tag-republique-francaise","24":"tag-sport","25":"tag-sport-lorrain","26":"tag-strasbourg"},"share_on_mastodon":{"url":"https:\/\/pubeurope.com\/@fr\/115038038567183672","error":""},"_links":{"self":[{"href":"https:\/\/www.europesays.com\/fr\/wp-json\/wp\/v2\/posts\/322719","targetHints":{"allow":["GET"]}}],"collection":[{"href":"https:\/\/www.europesays.com\/fr\/wp-json\/wp\/v2\/posts"}],"about":[{"href":"https:\/\/www.europesays.com\/fr\/wp-json\/wp\/v2\/types\/post"}],"author":[{"embeddable":true,"href":"https:\/\/www.europesays.com\/fr\/wp-json\/wp\/v2\/users\/2"}],"replies":[{"embeddable":true,"href":"https:\/\/www.europesays.com\/fr\/wp-json\/wp\/v2\/comments?post=322719"}],"version-history":[{"count":0,"href":"https:\/\/www.europesays.com\/fr\/wp-json\/wp\/v2\/posts\/322719\/revisions"}],"wp:featuredmedia":[{"embeddable":true,"href":"https:\/\/www.europesays.com\/fr\/wp-json\/wp\/v2\/media\/322720"}],"wp:attachment":[{"href":"https:\/\/www.europesays.com\/fr\/wp-json\/wp\/v2\/media?parent=322719"}],"wp:term":[{"taxonomy":"category","embeddable":true,"href":"https:\/\/www.europesays.com\/fr\/wp-json\/wp\/v2\/categories?post=322719"},{"taxonomy":"post_tag","embeddable":true,"href":"https:\/\/www.europesays.com\/fr\/wp-json\/wp\/v2\/tags?post=322719"}],"curies":[{"name":"wp","href":"https:\/\/api.w.org\/{rel}","templated":true}]}}