{"id":322727,"date":"2025-08-16T10:51:13","date_gmt":"2025-08-16T10:51:13","guid":{"rendered":"https:\/\/www.europesays.com\/fr\/322727\/"},"modified":"2025-08-16T10:51:13","modified_gmt":"2025-08-16T10:51:13","slug":"le-sud-ouest-enchante-de-philippe-solers-ladmirable","status":"publish","type":"post","link":"https:\/\/www.europesays.com\/fr\/322727\/","title":{"rendered":"Le \u00ab\u00a0Sud-Ouest enchant\u00e9\u00a0\u00bb de Philippe Solers l\u2019admirable"},"content":{"rendered":"<p>Le 28\u00a0novembre 1936, un samedi en plein Front populaire, la ville de Bordeaux accueillait la naissance d\u2019un esprit fran\u00e7ais qui manque aujourd\u2019hui cruellement \u00e0 notre \u00e9poque. Dernier enfant apr\u00e8s deux filles, Philippe Joyaux a laiss\u00e9 une \u0153uvre marquante sous le nom de <a href=\"https:\/\/www.sudouest.fr\/culture\/l-ecrivain-philippe-sollers-est-mort-15053287.php\" target=\"_blank\" rel=\"follow nofollow noopener\">Philippe Sollers<\/a>.<\/p>\n<p>Dans l\u2019un de ses plus beaux livres,<a href=\"https:\/\/www.mercuredefrance.fr\/agent-secret\/9782715254350\" target=\"_blank\" rel=\"nofollow noopener\"> \u00ab\u00a0Agent secret\u00a0\u00bb<\/a>, publi\u00e9 dans la collection \u00ab\u00a0Traits et portraits\u00a0\u00bb de Colette Fellous au Mercure de France, cet amateur de clandestinit\u00e9 revenait sur l\u2019importance du cadre de ses d\u00e9buts dans l\u2019existence. \u00ab\u00a0La vie d\u2019un \u00e9crivain ne commence pas \u00e0 sa premi\u00e8re publication, pour moi cela ferait comme si je n\u2019avais pas v\u00e9cu pendant vingt ans, curieuse solitude. <a href=\"https:\/\/www.sudouest.fr\/redaction\/insolite\/du-joyaux-au-diamant-7806001.php\" target=\"_blank\" rel=\"follow nofollow noopener\">Or j\u2019ai v\u00e9cu dans un lieu enchant\u00e9, dans le savoir-vivre le plus pr\u00e9cis<\/a>\u00a0: le sud-ouest de la France. \u00c0 Bordeaux. J\u2019ai \u00e9t\u00e9 successivement au lyc\u00e9e Montesquieu et au lyc\u00e9e Montaigne, c\u2019est donner une id\u00e9e du lieu\u00a0\u00bb, notait-il. Rappelant au passage qu\u2019il en profitait pour s\u2019asseoir dans les vignes du ch\u00e2teau Haut-Brion en se rendant \u00e0 v\u00e9lo au lyc\u00e9e.<\/p>\n<p>        <img decoding=\"async\" id=\"7806060\" src=\"https:\/\/www.europesays.com\/fr\/wp-content\/uploads\/2025\/08\/so-57eb914366a4bd7760c09f52-ph0.jpg\" alt=\"Philippe Sollers \u00e0 Bordeaux 1937 dans le parc de la propri\u00e9t\u00e9 familiale avec sa m\u00e8re et sa s\u0153ur Annie.\" itemprop=\"contentURL\"\/><\/p>\n<p>    Philippe Sollers \u00e0 Bordeaux 1937 dans le parc de la propri\u00e9t\u00e9 familiale avec sa m\u00e8re et sa s\u0153ur Annie.<\/p>\n<p>Collection personnelle Philippe Sollers<\/p>\n<p>Son p\u00e8re, Octave, dirigeait une usine \u00e0 c\u00f4t\u00e9 de la maison familiale \u00ab\u00a0avec grand parc et jardin, juste \u00e0 la sortie de la ville, sur la route d\u2019Espagne\u00a0\u00bb. Joyaux Fr\u00e8res, sise 125 cours Gambetta, employait \u00e0 Talence 800\u00a0ouvriers et ouvri\u00e8res charg\u00e9s de la fabrication de t\u00f4lerie et galvanisation des m\u00e9taux. Sa m\u00e8re, parisienne d\u2019origine, Marcelle, elle, \u00e9tait \u00ab\u00a0La Magicienne\u00a0\u00bb \u00e0 la \u00ab\u00a0dr\u00f4lerie implacable contre toutes les attitudes sociales\u00a0\u00bb aux dires de son fils. Enfant, le petit Philippe sera \u00e0 jamais marqu\u00e9 par \u00ab\u00a0la grande lumi\u00e8re\u00a0\u00bb, la plage et les maisons de l\u2019\u00eele de R\u00e9. \u00ab\u00a0R\u00e9, initiales de Retour \u00e9ternel\u00a0\u00bb, indiquait-il encore dans \u00ab\u00a0Agent secret\u00a0\u00bb.<\/p>\n<p>        <img decoding=\"async\" id=\"19553275\" src=\"https:\/\/www.europesays.com\/fr\/wp-content\/uploads\/2025\/08\/sudouest-photo-1-10629824.jpg\" alt=\"Philippe Sollers lors de la remise du prix M\u00e9dicis le 27\u00a0novembre 1961 pour \u00ab\u00a0Le Parc\u00a0\u00bb. Il a\u00a025 ans.\" itemprop=\"contentURL\"\/><\/p>\n<p>    Philippe Sollers lors de la remise du prix M\u00e9dicis le 27\u00a0novembre 1961 pour \u00ab\u00a0Le Parc\u00a0\u00bb. Il a\u00a025 ans.<\/p>\n<p>Archives AFP<\/p>\n<p>    \u00ab\u00a0Une \u00e2me haute\u00a0\u00bb<\/p>\n<p>L\u2019enfant qui se r\u00eavait aviateur ou pr\u00eatre et avait gard\u00e9 \u00ab\u00a0un souvenir \u00e9bloui\u00a0des combats a\u00e9riens dans le ciel de Bordeaux, la nuit, le jour\u00a0\u00bb, a brill\u00e9 d\u00e8s ses premiers pas litt\u00e9raires. Oblig\u00e9, puisque la majorit\u00e9 \u00e9tait alors \u00e0 21\u00a0ans et que les siens auraient pr\u00e9f\u00e9r\u00e9 qu\u2019il s\u2019engage dans une autre route, de prendre un pseudonyme. Il choisit Sollers en feuilletant un dictionnaire latin. Publi\u00e9 dans la collection \u00ab\u00a0\u00c9crire\u00a0\u00bb de Jean Cayrol, son court r\u00e9cit \u00ab\u00a0Le D\u00e9fi\u00a0\u00bb lui valut les louanges de Fran\u00e7ois Mauriac. \u00ab\u00a0J\u2019aurai \u00e9t\u00e9 le premier \u00e0 \u00e9crire ce nom. Trente-cinq pages pour le porter, c\u2019est peu \u2013 c\u2019est assez\u00a0\u00bb, \u00e9crivait-il en 1957 dans les pages de \u00ab\u00a0L\u2019Express\u00a0\u00bb.<\/p>\n<p>Un an plus tard, le gandin r\u00e9cidivait avec un roman sur lequel il avait travaill\u00e9 de juillet \u00e0 d\u00e9cembre de cette m\u00eame ann\u00e9e. <a href=\"https:\/\/www.editionspoints.com\/ouvrage\/une-curieuse-solitude-philippe-sollers\/9782020499354\" target=\"_blank\" rel=\"nofollow noopener\">\u00ab\u00a0Une curieuse solitude\u00a0\u00bb<\/a> est d\u00e9di\u00e9 \u00e0 E.S.M. dont Philippe Sollers r\u00e9v\u00e9la tardivement qu\u2019il s\u2019agissait d\u2019Eugenia San Miguel, une r\u00e9fugi\u00e9e basque r\u00e9fractaire employ\u00e9e par la famille Joyaux comme nurse. Les pages de l\u2019\u00e9tudiant de 21\u00a0ans narrant la liaison d\u2019un adolescent de 16\u00a0ans avec l\u2019ardente Concha habill\u00e9e de noir avaient emball\u00e9 Louis Aragon, qui signa dans \u00ab\u00a0Les Lettres fran\u00e7aises\u00a0\u00bb un article lui aussi m\u00e9morable, \u00ab\u00a0Un perp\u00e9tuel printemps\u00a0\u00bb o\u00f9 il faisait partager son plaisir d\u2019avoir d\u00e9couvert\u00a0: \u00ab\u00a0Un \u00e9crivain v\u00e9ritable, et il n\u2019y en a pas tant que \u00e7a qu\u2019il para\u00eet en France, une \u00e2me haute, quelqu\u2019un qui sait ce que c\u2019est de r\u00eaver.\u00a0\u00bb<\/p>\n<p>\u00ab\u00a0Un rosier pas trop loin\u00a0\u00bb<\/p>\n<p>R\u00eaver et \u00e9crire, Philippe Sollers n\u2019allait jamais arr\u00eater de s\u2019y employer avec brio. En exp\u00e9rimentant, en variant les registres et en surprenant au fil d\u2019une \u0153uvre de plus de 60\u00a0volumes comprenant des romans, des essais et des m\u00e9moires. Dont \u00ab\u00a0Le Parc\u00a0\u00bb, \u00ab\u00a0Femmes\u00a0\u00bb, <a href=\"https:\/\/www.gallimard.fr\/catalogue\/portrait-du-joueur\/9782070703173\" target=\"_blank\" rel=\"nofollow noopener\">\u00ab\u00a0Portrait du joueur\u00a0\u00bb<\/a> o\u00f9 il consigne le formidable retour \u00e0 Bordeaux sur le territoire de son enfance de avec son h\u00e9ros l\u2019\u00e9crivain Philippe Diamant<a href=\"https:\/\/fr.wikipedia.org\/wiki\/Jean-Claude_Diamant-Berger\" target=\"_blank\" rel=\"nofollow noopener\">,<\/a> ou \u00ab\u00a0La Guerre du go\u00fbt\u00a0\u00bb.<\/p>\n<p>\u00ab<a href=\"https:\/\/www.sudouest.fr\/l-ecrivain-philippe-sollers-repose-dans-l-ile-de-re-15197013.php\" target=\"_blank\" rel=\"follow nofollow noopener\">\u00a0C\u2019est dans le village d\u2019Ars que je serai enterr\u00e9<\/a>, pr\u00e8s du carr\u00e9 des aviateurs anglais, australiens et n\u00e9o-z\u00e9landais, tomb\u00e9s ici pendant la Seconde Guerre mondiale\u00a0\u00bb, avertissait-il dans<a href=\"https:\/\/www.gallimard.fr\/catalogue\/un-vrai-roman-memoires\/9782070379545\" target=\"_blank\" rel=\"nofollow noopener\"> \u00ab\u00a0Un vrai roman. M\u00e9moires\u00a0\u00bb<\/a>. L\u2019\u00eele de R\u00e9, le lieu d\u00e9couvert par son arri\u00e8re-grand-p\u00e8re maternel, un marin au long cours. L\u00e0 o\u00f9 il passait l\u2019\u00e9t\u00e9 dans sa maison du Martray avec un corps de b\u00e2timent individuel o\u00f9 il aimait \u00e0 \u00e9crire en ne tol\u00e9rant aucune intrusion. L\u00e0 o\u00f9, sur sa tombe du cimeti\u00e8re, il tenait \u00e0 faire graver cette inscription\u00a0: \u00ab\u00a0Philippe Joyaux Sollers, V\u00e9nitien de Bordeaux, \u00e9crivain\u00a0\u00bb. Ajoutant dans ses M\u00e9moires\u00a0: \u00ab\u00a0Si un rosier pousse pas trop loin, c\u2019est bien.\u00a0\u00bb<\/p>\n<p>    Conseils de lecture<br \/>\nDe Philippe Sollers, il est recommand\u00e9 de se procurer le <a href=\"https:\/\/www.lisez.com\/livres\/dictionnaire-amoureux-de-venise\/9782259320504\" target=\"_blank\" rel=\"nofollow noopener\">\u00ab\u00a0Dictionnaire amoureux de Venise\u00a0\u00bb<\/a>, r\u00e9\u00e9dit\u00e9 par Plon en octobre dernier. \u00ab\u00a0Agent secret\u00a0\u00bb (Folio), singulier et bouleversant autoportrait tardif.<a href=\"https:\/\/www.gallimard.fr\/catalogue\/la-guerre-du-gout\/9782070400584\" target=\"_blank\" rel=\"nofollow noopener\"> \u00ab\u00a0La Guerre du go\u00fbt\u00a0\u00bb<\/a> (Folio), v\u00e9ritable histoire, vivante et verticale, de l\u2019art et de la litt\u00e9rature.<\/p>\n","protected":false},"excerpt":{"rendered":"Le 28\u00a0novembre 1936, un samedi en plein Front populaire, la ville de Bordeaux accueillait la naissance d\u2019un esprit&hellip;\n","protected":false},"author":2,"featured_media":322728,"comment_status":"","ping_status":"","sticky":false,"template":"","format":"standard","meta":{"footnotes":""},"categories":[2817],"tags":[1111,11,1997,1777,674,1011,27,12,2219,25],"class_list":{"0":"post-322727","1":"post","2":"type-post","3":"status-publish","4":"format-standard","5":"has-post-thumbnail","7":"category-bordeaux","8":"tag-actu","9":"tag-actualites","10":"tag-bordeaux","11":"tag-eu","12":"tag-europe","13":"tag-fr","14":"tag-france","15":"tag-news","16":"tag-nouvelle-aquitaine","17":"tag-republique-francaise"},"share_on_mastodon":{"url":"https:\/\/pubeurope.com\/@fr\/115038066460687457","error":""},"_links":{"self":[{"href":"https:\/\/www.europesays.com\/fr\/wp-json\/wp\/v2\/posts\/322727","targetHints":{"allow":["GET"]}}],"collection":[{"href":"https:\/\/www.europesays.com\/fr\/wp-json\/wp\/v2\/posts"}],"about":[{"href":"https:\/\/www.europesays.com\/fr\/wp-json\/wp\/v2\/types\/post"}],"author":[{"embeddable":true,"href":"https:\/\/www.europesays.com\/fr\/wp-json\/wp\/v2\/users\/2"}],"replies":[{"embeddable":true,"href":"https:\/\/www.europesays.com\/fr\/wp-json\/wp\/v2\/comments?post=322727"}],"version-history":[{"count":0,"href":"https:\/\/www.europesays.com\/fr\/wp-json\/wp\/v2\/posts\/322727\/revisions"}],"wp:featuredmedia":[{"embeddable":true,"href":"https:\/\/www.europesays.com\/fr\/wp-json\/wp\/v2\/media\/322728"}],"wp:attachment":[{"href":"https:\/\/www.europesays.com\/fr\/wp-json\/wp\/v2\/media?parent=322727"}],"wp:term":[{"taxonomy":"category","embeddable":true,"href":"https:\/\/www.europesays.com\/fr\/wp-json\/wp\/v2\/categories?post=322727"},{"taxonomy":"post_tag","embeddable":true,"href":"https:\/\/www.europesays.com\/fr\/wp-json\/wp\/v2\/tags?post=322727"}],"curies":[{"name":"wp","href":"https:\/\/api.w.org\/{rel}","templated":true}]}}