{"id":322729,"date":"2025-08-16T10:52:09","date_gmt":"2025-08-16T10:52:09","guid":{"rendered":"https:\/\/www.europesays.com\/fr\/322729\/"},"modified":"2025-08-16T10:52:09","modified_gmt":"2025-08-16T10:52:09","slug":"le-club-devoile-les-nouveaux-maillots-des-girondins-de-bordeaux","status":"publish","type":"post","link":"https:\/\/www.europesays.com\/fr\/322729\/","title":{"rendered":"Le club d\u00e9voile les nouveaux maillots des Girondins de Bordeaux"},"content":{"rendered":"<p>            Par<br \/>\n        <strong><br \/>\n            <a href=\"https:\/\/actu.fr\/auteur\/charlotte-lesprit\" title=\"Consulter tous les articles de Charlotte Lesprit\" target=\"_blank\" rel=\"noopener\">Charlotte Lesprit<\/a><br \/>\n        <\/strong><\/p>\n<p>        Publi\u00e9 le<\/p>\n<p>            16 ao\u00fbt 2025 \u00e0 12h32        <\/p>\n<p>Pour leur <a href=\"https:\/\/actu.fr\/nouvelle-aquitaine\/bordeaux_33063\/football-le-coup-d-envoi-des-girondins-de-bordeaux-repousse-de-trois-heures-en-raison-des-fortes-chaleurs_63041531.html\" target=\"_blank\" rel=\"noopener\">premier match de la saison en National\u00a02<\/a>, ce samedi 16\u00a0ao\u00fbt face l\u2019<a href=\"https:\/\/actu.fr\/normandie\/avranches_50025\/apres-la-preparation-lus-avranches-lance-sa-saison-contre-les-girondins-de-bordeaux_63037614.html\" target=\"_blank\" rel=\"noopener\">USM Avranches Mont-Saint-Michel<\/a> au <a href=\"https:\/\/actu.fr\/nouvelle-aquitaine\/bordeaux_33063\/naming-fin-d-un-partenariat-public-prive-ce-qu-il-faut-savoir-du-stade-atlantique-de-bordeaux-metropole_62989523.html\" target=\"_blank\" rel=\"noopener\">Stade Atlantique<\/a>, les<strong> Girondins de Bordeaux<\/strong> vont pouvoir compter sur leurs fid\u00e8les supporters.\u00a0Les nouveaux maillots, mis en vente quelques jours plus t\u00f4t, ne seront cependant<strong> livr\u00e9s qu\u2019en septembre<\/strong>\u2009: les fans n\u2019auront donc pas le plaisir de les porter pour le d\u00e9but du championnat.<\/p>\n<p class=\" wall-content\">En effet, les maillots domicile et ext\u00e9rieur 2025-2026 sont en pr\u00e9commande depuis jeudi 14\u00a0ao\u00fbt sur <a href=\"https:\/\/boutique.girondins.com\/fr\/14-tenues-officielles\" target=\"_blank\" rel=\"noopener\">le site du club<\/a> et vendu la coquette somme<strong> de 80 euros <\/strong>(79,95 euros pr\u00e9cis\u00e9ment), sans les frais de transport (7,18\u00a0euros).<\/p>\n<p class=\" wall-content\">\n<p>La fin du contrat avec Adidas<\/p>\n<p class=\" wall-content\">Ce dernier est bleu marine (scapulaire blanc, logo \u00e0 gauche) pour les matchs \u00e0 domicile et blanc (scapulaire bleu, logo au centre) pour les d\u00e9placements. Le t-shirt d\u2019entra\u00eenement est quant \u00e0 lui vendu pratiquement 40\u00a0euros.<\/p>\n<p class=\" wall-content\">Nouveaut\u00e9 de la saison, le contrat avec Adidas n\u2019a pas \u00e9t\u00e9 renouvel\u00e9 et le club a sign\u00e9 avec <strong>l\u2019\u00e9quipementier sportif danois Hummel<\/strong>. C\u00f4t\u00e9 sponsor, seule la mention au groupe Vigier, entreprise locale sp\u00e9cialis\u00e9e dans la construction et le b\u00e2timent, appara\u00eet sur les tuniques.<\/p>\n<p class=\" wall-content\">Suivez toute l\u2019actualit\u00e9 de vos villes et m\u00e9dias favoris en vous inscrivant \u00e0 <a href=\"https:\/\/moncompte.actu.fr\" title=\"D\u00e9couvez Mon Actu\" rel=\"nofollow noopener\" data-trk=\"{&quot;cta&quot;:{&quot;action&quot;:&quot;https:\\\/\\\/moncompte.actu.fr&quot;,&quot;category&quot;:&quot;mon compte&quot;,&quot;from&quot;:&quot;article footer&quot;,&quot;name&quot;:&quot;Mon actu&quot;,&quot;type&quot;:&quot;cta&quot;}}\" target=\"_blank\">Mon Actu<\/a>.<\/p>\n<ul class=\"ac-article-tag wall-content\">\n<li><a href=\"https:\/\/actu.fr\/tag\/girondins-de-bordeaux\" data-trk=\"{&quot;cta&quot;:{&quot;action&quot;:&quot;Girondins de Bordeaux&quot;,&quot;category&quot;:&quot;tag&quot;,&quot;from&quot;:&quot;article footer&quot;,&quot;name&quot;:&quot;Girondins de Bordeaux&quot;,&quot;type&quot;:&quot;cta&quot;}}\" target=\"_blank\" rel=\"noopener\">#Girondins de Bordeaux<\/a><\/li>\n<li><a href=\"https:\/\/actu.fr\/tag\/sport\" data-trk=\"{&quot;cta&quot;:{&quot;action&quot;:&quot;sport&quot;,&quot;category&quot;:&quot;tag&quot;,&quot;from&quot;:&quot;article footer&quot;,&quot;name&quot;:&quot;sport&quot;,&quot;type&quot;:&quot;cta&quot;}}\" target=\"_blank\" rel=\"noopener\">#sport<\/a><\/li>\n<\/ul>\n","protected":false},"excerpt":{"rendered":"Par Charlotte Lesprit Publi\u00e9 le 16 ao\u00fbt 2025 \u00e0 12h32 Pour leur premier match de la saison en&hellip;\n","protected":false},"author":2,"featured_media":322730,"comment_status":"","ping_status":"","sticky":false,"template":"","format":"standard","meta":{"footnotes":""},"categories":[2817],"tags":[1111,11,1997,1777,674,63,1011,27,2908,12,2219,25,517,60],"class_list":{"0":"post-322729","1":"post","2":"type-post","3":"status-publish","4":"format-standard","5":"has-post-thumbnail","7":"category-bordeaux","8":"tag-actu","9":"tag-actualites","10":"tag-bordeaux","11":"tag-eu","12":"tag-europe","13":"tag-football","14":"tag-fr","15":"tag-france","16":"tag-girondins-de-bordeaux","17":"tag-news","18":"tag-nouvelle-aquitaine","19":"tag-republique-francaise","20":"tag-sport","21":"tag-sports"},"share_on_mastodon":{"url":"https:\/\/pubeurope.com\/@fr\/115038069979532087","error":""},"_links":{"self":[{"href":"https:\/\/www.europesays.com\/fr\/wp-json\/wp\/v2\/posts\/322729","targetHints":{"allow":["GET"]}}],"collection":[{"href":"https:\/\/www.europesays.com\/fr\/wp-json\/wp\/v2\/posts"}],"about":[{"href":"https:\/\/www.europesays.com\/fr\/wp-json\/wp\/v2\/types\/post"}],"author":[{"embeddable":true,"href":"https:\/\/www.europesays.com\/fr\/wp-json\/wp\/v2\/users\/2"}],"replies":[{"embeddable":true,"href":"https:\/\/www.europesays.com\/fr\/wp-json\/wp\/v2\/comments?post=322729"}],"version-history":[{"count":0,"href":"https:\/\/www.europesays.com\/fr\/wp-json\/wp\/v2\/posts\/322729\/revisions"}],"wp:featuredmedia":[{"embeddable":true,"href":"https:\/\/www.europesays.com\/fr\/wp-json\/wp\/v2\/media\/322730"}],"wp:attachment":[{"href":"https:\/\/www.europesays.com\/fr\/wp-json\/wp\/v2\/media?parent=322729"}],"wp:term":[{"taxonomy":"category","embeddable":true,"href":"https:\/\/www.europesays.com\/fr\/wp-json\/wp\/v2\/categories?post=322729"},{"taxonomy":"post_tag","embeddable":true,"href":"https:\/\/www.europesays.com\/fr\/wp-json\/wp\/v2\/tags?post=322729"}],"curies":[{"name":"wp","href":"https:\/\/api.w.org\/{rel}","templated":true}]}}