{"id":322735,"date":"2025-08-16T10:56:36","date_gmt":"2025-08-16T10:56:36","guid":{"rendered":"https:\/\/www.europesays.com\/fr\/322735\/"},"modified":"2025-08-16T10:56:36","modified_gmt":"2025-08-16T10:56:36","slug":"on-punit-tous-les-spectateurs-brest-lille-un-match-sans-alcool-pour-lancer-la-saison","status":"publish","type":"post","link":"https:\/\/www.europesays.com\/fr\/322735\/","title":{"rendered":"\u00ab\u00a0On punit tous les spectateurs\u00a0\u00bb\u00a0: Brest-Lille, un match sans alcool pour lancer la saison"},"content":{"rendered":"<p>Les services de l\u2019\u00c9tat frappent fort d\u2019entr\u00e9e de jeu ! Ce dimanche 17\u00a0ao\u00fbt 2025, pour Stade Brestois &#8211; Lille, le premier match de la saison du championnat de Ligue\u00a01, programm\u00e9 \u00e0 15 h au stade Francis-Le\u00a0Bl\u00e9, \u00e0 Brest, l\u2019attroupement habituel dans et devant le bar Le P\u00e9nalty devrait se r\u00e9duire \u00e0 sa plus simple expression. En cause, un arr\u00eat\u00e9 du pr\u00e9fet qui interdit la vente de boissons alcoolis\u00e9es dans les \u00e9tablissements disposant d\u2019une autorisation, de 8 h \u00e0 20 h, <a href=\"https:\/\/www.letelegramme.fr\/finistere\/brest-29200\/brest-lille-quelles-sont-les-rues-concernees-par-larrete-anti-alcool-6871954.php\" target=\"_blank\" rel=\"noopener\">dans un large p\u00e9rim\u00e8tre autour de l\u2019enceinte<\/a>.<\/p>\n<p>Sont aussi interdits la consommation, la d\u00e9tention et le transport d\u2019alcool sur la voie publique dans ce m\u00eame p\u00e9rim\u00e8tre. L\u2019arr\u00eat\u00e9 est motiv\u00e9, entre autres, par les \u00ab nombreux incidents mettant en cause des supporters ultras au cours de la saison\u00a02024-2025 \u00bb. Et alors que les Ultras Brestois\u00a090 ont refus\u00e9 de s\u2019auto-dissoudre, contrairement aux Celtic, <a href=\"https:\/\/www.letelegramme.fr\/sports\/football\/stade-brestois\/apres-la-defaite-du-stade-brestois-des-ultras-bloquent-la-rn12-pour-en-decoudre-avec-les-supporters-lensois-6802470.php\" target=\"_blank\" rel=\"noopener\">apr\u00e8s les graves incidents d\u2019avril dernier \u00e0 l\u2019issue du match face \u00e0 Lens<\/a>, la sous-pr\u00e9fecture consid\u00e8re que ce choix \u00ab souligne une logique de confrontation future avec les autorit\u00e9s publiques \u00bb. Elle estime donc \u00ab que les comportements d\u00e9viants individuels ou en r\u00e9union desdits supporters ultras, dont la consommation d\u2019alcool est g\u00e9n\u00e9ratrice de violences d\u00e9brid\u00e9es, pr\u00e9sentent un fort risque de r\u00e9it\u00e9ration lors du premier match de la saison \u00bb.<\/p>\n<p>Une mesure potentiellement reconduite lors de tous les matchs \u00e0 risque<\/p>\n<p>Cette interdiction va toucher de plein fouet le bar Le\u00a0Penalty, refuge incontournable des avant-matchs \u00e0 Le\u00a0Bl\u00e9. \u00ab Je g\u00e8re le seul \u00e9tablissement qui n\u2019est pas actuellement en cong\u00e9s dans le p\u00e9rim\u00e8tre \u00bb, souligne Corinne Le\u00a0Madec, la g\u00e9rante, qui avait \u00e9t\u00e9 pr\u00e9par\u00e9e \u00e0 cette d\u00e9cision apr\u00e8s une convocation en sous-pr\u00e9fecture le 30\u00a0juillet. Elle l\u2019a mauvaise. Ce, d\u2019autant qu\u2019on lui a laiss\u00e9 entendre que cette mesure pourrait \u00eatre reconduite lors de l\u2019ensemble des matchs class\u00e9s \u00e0 risque, soit potentiellement sept ou huit sur les 17\u00a0rencontres du championnat \u00e0 domicile.<\/p>\n<blockquote><p>Quand j\u2019ai pris Le Penalty, c\u2019\u00e9tait en int\u00e9grant le chiffre d\u2019affaires g\u00e9n\u00e9r\u00e9 par les matchs. Aujourd\u2019hui, je fais comment ?<\/p><\/blockquote>\n<p>\u00ab Je suis \u00e9c\u0153ur\u00e9e, car il n\u2019y a jamais eu le moindre incident chez moi. Et quand j\u2019ai pris Le Penalty en d\u00e9cembre\u00a02022, c\u2019\u00e9tait en int\u00e9grant le chiffre d\u2019affaires g\u00e9n\u00e9r\u00e9 par les matchs. Aujourd\u2019hui, je fais comment ? \u00bb. Afin de ne pas p\u00e9naliser la client\u00e8le qui vient voir le match chez elle, Corinne Le\u00a0Madec a d\u00e9cid\u00e9 d\u2019ouvrir malgr\u00e9 tout, en bar sans alcool, mais sans se faire d\u2019illusions sur le montant de la recette. \u00ab On fonctionnera avec la moiti\u00e9 du personnel habituel, et au coup de sifflet final, je baisserais mes grilles \u00bb, pr\u00e9cise la commer\u00e7ante, qui sera aussi amput\u00e9e de toute une client\u00e8le matinale venant habituellement le dimanche matin \u00e0 partir de 10 h.<\/p>\n<p>\u00ab Les gens vont aller picoler ailleurs \u00bb<\/p>\n<p>Sur les r\u00e9seaux sociaux, ce tour de vis inaugural des services pr\u00e9fectoraux fait r\u00e9agir. \u00ab \u00c7a commence fort \u00bb, lance le compte Facebook Allez Brest.com. en diffusant l\u2019arr\u00eat\u00e9 sur sa page. \u00ab Tant mieux, \u00e7a \u00e9vitera des viandes saoules aux abords du stade. Des familles, des enfants viennent aussi au match \u00bb, d\u00e9fend Olivier Abalain, en se muant en avocat de l\u2019\u00c9tat. Un avis tr\u00e8s minoritaire, car cette d\u00e9cision est surtout fustig\u00e9e par l\u2019immense majorit\u00e9 des supporters.<\/p>\n<p>\u00ab Les commer\u00e7ants vont devoir subir cette situation d\u00e9plorable. C\u2019est scandaleux \u00bb, juge J\u00e9j\u00e9 sur une autre page Facebook, ICB\u00a02010\u00a0SB\u00a029, tandis que d\u2019autres d\u00e9noncent \u00ab le z\u00e8le \u00bb de la pr\u00e9fecture \u00ab qui vient punir tous les spectateurs \u00bb. Denis Castel s\u2019interroge\u00a0: \u00ab\u00a0Mais dans quel pays sommes-nous, le pays des libert\u00e9s ? Cela devient vraiment n\u2019importe quoi. Sachant qu\u2019avec cette d\u00e9cision, les gens vont aller picoler ailleurs. J\u2019esp\u00e8re qu\u2019il va indemniser Le Penalty pour la perte de chiffre d\u2019affaires\u00a0\u00bb. Corinne Le\u00a0Madec entend en effet consigner avec pr\u00e9cision le manque \u00e0 gagner qu\u2019elle constatera dans son tiroir-caisse, en vue d\u2019une d\u00e9marche future. Mais avec quelles chances de succ\u00e8s ?<\/p>\n<p>Coup de pression sur les Ultras Brestois\u00a090<\/p>\n<p>\u00ab Cela me para\u00eet compliqu\u00e9, pour une mesure ponctuelle \u00bb, admet le sous-pr\u00e9fet. Qui assure : \u00ab Je n\u2019ai rien contre Le\u00a0Penalty, la g\u00e9rante est quelqu\u2019un de tr\u00e8s bien. Mon sujet, il est avec les Ultras Brestois\u00a090, qui ont d\u2019ailleurs leur si\u00e8ge social au Penalty. Car, non seulement ils ont refus\u00e9 de s\u2019auto-dissoudre apr\u00e8s les violences face \u00e0 Lens, mais fin juillet, lors d\u2019un match amical face \u00e0 Dinan contre Le\u00a0Havre, deux ultras fortement alcoolis\u00e9s se sont livr\u00e9s \u00e0 des violences physiques entre eux, avant d\u2019\u00eatre expuls\u00e9s du stade \u00bb.<\/p>\n<blockquote><p>Mon sujet, il est avec les Ultras Brestois\u00a090, qui ont d\u2019ailleurs leur si\u00e8ge social au Penalty<\/p><\/blockquote>\n<p>Pour le repr\u00e9sentant de l\u2019\u00c9tat, trop, c\u2019est trop ! Dans l\u2019attente d\u2019une r\u00e9union avec leurs repr\u00e9sentants ce mardi 19\u00a0ao\u00fbt, il a aussi d\u00e9cid\u00e9 de placer l\u2019ensemble des spectateurs au r\u00e9gime sec, en demandant \u00e0 la Ville de ne pas d\u00e9livrer de licence alcool dans les buvettes du stade. Le message de l\u2019\u00c9tat est clair : les ultras doivent faire profil bas et rentrer dans le rang. Alors, seulement, les autres spectateurs retrouveront l\u2019assurance de pouvoir boire un demi tranquillement les jours de match.<\/p>\n","protected":false},"excerpt":{"rendered":"Les services de l\u2019\u00c9tat frappent fort d\u2019entr\u00e9e de jeu ! Ce dimanche 17\u00a0ao\u00fbt 2025, pour Stade Brestois &#8211;&hellip;\n","protected":false},"author":2,"featured_media":322736,"comment_status":"","ping_status":"","sticky":false,"template":"","format":"standard","meta":{"footnotes":""},"categories":[2815],"tags":[1111,11,3450,1777,674,3321,1011,27,811,1307,4555,12,25],"class_list":{"0":"post-322735","1":"post","2":"type-post","3":"status-publish","4":"format-standard","5":"has-post-thumbnail","7":"category-lille","8":"tag-actu","9":"tag-actualites","10":"tag-brest","11":"tag-eu","12":"tag-europe","13":"tag-finistere","14":"tag-fr","15":"tag-france","16":"tag-hauts-de-france","17":"tag-lille","18":"tag-local","19":"tag-news","20":"tag-republique-francaise"},"share_on_mastodon":{"url":"https:\/\/pubeurope.com\/@fr\/115038086201286733","error":""},"_links":{"self":[{"href":"https:\/\/www.europesays.com\/fr\/wp-json\/wp\/v2\/posts\/322735","targetHints":{"allow":["GET"]}}],"collection":[{"href":"https:\/\/www.europesays.com\/fr\/wp-json\/wp\/v2\/posts"}],"about":[{"href":"https:\/\/www.europesays.com\/fr\/wp-json\/wp\/v2\/types\/post"}],"author":[{"embeddable":true,"href":"https:\/\/www.europesays.com\/fr\/wp-json\/wp\/v2\/users\/2"}],"replies":[{"embeddable":true,"href":"https:\/\/www.europesays.com\/fr\/wp-json\/wp\/v2\/comments?post=322735"}],"version-history":[{"count":0,"href":"https:\/\/www.europesays.com\/fr\/wp-json\/wp\/v2\/posts\/322735\/revisions"}],"wp:featuredmedia":[{"embeddable":true,"href":"https:\/\/www.europesays.com\/fr\/wp-json\/wp\/v2\/media\/322736"}],"wp:attachment":[{"href":"https:\/\/www.europesays.com\/fr\/wp-json\/wp\/v2\/media?parent=322735"}],"wp:term":[{"taxonomy":"category","embeddable":true,"href":"https:\/\/www.europesays.com\/fr\/wp-json\/wp\/v2\/categories?post=322735"},{"taxonomy":"post_tag","embeddable":true,"href":"https:\/\/www.europesays.com\/fr\/wp-json\/wp\/v2\/tags?post=322735"}],"curies":[{"name":"wp","href":"https:\/\/api.w.org\/{rel}","templated":true}]}}