{"id":322737,"date":"2025-08-16T10:57:08","date_gmt":"2025-08-16T10:57:08","guid":{"rendered":"https:\/\/www.europesays.com\/fr\/322737\/"},"modified":"2025-08-16T10:57:08","modified_gmt":"2025-08-16T10:57:08","slug":"defferre-un-dernier-duel-dhonneur-et-de-vanite","status":"publish","type":"post","link":"https:\/\/www.europesays.com\/fr\/322737\/","title":{"rendered":"Defferre, un dernier duel d\u2019honneur et de vanit\u00e9"},"content":{"rendered":"<p>Une fois n\u2019est pas coutume, l\u2019histoire qui nous occupe aujourd\u2019hui ne s\u2019est pas d\u00e9roul\u00e9e \u00e0 Marseille mais \u00e0 Neuilly-sur-Seine. Dans le jardin d\u2019un h\u00f4tel particulier, Gaston Defferre, en bras de chemise et pantalon \u00e0 pinces, s\u2019avance face \u00e0 son rival. \u00c9p\u00e9e \u00e0 la main, il s\u2019appr\u00eate \u00e0 disputer <a href=\"https:\/\/www.laprovence.com\/actu\/en-direct\/6330911\/le-21-avril-1967-le-depute-maire-de-marseille-gaston-defferre-et-le-gaulliste-rene-ribiere-saffrontaient-\" target=\"_blank\" rel=\"noopener\">le dernier duel officiel de l\u2019histoire de France<\/a>.<\/p>\n<p>Nous sommes le 21\u00a0avril\u00a01967 et Ren\u00e9 Ribi\u00e8re, d\u00e9put\u00e9 gaulliste du Val-d\u2019Oise, entend laver son honneur apr\u00e8s que<a href=\"https:\/\/www.laprovence.com\/article\/region\/1737644547761815\/le-12-mai-1986-sur-le-vieux-port-les-obseques-de-gaston-defferre-mobilisent-des-milliers-de-personnes\" target=\"_blank\" rel=\"noopener\"> le d\u00e9put\u00e9-maire SFIO de Marseille<\/a> l\u2019a trait\u00e9 d'\u00a0\u00bbabruti\u00a0\u00bb, la veille, dans l\u2019h\u00e9micycle de l\u2019Assembl\u00e9e. La s\u00e9ance finie, Ribi\u00e8re va voir Defferre\u00a0: \u00ab\u00a0Pourquoi m\u2019avoir trait\u00e9 d\u2019abruti\u00a0?\u00a0\u00bb R\u00e9ponse du maire de Marseille\u00a0: \u00ab\u00a0Parce que je le pense\u00a0\u00bb. La m\u00e9diation de Jacques Chaban-Delmas (UNR), pr\u00e9sident de l\u2019Assembl\u00e9e, est vaine. Pour autant, les deux d\u00e9put\u00e9s ne seront pas sanctionn\u00e9s.<\/p>\n<p>Ce n\u2019est pas la premi\u00e8re fois que Defferre se retrouve dans un champ pour en d\u00e9coudre en t\u00eate \u00e0 t\u00eate avec un rival de l\u2019Assembl\u00e9e. 20\u00a0ans plus t\u00f4t, le 29\u00a0mars\u00a01947, il avait affront\u00e9 Paul Bastid. Celui-ci avait l\u2019outrecuidance <a href=\"https:\/\/www.laprovence.com\/article\/sorties-loisirs\/4720065\/la-provence-histoire-1900-les-espoirs-de-la-belle-epoque.html\" target=\"_blank\" rel=\"noopener\">de diriger L\u2019Aurore<\/a> qui avait publi\u00e9 un article jug\u00e9 \u00ab\u00a0infamant\u00a0\u00bb par l\u2019\u00e9lu marseillais. La gifle ass\u00e9n\u00e9e par Defferre au d\u00e9put\u00e9 radical de la Seine dans les couloirs du palais Bourbon avait rendu in\u00e9luctable ce duel. Une pratique pas si rare \u00e0 l\u2019\u00e9poque\u00a0: selon Le Monde, \u00ab\u00a0c\u2019est le neuvi\u00e8me duel qui s\u2019est d\u00e9roul\u00e9 \u00e0 Paris depuis le d\u00e9but de\u00a01947\u00a0\u00bb. Les deux hommes se retrouvent dans une prairie de Clairefontaine pour un duel au pistolet, l\u2019arme choisie par Bastid. Deux balles sont \u00e9chang\u00e9es \u00e0 25 m\u00e8tres, \u00ab\u00a0sans r\u00e9sultat\u00a0: les adversaires ne se sont pas r\u00e9concili\u00e9s\u00a0\u00bb, constate froidement Le Monde.<\/p>\n<p>En ce matin de\u00a01967, c\u2019est donc \u00e0 l\u2019\u00e9p\u00e9e que Ribi\u00e8re d\u00e9fie Defferre. Un choix \u00e9tonnant\u00a0: le d\u00e9put\u00e9 francilien n\u2019a jamais mani\u00e9 aucune arme d\u2019estoc ou de taille. Raison pour laquelle au matin du duel, ce pr\u00e9fet court \u00e0 la salle d\u2019armes de l\u2019Assembl\u00e9e (il en existait une \u00e0 l\u2019\u00e9poque) pour apprendre les bases de l\u2019escrime. L\u2019\u00e9v\u00e9nement fait la une des journaux, radios et t\u00e9l\u00e9s, qui traitent l\u2019information sur un ton plus l\u00e9ger que dramatique malgr\u00e9 l\u2019interdiction officielle du duel depuis le d\u00e9but du si\u00e8cle. Le mariage de Ribi\u00e8re, le lendemain, ajoute au cocasse de la situation.<\/p>\n<p>Quelques gouttes de sang qui perlent<\/p>\n<p>Face \u00e0 face, les deux hommes s\u2019\u00e9lancent. Defferre, <a href=\"https:\/\/www.laprovence.com\/article\/edition-marseille\/5872893\/les-470-noms-des-resistants-provencaux-morts-pour-la-france-graves-dans-le-marbre.html\" target=\"_blank\" rel=\"noopener\">l\u2019ancien r\u00e9sistant<\/a> de 57\u00a0ans, habitu\u00e9 au maniement des armes \u00e0 feu, est plus vif. Il touche deux fois au bras son rival. Quelques gouttes de sang perlent, Ribi\u00e8re demande l\u2019arr\u00eat du combat. \u00ab\u00a0Ce duel a \u00e9t\u00e9 plut\u00f4t une bonne chose\u00a0: il a montr\u00e9 qu\u2019un d\u00e9put\u00e9 de la gauche ne peut insulter un d\u00e9put\u00e9 sans se retrouver devant une \u00e9p\u00e9e ou un pistolet\u00a0\u00bb, se satisfait Ribi\u00e8re. Defferre fanfaronne\u00a0: \u00ab\u00a0Il reste un abruti. C\u2019est cong\u00e9nital. Tout cela est grotesque, ridicule et d\u00e9mod\u00e9. Cela ne peut avoir un sens que si le combat est dangereux.\u00a0\u00bb<\/p>\n<p>Pour le maire de Marseille, qui a des ambitions nationales dans cette <a href=\"https:\/\/www.laprovence.com\/article\/politique\/133486680424615\/edito-la-ve-republique-a-bout-de-souffle\" target=\"_blank\" rel=\"noopener\">Ve\u00a0R\u00e9publique<\/a> naissante, l\u2019occasion \u00e9tait trop belle de faire parler de lui. Deux ans plus t\u00f4t, sa candidature sous le masque de \u00ab\u00a0Monsieur X\u00a0\u00bb, inspir\u00e9e par L\u2019Express de Servan-Schreiber, a avort\u00e9. Son rival au sein de la gauche non communiste, Fran\u00e7ois Mitterrand, s\u2019est au contraire distingu\u00e9 en poussant De Gaulle \u00e0 un second tour.<\/p>\n<p>En\u00a01969, apr\u00e8s la d\u00e9mission du G\u00e9n\u00e9ral, Defferre se lancera pour de bon. Candidat sans rival apr\u00e8s la d\u00e9fection de Mitterrand, il forme un ticket \u00ab\u00a0\u00e0 l\u2019am\u00e9ricaine\u00a0\u00bb avec Pierre Mend\u00e8s-France, cens\u00e9 incarner la modernit\u00e9 face au gaullisme chancelant. Mais il \u00e9choue piteusement \u00e0 5,01% des voix. Difficile d\u2019incarner le renouveau lorsque deux ans plus t\u00f4t, on revendiquait le droit d\u2019exercer une pratique f\u00e9odale\u2026<\/p>\n","protected":false},"excerpt":{"rendered":"Une fois n\u2019est pas coutume, l\u2019histoire qui nous occupe aujourd\u2019hui ne s\u2019est pas d\u00e9roul\u00e9e \u00e0 Marseille mais \u00e0&hellip;\n","protected":false},"author":2,"featured_media":322738,"comment_status":"","ping_status":"","sticky":false,"template":"","format":"standard","meta":{"footnotes":""},"categories":[2814],"tags":[17,1111,11,46037,4431,1777,674,1011,27,5107,884,12,14455,316,882,25,521,3356,13373],"class_list":{"0":"post-322737","1":"post","2":"type-post","3":"status-publish","4":"format-standard","5":"has-post-thumbnail","7":"category-marseille","8":"tag-17","9":"tag-actu","10":"tag-actualites","11":"tag-defferre","12":"tag-dernier","13":"tag-eu","14":"tag-europe","15":"tag-fr","16":"tag-france","17":"tag-maire","18":"tag-marseille","19":"tag-news","20":"tag-notre","21":"tag-politique","22":"tag-provence-alpes-cote-dazur","23":"tag-republique-francaise","24":"tag-serie","25":"tag-sur","26":"tag-vue"},"share_on_mastodon":{"url":"https:\/\/pubeurope.com\/@fr\/115038089676861809","error":""},"_links":{"self":[{"href":"https:\/\/www.europesays.com\/fr\/wp-json\/wp\/v2\/posts\/322737","targetHints":{"allow":["GET"]}}],"collection":[{"href":"https:\/\/www.europesays.com\/fr\/wp-json\/wp\/v2\/posts"}],"about":[{"href":"https:\/\/www.europesays.com\/fr\/wp-json\/wp\/v2\/types\/post"}],"author":[{"embeddable":true,"href":"https:\/\/www.europesays.com\/fr\/wp-json\/wp\/v2\/users\/2"}],"replies":[{"embeddable":true,"href":"https:\/\/www.europesays.com\/fr\/wp-json\/wp\/v2\/comments?post=322737"}],"version-history":[{"count":0,"href":"https:\/\/www.europesays.com\/fr\/wp-json\/wp\/v2\/posts\/322737\/revisions"}],"wp:featuredmedia":[{"embeddable":true,"href":"https:\/\/www.europesays.com\/fr\/wp-json\/wp\/v2\/media\/322738"}],"wp:attachment":[{"href":"https:\/\/www.europesays.com\/fr\/wp-json\/wp\/v2\/media?parent=322737"}],"wp:term":[{"taxonomy":"category","embeddable":true,"href":"https:\/\/www.europesays.com\/fr\/wp-json\/wp\/v2\/categories?post=322737"},{"taxonomy":"post_tag","embeddable":true,"href":"https:\/\/www.europesays.com\/fr\/wp-json\/wp\/v2\/tags?post=322737"}],"curies":[{"name":"wp","href":"https:\/\/api.w.org\/{rel}","templated":true}]}}