{"id":322739,"date":"2025-08-16T10:58:13","date_gmt":"2025-08-16T10:58:13","guid":{"rendered":"https:\/\/www.europesays.com\/fr\/322739\/"},"modified":"2025-08-16T10:58:13","modified_gmt":"2025-08-16T10:58:13","slug":"mgr-aveline-va-se-rendre-a-jerusalem-et-en-cisjordanie","status":"publish","type":"post","link":"https:\/\/www.europesays.com\/fr\/322739\/","title":{"rendered":"Mgr Aveline va se rendre \u00e0 J\u00e9rusalem et en Cisjordanie"},"content":{"rendered":"<p>\u00c0 ses c\u00f4t\u00e9s, ses deux vice-pr\u00e9sidents, Mgr\u00a0Vincent Jordy, archev\u00eaque de Tours, et Mgr\u00a0Beno\u00eet Bertrand, \u00e9v\u00eaque de Pontoise. <a href=\"https:\/\/www.laprovence.com\/article\/region\/1122768320426714\/mgr-aveline-cardinal-archeveque-de-marseille-ira-en-mission-de-paix-a-jerusalem-apres-lassomption\" target=\"_blank\" rel=\"noopener\">Un voyage plac\u00e9 sous le signe de la paix<\/a>, alors que la r\u00e9gion est embras\u00e9e depuis plus de 18 mois par une guerre entre Isra\u00ebl et le Hamas, qui a fait 1\u00a0500 morts c\u00f4t\u00e9 isra\u00e9lien et 60\u00a0000 morts c\u00f4t\u00e9 palestinien depuis l\u2019attaque terroriste du Hamas, le 7\u00a0octobre\u00a02023.<\/p>\n<p>Apporter leur soutien aux communaut\u00e9s chr\u00e9tiennes du Proche-Orient<\/p>\n<p>\u00c9labor\u00e9 en lien avec le quai d\u2019Orsay, le programme pr\u00e9cis du s\u00e9jour n\u2019a pas \u00e9t\u00e9 d\u00e9voil\u00e9 par la CEF. On sait toutefois que les pr\u00e9lats apporteront \u00e9galement leur soutien aux communaut\u00e9s chr\u00e9tiennes install\u00e9es au Proche-Orient.<\/p>\n<p>Ce samedi 16\u00a0ao\u00fbt, Le Parisien <a href=\"https:\/\/www.leparisien.fr\/international\/israel\/un-acte-diplomatique-a-ne-pas-sous-estimer-les-eveques-de-france-au-chevet-du-moyen-orient-15-08-2025-PX244QUQ7NAPTPRGCWUGDEKCEA.php\" target=\"_blank\" rel=\"noopener\">a d\u00e9voil\u00e9 une partie du programme de la d\u00e9l\u00e9gation<\/a>. Guid\u00e9s sur place par l\u2019archev\u00eaque de J\u00e9rusalem, le cardinal Pierbattista Pizzaballa &#8211; pressenti comme papabile \u00e0 l\u2019instar du Marseillais, avant l\u2019\u00e9lection de L\u00e9on XIV d\u00e9but mai -, Mgr\u00a0Aveline et ses vice-pr\u00e9sidents iront \u00e0 J\u00e9rusalem, puis en Cisjordanie.<\/p>\n<p>Plus pr\u00e9cis\u00e9ment \u00e0 Bethl\u00e9em, lieu suppos\u00e9 de la naissance de J\u00e9sus, et dans des villages occup\u00e9s comme Taybeh, \u00ab\u00a0enti\u00e8rement chr\u00e9tien et r\u00e9cemment attaqu\u00e9 par des colons isra\u00e9liens\u00a0\u00bb, pr\u00e9cise le quotidien, et Abou-Gosh, o\u00f9 r\u00e9side une minorit\u00e9 religieuse chr\u00e9tienne ancr\u00e9e dans un travail interreligieux. La d\u00e9l\u00e9gation doit \u00e9galement rencontrer des familles d\u2019otages isra\u00e9liens.<\/p>\n<p>Ce d\u00e9placement s\u2019inscrit dans un axe de travail au long cours pour Jean-Marc Aveline sur le dialogue avec les \u00c9glises du pourtour de la M\u00e9diterran\u00e9e. En septembre\u00a02023, c\u2019est \u00e0 l\u2019occasion des Rencontres m\u00e9diterran\u00e9ennes Med 23 <a href=\"https:\/\/www.laprovence.com\/article\/societe\/4686473174070515\/pape-a-marseille-la-lecon-politique-de-francois-en-cloture-des-rencontres-mediterraneennes\" target=\"_blank\" rel=\"noopener\">que le pape Fran\u00e7ois s\u2019\u00e9tait rendu \u00e0 Marseille<\/a>, \u00e0 l\u2019invitation de son archev\u00eaque.<\/p>\n","protected":false},"excerpt":{"rendered":"\u00c0 ses c\u00f4t\u00e9s, ses deux vice-pr\u00e9sidents, Mgr\u00a0Vincent Jordy, archev\u00eaque de Tours, et Mgr\u00a0Beno\u00eet Bertrand, \u00e9v\u00eaque de Pontoise. Un&hellip;\n","protected":false},"author":2,"featured_media":322740,"comment_status":"","ping_status":"","sticky":false,"template":"","format":"standard","meta":{"footnotes":""},"categories":[2814],"tags":[17,1111,11,13394,1777,674,1011,27,46038,884,45397,12,46039,316,41081,882,2035,25],"class_list":{"0":"post-322739","1":"post","2":"type-post","3":"status-publish","4":"format-standard","5":"has-post-thumbnail","7":"category-marseille","8":"tag-17","9":"tag-actu","10":"tag-actualites","11":"tag-aveline","12":"tag-eu","13":"tag-europe","14":"tag-fr","15":"tag-france","16":"tag-larcheveque","17":"tag-marseille","18":"tag-mgr","19":"tag-news","20":"tag-orient","21":"tag-politique","22":"tag-proche","23":"tag-provence-alpes-cote-dazur","24":"tag-rendre","25":"tag-republique-francaise"},"share_on_mastodon":{"url":"https:\/\/pubeurope.com\/@fr\/115038093629510929","error":""},"_links":{"self":[{"href":"https:\/\/www.europesays.com\/fr\/wp-json\/wp\/v2\/posts\/322739","targetHints":{"allow":["GET"]}}],"collection":[{"href":"https:\/\/www.europesays.com\/fr\/wp-json\/wp\/v2\/posts"}],"about":[{"href":"https:\/\/www.europesays.com\/fr\/wp-json\/wp\/v2\/types\/post"}],"author":[{"embeddable":true,"href":"https:\/\/www.europesays.com\/fr\/wp-json\/wp\/v2\/users\/2"}],"replies":[{"embeddable":true,"href":"https:\/\/www.europesays.com\/fr\/wp-json\/wp\/v2\/comments?post=322739"}],"version-history":[{"count":0,"href":"https:\/\/www.europesays.com\/fr\/wp-json\/wp\/v2\/posts\/322739\/revisions"}],"wp:featuredmedia":[{"embeddable":true,"href":"https:\/\/www.europesays.com\/fr\/wp-json\/wp\/v2\/media\/322740"}],"wp:attachment":[{"href":"https:\/\/www.europesays.com\/fr\/wp-json\/wp\/v2\/media?parent=322739"}],"wp:term":[{"taxonomy":"category","embeddable":true,"href":"https:\/\/www.europesays.com\/fr\/wp-json\/wp\/v2\/categories?post=322739"},{"taxonomy":"post_tag","embeddable":true,"href":"https:\/\/www.europesays.com\/fr\/wp-json\/wp\/v2\/tags?post=322739"}],"curies":[{"name":"wp","href":"https:\/\/api.w.org\/{rel}","templated":true}]}}