{"id":322741,"date":"2025-08-16T10:59:10","date_gmt":"2025-08-16T10:59:10","guid":{"rendered":"https:\/\/www.europesays.com\/fr\/322741\/"},"modified":"2025-08-16T10:59:10","modified_gmt":"2025-08-16T10:59:10","slug":"pourquoi-un-robot-deguise-en-femme-a-ete-apercu-dans-le-metro-tcl","status":"publish","type":"post","link":"https:\/\/www.europesays.com\/fr\/322741\/","title":{"rendered":"pourquoi un robot d\u00e9guis\u00e9 en femme a \u00e9t\u00e9 aper\u00e7u dans le m\u00e9tro TCL"},"content":{"rendered":"<p>            Par<br \/>\n        <strong><br \/>\n            <a href=\"https:\/\/actu.fr\/auteur\/ludivine-caporal\" title=\"Consulter tous les articles de Ludivine Caporal\" target=\"_blank\" rel=\"noopener\">Ludivine Caporal<\/a><br \/>\n        <\/strong><\/p>\n<p>        Publi\u00e9 le<\/p>\n<p>            16 ao\u00fbt 2025 \u00e0 7h06        <\/p>\n<p>Fin juillet, un robot portant un t-shirt, une perruque blonde et un chapeau a \u00e9t\u00e9 aper\u00e7u se baladant dans le m\u00e9tro de <a href=\"https:\/\/actu.fr\/auvergne-rhone-alpes\/lyon_69123\" target=\"_blank\" rel=\"noopener\">Lyon<\/a> \u00e0 la station Cordeliers, sur la ligne A.\u00a0<\/p>\n<p class=\" wall-content\">Un usager des <a href=\"https:\/\/actu.fr\/tag\/transports-en-commun-lyonnais-tcl\" target=\"_blank\" rel=\"noopener\">TCL<\/a> plut\u00f4t surprenant qui \u00e9tait en fait accompagn\u00e9 du c\u00e9l\u00e8bre <strong>youtubeur Jojol<\/strong> pour le tournage d\u2019une vid\u00e9o. Ce dernier avait en effet d\u00e9cid\u00e9 de passer la journ\u00e9e en ville avec son robot en le d\u00e9guisant et en lui ajoutant une voix de femme gr\u00e2ce \u00e0 l\u2019intelligence artificielle Chat GPT. Et il lui a fait visiter de nombreux lieux bien connus\u2026<\/p>\n<p>Sophie le robot \u00e0 la rencontre des Lyonnais<\/p>\n<p class=\" wall-content\">C\u2019est d\u2019abord au centre commercial <a href=\"https:\/\/actu.fr\/tag\/carre-de-soie\" target=\"_blank\" rel=\"noopener\">Carr\u00e9 de Soie<\/a>, \u00e0 Vaulx-en-Velin, que Jojol a d\u00e9cid\u00e9 d\u2019emmener son robot pour un peu de shopping, <strong>une s\u00e9ance au cin\u00e9ma et un d\u00e9jeuner au restaurant.<\/strong><\/p>\n<p class=\" wall-content\">Puis direction la fameuse place <a href=\"https:\/\/actu.fr\/tag\/bellecour\" target=\"_blank\" rel=\"noopener\">Bellecour<\/a>, o\u00f9 le robot nomm\u00e9 \u00ab\u00a0Sophie\u00a0\u00bb a \u00e9chang\u00e9 avec plusieurs touristes et Lyonnais, amus\u00e9s de voir une telle machine que l\u2019on a longtemps qualifi\u00e9e de \u00ab\u00a0futuriste\u00a0\u00bb se d\u00e9placer tranquillement en ville.\u00a0<\/p>\n<p class=\" wall-content\">\n<p class=\" wall-content\">Jojol est enfin parti lui montrer la place des Jacobins, le passage de l\u2019Argue et la rue de la R\u00e9publique avant de lui faire prendre le m\u00e9tro. Une s\u00e9quence qui a \u00e9t\u00e9 captur\u00e9e et publi\u00e9e sur les r\u00e9seaux sociaux par des internautes avant m\u00eame que la vid\u00e9o du youtubeur ne soit officiellement post\u00e9e.\u00a0<\/p>\n<blockquote class=\"tiktok-embed\" cite=\"https:\/\/www.tiktok.com\/\" data-video-id=\"7530648329697447190\" data-embed-from=\"oembed\" style=\"max-width:605px; min-width:325px;\"><p>\n<a target=\"_blank\" title=\"@\" href=\"https:\/\/www.tiktok.com\/?refer=embed\" rel=\"noopener\">@<\/a> <\/p>\n<p> <a target=\"_blank\" title=\"\u266c  -\" href=\"https:\/\/www.tiktok.com\/?refer=embed\" rel=\"noopener\">\u266c  \u2013 <\/a> <\/p>\n<\/blockquote>\n<p>Une bonne pub pour les TCL<\/p>\n<p class=\" wall-content\">Interrog\u00e9 sur le m\u00e9tro lyonnais, le robot s\u2019en est par ailleurs donn\u00e9 \u00e0 c\u0153ur joie en le qualifiant de \u00ab\u00a0propre, moderne et vraiment agr\u00e9able\u00a0\u00bb. \u00ab\u00a0Vous avez de la chance \u00e0 Lyon\u00a0\u00bb, a-t-il d\u00e9clar\u00e9.<\/p>\n<p class=\" wall-content\">Sur l\u2019automatisme des lignes B et D, \u00ab\u00a0Sophie\u00a0\u00bb le robot a estim\u00e9 que cela \u00e9tait \u00ab\u00a0vraiment impressionnant.\u00a0\u00bb \u00ab\u00a0Ca rend les d\u00e9placements encore plus fluides et efficaces, Lyon a vraiment <strong>de quoi \u00eatre fier de son r\u00e9seau<\/strong> de transport\u00a0\u00bb, a-t-il comment\u00e9.\u00a0<\/p>\n<p class=\" wall-content\">Une jolie pub pour les TCL et le Sytral, et ce m\u00eame sans partenariat commercial !<\/p>\n<p class=\" wall-content\">Suivez toute l\u2019actualit\u00e9 de vos villes et m\u00e9dias favoris en vous inscrivant \u00e0 <a href=\"https:\/\/moncompte.actu.fr\" title=\"D\u00e9couvez Mon Actu\" rel=\"nofollow noopener\" data-trk=\"{&quot;cta&quot;:{&quot;action&quot;:&quot;https:\\\/\\\/moncompte.actu.fr&quot;,&quot;category&quot;:&quot;mon compte&quot;,&quot;from&quot;:&quot;article footer&quot;,&quot;name&quot;:&quot;Mon actu&quot;,&quot;type&quot;:&quot;cta&quot;}}\" target=\"_blank\">Mon Actu<\/a>.<\/p>\n<p>                    <script async src=\"\/\/www.tiktok.com\/embed.js\"><\/script><\/p>\n","protected":false},"excerpt":{"rendered":"Par Ludivine Caporal Publi\u00e9 le 16 ao\u00fbt 2025 \u00e0 7h06 Fin juillet, un robot portant un t-shirt, une&hellip;\n","protected":false},"author":2,"featured_media":322742,"comment_status":"","ping_status":"","sticky":false,"template":"","format":"standard","meta":{"footnotes":""},"categories":[1889],"tags":[1111,11,2430,1777,674,1011,27,1757,223,2428,12,25,5787,2784],"class_list":{"0":"post-322741","1":"post","2":"type-post","3":"status-publish","4":"format-standard","5":"has-post-thumbnail","7":"category-lyon","8":"tag-actu","9":"tag-actualites","10":"tag-auvergne-rhone-alpes","11":"tag-eu","12":"tag-europe","13":"tag-fr","14":"tag-france","15":"tag-insolite","16":"tag-intelligence-artificielle","17":"tag-lyon","18":"tag-news","19":"tag-republique-francaise","20":"tag-transports-en-commun-lyonnais-tcl","21":"tag-youtube"},"share_on_mastodon":{"url":"https:\/\/pubeurope.com\/@fr\/115038097583008854","error":""},"_links":{"self":[{"href":"https:\/\/www.europesays.com\/fr\/wp-json\/wp\/v2\/posts\/322741","targetHints":{"allow":["GET"]}}],"collection":[{"href":"https:\/\/www.europesays.com\/fr\/wp-json\/wp\/v2\/posts"}],"about":[{"href":"https:\/\/www.europesays.com\/fr\/wp-json\/wp\/v2\/types\/post"}],"author":[{"embeddable":true,"href":"https:\/\/www.europesays.com\/fr\/wp-json\/wp\/v2\/users\/2"}],"replies":[{"embeddable":true,"href":"https:\/\/www.europesays.com\/fr\/wp-json\/wp\/v2\/comments?post=322741"}],"version-history":[{"count":0,"href":"https:\/\/www.europesays.com\/fr\/wp-json\/wp\/v2\/posts\/322741\/revisions"}],"wp:featuredmedia":[{"embeddable":true,"href":"https:\/\/www.europesays.com\/fr\/wp-json\/wp\/v2\/media\/322742"}],"wp:attachment":[{"href":"https:\/\/www.europesays.com\/fr\/wp-json\/wp\/v2\/media?parent=322741"}],"wp:term":[{"taxonomy":"category","embeddable":true,"href":"https:\/\/www.europesays.com\/fr\/wp-json\/wp\/v2\/categories?post=322741"},{"taxonomy":"post_tag","embeddable":true,"href":"https:\/\/www.europesays.com\/fr\/wp-json\/wp\/v2\/tags?post=322741"}],"curies":[{"name":"wp","href":"https:\/\/api.w.org\/{rel}","templated":true}]}}