{"id":322743,"date":"2025-08-16T11:00:12","date_gmt":"2025-08-16T11:00:12","guid":{"rendered":"https:\/\/www.europesays.com\/fr\/322743\/"},"modified":"2025-08-16T11:00:12","modified_gmt":"2025-08-16T11:00:12","slug":"il-lance-une-course-poursuite-et-ecope-de-2-ans-de-prison","status":"publish","type":"post","link":"https:\/\/www.europesays.com\/fr\/322743\/","title":{"rendered":"il lance une course-poursuite et \u00e9cope de 2 ans de prison"},"content":{"rendered":"<p>                            <img loading=\"lazy\" width=\"1013\" height=\"675\" class=\"attachment-article size-article wp-post-image lazyload\" alt=\"Sur les six personnes incarc\u00e9r\u00e9es dans l'affaire de la mort de Thomas, deux sont mineures. @Hugo LAUBEPIN\" decoding=\"async\" src=\"https:\/\/www.europesays.com\/fr\/wp-content\/uploads\/2025\/08\/POLICE-2.jpg\" data-eio-rwidth=\"1013\" data-eio-rheight=\"675\"\/><\/p>\n<p>Illustration. @Hugo LAUBEPIN<\/p>\n<p class=\"content\" style=\"font-size:1.2em;font-weight:700\">Un homme de 37 ans a \u00e9t\u00e9 condamn\u00e9 \u00e0 deux ans de prison, dont un ferme, apr\u00e8s une course-poursuite spectaculaire le 10 ao\u00fbt dernier, qui s\u2019est termin\u00e9e \u00e0 l\u2019entr\u00e9e du tunnel de Fourvi\u00e8re.<\/p>\n<p>Selon <a href=\"https:\/\/c.leprogres.fr\/faits-divers-justice\/2025\/08\/16\/2-ans-de-prison-pour-l-homme-a-l-origine-d-une-course-poursuite-reliant-anse-a-lyon?at_content=link&amp;at_term=leprogreslyon&amp;at_campaign=Twitter&amp;at_medium=Social&amp;at_source=nonli&amp;login=1\" target=\"_blank\" rel=\"noreferrer noopener nofollow\">Le Progr\u00e8s<\/a>, tout est parti d\u2019un contr\u00f4le de gendarmerie \u00e0 Anse, vers 15 h 50. Au volant de la voiture de son fr\u00e8re, emprunt\u00e9e sans autorisation et pensant le v\u00e9hicule non assur\u00e9, le conducteur, en d\u00e9faut de permis, a d\u2019abord obtemp\u00e9r\u00e9 avant de reculer brusquement et percuter la voiture des gendarmes. Il a ensuite pris la fuite, d\u00e9clenchant une poursuite de plus de 30 km vers Lyon.<\/p>\n<p>Sur la M6, limit\u00e9e \u00e0 70 km\/h, il a atteint 176 km\/h, grill\u00e9 des feux rouges, circul\u00e9 \u00e0 contresens, emprunt\u00e9 la bande d\u2019arr\u00eat d\u2019urgence et une voie ferm\u00e9e pour travaux. Sa cavale a pris fin dans un embouteillage \u00e0 l\u2019entr\u00e9e du tunnel de Fourvi\u00e8re. Interpell\u00e9 par les policiers de la BAC apr\u00e8s un refus d\u2019obtemp\u00e9rer, il a \u00e9t\u00e9 extrait de force du v\u00e9hicule. Trois membres des forces de l\u2019ordre ont \u00e9t\u00e9 l\u00e9g\u00e8rement bless\u00e9s.<\/p>\n<p>Un an ferme<\/p>\n<p>Jug\u00e9 jeudi 14 ao\u00fbt par le tribunal correctionnel de Villefranche-sur-Sa\u00f4ne, l\u2019homme, originaire des Comores et au casier judiciaire vierge, a reconnu les faits et pr\u00e9sent\u00e9 ses excuses. Le minist\u00e8re public a d\u00e9nonc\u00e9 un \u00ab\u00a0comportement ultra-dangereux\u00a0\u00bb et requis sa d\u00e9tention imm\u00e9diate. Le tribunal l\u2019a condamn\u00e9 \u00e0 deux ans de prison, dont un an ferme avec mandat de d\u00e9p\u00f4t.<\/p>\n","protected":false},"excerpt":{"rendered":"Illustration. @Hugo LAUBEPIN Un homme de 37 ans a \u00e9t\u00e9 condamn\u00e9 \u00e0 deux ans de prison, dont un&hellip;\n","protected":false},"author":2,"featured_media":312229,"comment_status":"","ping_status":"","sticky":false,"template":"","format":"standard","meta":{"footnotes":""},"categories":[1889],"tags":[1111,11,2430,1777,674,118,1011,27,303,2428,12,25],"class_list":{"0":"post-322743","1":"post","2":"type-post","3":"status-publish","4":"format-standard","5":"has-post-thumbnail","7":"category-lyon","8":"tag-actu","9":"tag-actualites","10":"tag-auvergne-rhone-alpes","11":"tag-eu","12":"tag-europe","13":"tag-faits-divers","14":"tag-fr","15":"tag-france","16":"tag-justice","17":"tag-lyon","18":"tag-news","19":"tag-republique-francaise"},"share_on_mastodon":{"url":"https:\/\/pubeurope.com\/@fr\/115038101675843816","error":""},"_links":{"self":[{"href":"https:\/\/www.europesays.com\/fr\/wp-json\/wp\/v2\/posts\/322743","targetHints":{"allow":["GET"]}}],"collection":[{"href":"https:\/\/www.europesays.com\/fr\/wp-json\/wp\/v2\/posts"}],"about":[{"href":"https:\/\/www.europesays.com\/fr\/wp-json\/wp\/v2\/types\/post"}],"author":[{"embeddable":true,"href":"https:\/\/www.europesays.com\/fr\/wp-json\/wp\/v2\/users\/2"}],"replies":[{"embeddable":true,"href":"https:\/\/www.europesays.com\/fr\/wp-json\/wp\/v2\/comments?post=322743"}],"version-history":[{"count":0,"href":"https:\/\/www.europesays.com\/fr\/wp-json\/wp\/v2\/posts\/322743\/revisions"}],"wp:featuredmedia":[{"embeddable":true,"href":"https:\/\/www.europesays.com\/fr\/wp-json\/wp\/v2\/media\/312229"}],"wp:attachment":[{"href":"https:\/\/www.europesays.com\/fr\/wp-json\/wp\/v2\/media?parent=322743"}],"wp:term":[{"taxonomy":"category","embeddable":true,"href":"https:\/\/www.europesays.com\/fr\/wp-json\/wp\/v2\/categories?post=322743"},{"taxonomy":"post_tag","embeddable":true,"href":"https:\/\/www.europesays.com\/fr\/wp-json\/wp\/v2\/tags?post=322743"}],"curies":[{"name":"wp","href":"https:\/\/api.w.org\/{rel}","templated":true}]}}