{"id":322744,"date":"2025-08-16T11:02:11","date_gmt":"2025-08-16T11:02:11","guid":{"rendered":"https:\/\/www.europesays.com\/fr\/322744\/"},"modified":"2025-08-16T11:02:11","modified_gmt":"2025-08-16T11:02:11","slug":"un-enfant-de-7-ans-venu-dile-de-france-est-mort-noye-a-moulins","status":"publish","type":"post","link":"https:\/\/www.europesays.com\/fr\/322744\/","title":{"rendered":"un enfant de 7 ans venu d&rsquo;\u00cele-de-France est mort noy\u00e9 \u00e0 Moulins"},"content":{"rendered":"<p class=\"article-p mdl\">Un drame est survenu \u00e0 Moulins, dans l&rsquo;Allier,\u00a0ce vendredi 15 ao\u00fbt. <strong>Un enfant de 7 ans<\/strong> &#8211; qui s\u00e9journait dans un centre de vacances de la ville de Bobigny &#8211; <strong>a perdu la vie<\/strong> apr\u00e8s\u00a0<a class=\"link\" href=\"https:\/\/www.rtl.fr\/actu\/debats-societe\/lac-riviere-mer-comment-eviter-les-noyades-lors-des-baignades-7900521193\" rel=\"nofollow noopener\" target=\"_blank\">une noyade<\/a>, a annonc\u00e9 la mairie de la pr\u00e9fecture de Seine-Saint-Denis. Le petit gar\u00e7on participait avec son fr\u00e8re et 33 autres enfants \u00e0 un s\u00e9jour pr\u00e9vu du 4 au 18 ao\u00fbt au ch\u00e2teau de Souys, propri\u00e9t\u00e9 de la ville de Bobigny, situ\u00e9 \u00e0 Saint-Menoux (Allier).\u00a0<\/p>\n<p class=\"article-p mdl\">Le groupe \u00e9tait \u00ab\u00a0encadr\u00e9 par une \u00e9quipe de huit personnes &#8211; un taux d&rsquo;encadrement renforc\u00e9 en raison de la pr\u00e9sence de deux enfants porteurs de handicap\u00a0\u00bb, indique la mairie. Le d\u00e9c\u00e8s a eu lieu lors d&rsquo;une sortie dans une plaine de jeux de Moulins. <strong>Malgr\u00e9 l&rsquo;intervention des policiers et des pompiers, l&rsquo;enfant n&rsquo;a pu \u00eatre r\u00e9anim\u00e9<\/strong>.<\/p>\n<p class=\"article-p mdl\"><strong>Abdel Sadi, maire<\/strong> communiste de Bobigny, <strong>s&rsquo;est dit \u00ab\u00a0boulevers\u00e9\u00a0\u00bb apr\u00e8s l&rsquo;accident<\/strong>. L&rsquo;\u00e9dile a tenu \u00e0 se rendre dans l&rsquo;Allier en compagnie des parents de l&rsquo;enfant et d&rsquo;une adjointe. Quant au groupe, il a rapidement regagn\u00e9 le centre de vacances o\u00f9 <strong>un soutien psychologique a \u00e9t\u00e9 mis en place<\/strong> pour\u00a0<a class=\"link\" href=\"https:\/\/www.rtl.fr\/actu\/justice-faits-divers\/les-infos-de-13h-antibes-deux-enfants-retrouves-morts-noyes-dans-une-piscine-privee-7900528103\" rel=\"nofollow noopener\" target=\"_blank\">les enfants<\/a>\u00a0et l&rsquo;\u00e9quipe d&rsquo;animation.<\/p>\n<p class=\"article-p mdl\">Depuis le d\u00e9but de l&rsquo;ann\u00e9e,\u00a0<a class=\"link\" href=\"https:\/\/www.rtl.fr\/actu\/debats-societe\/noyade-les-chiffres-alarmants-du-nombre-de-morts-depuis-le-debut-de-l-ete-7900527640\" rel=\"nofollow noopener\" target=\"_blank\">la hausse du nombre de noyades en France inqui\u00e8te<\/a>. Entre le 1er juin et le 23 juillet, <strong>193 personnes sont mortes noy\u00e9es<\/strong>, soit +45% sur un an, selon les derniers chiffres de Sant\u00e9 publique France. Parmi eux, <strong>27 enfants et adolescents sont d\u00e9c\u00e9d\u00e9s<\/strong>.<\/p>\n<p>    La r\u00e9daction vous recommande<\/p>\n<p class=\"s-newsletter__title\">\n                L\u2019actualit\u00e9 par la r\u00e9daction de RTL dans votre bo\u00eete mail.\n            <\/p>\n<p class=\"s-newsletter__subtitle\">\n                Gr\u00e2ce \u00e0 votre compte RTL abonnez-vous \u00e0 la newsletter RTL info pour suivre toute l&rsquo;actualit\u00e9 au quotidien\n            <\/p>\n<p>\n                                    Lire la suite\n                                <\/p>\n","protected":false},"excerpt":{"rendered":"Un drame est survenu \u00e0 Moulins, dans l&rsquo;Allier,\u00a0ce vendredi 15 ao\u00fbt. Un enfant de 7 ans &#8211; qui&hellip;\n","protected":false},"author":2,"featured_media":322745,"comment_status":"","ping_status":"","sticky":false,"template":"","format":"standard","meta":{"footnotes":""},"categories":[1592],"tags":[1111,11,1719,1777,674,118,107,1011,27,662,12,7781,626,25],"class_list":{"0":"post-322744","1":"post","2":"type-post","3":"status-publish","4":"format-standard","5":"has-post-thumbnail","7":"category-ile-de-france","8":"tag-actu","9":"tag-actualites","10":"tag-enfants","11":"tag-eu","12":"tag-europe","13":"tag-faits-divers","14":"tag-fil-info","15":"tag-fr","16":"tag-france","17":"tag-ile-de-france","18":"tag-news","19":"tag-noyade","20":"tag-paris","21":"tag-republique-francaise"},"share_on_mastodon":{"url":"https:\/\/pubeurope.com\/@fr\/115038109335649209","error":""},"_links":{"self":[{"href":"https:\/\/www.europesays.com\/fr\/wp-json\/wp\/v2\/posts\/322744","targetHints":{"allow":["GET"]}}],"collection":[{"href":"https:\/\/www.europesays.com\/fr\/wp-json\/wp\/v2\/posts"}],"about":[{"href":"https:\/\/www.europesays.com\/fr\/wp-json\/wp\/v2\/types\/post"}],"author":[{"embeddable":true,"href":"https:\/\/www.europesays.com\/fr\/wp-json\/wp\/v2\/users\/2"}],"replies":[{"embeddable":true,"href":"https:\/\/www.europesays.com\/fr\/wp-json\/wp\/v2\/comments?post=322744"}],"version-history":[{"count":0,"href":"https:\/\/www.europesays.com\/fr\/wp-json\/wp\/v2\/posts\/322744\/revisions"}],"wp:featuredmedia":[{"embeddable":true,"href":"https:\/\/www.europesays.com\/fr\/wp-json\/wp\/v2\/media\/322745"}],"wp:attachment":[{"href":"https:\/\/www.europesays.com\/fr\/wp-json\/wp\/v2\/media?parent=322744"}],"wp:term":[{"taxonomy":"category","embeddable":true,"href":"https:\/\/www.europesays.com\/fr\/wp-json\/wp\/v2\/categories?post=322744"},{"taxonomy":"post_tag","embeddable":true,"href":"https:\/\/www.europesays.com\/fr\/wp-json\/wp\/v2\/tags?post=322744"}],"curies":[{"name":"wp","href":"https:\/\/api.w.org\/{rel}","templated":true}]}}