{"id":322746,"date":"2025-08-16T11:03:11","date_gmt":"2025-08-16T11:03:11","guid":{"rendered":"https:\/\/www.europesays.com\/fr\/322746\/"},"modified":"2025-08-16T11:03:11","modified_gmt":"2025-08-16T11:03:11","slug":"ce-nouveau-restaurant-italien-du-9e-arrondissement-de-paris-a-tout-pour-devenir-incontournable","status":"publish","type":"post","link":"https:\/\/www.europesays.com\/fr\/322746\/","title":{"rendered":"ce nouveau restaurant italien du 9e arrondissement de Paris a tout pour devenir incontournable"},"content":{"rendered":"<p>            Par<br \/>\n        <strong><br \/>\n            <a href=\"https:\/\/actu.fr\/auteur\/thomas-martin\" title=\"Consulter tous les articles de Thomas Martin\" target=\"_blank\" rel=\"noopener\">Thomas Martin<\/a><br \/>\n        <\/strong><\/p>\n<p>        Publi\u00e9 le<\/p>\n<p>            16 ao\u00fbt 2025 \u00e0 11h50        <\/p>\n<p>Une nouvelle adresse dans le 9e arrondissement de Paris \u00e0 c\u00f4t\u00e9 de laquelle il ne faut surtout pas passer. Dans la charmante et gourmande rue Saint-Georges, un nouveau <a href=\"https:\/\/actu.fr\/tag\/restaurant\" target=\"_blank\" rel=\"noopener\">restaurant<\/a> a vu le jour avant l\u2019\u00e9t\u00e9. Felini y joue une partition franco-italienne s\u00e9duisante du mardi au samedi.\u00a0<\/p>\n<p>Une carte courte, des plats d\u00e9licieux<\/p>\n<p class=\" wall-content\">Ce soir-l\u00e0, on se presse d\u00e9j\u00e0 au 50 rue Saint-Georges et sur sa terrasse pour d\u00e9couvrir la cuisine d\u2019Alexandre Guyarder, major de promotion au Cordon Bleu Paris, pass\u00e9 dans les brigades du restaurant Le Dal\u00ed, au sein du Meurice. En salle, on retrouve Laura Hyppolito, co-propri\u00e9taire et cheffe de rang, pass\u00e9e par les cuisines de La Langosteria (h\u00f4tel Cheval Blanc) et la salle de Localino (Paris 6).\u00a0<\/p>\n<p class=\" wall-content\">Premier constat, la carte est courte. On ne dira jamais assez que c\u2019est en g\u00e9n\u00e9ral gage de qualit\u00e9.\u00a0<\/p>\n<p class=\" wall-content\">Le Crudo de s\u00e9riole coup\u00e9e en d\u00e9s avec son bouillon \u00e0 l\u2019hibiscus et sa brunoise de pomme ne nous fait pas mentir (17 euros). Un poisson pris\u00e9 des restaurateurs au bord de la M\u00e9diterran\u00e9e qui s\u00e9duit \u00e9galement \u00e0 Paris. C\u2019est beau, c\u2019est color\u00e9, c\u2019est frais. Les oignons, la ciboulette et l\u2019huile \u00e0 la coriande bonifient l\u2019ensemble.\u00a0 Un d\u00e9but des plus encourageants.<\/p>\n<p class=\" wall-content\">On poursuit avec les Tortellini frais, fait maison, farcis \u00e0 l\u2019andouille, accompagn\u00e9 d\u2019une sauce cr\u00e9meuse brocoli et de l\u2019huile \u00e0 la coriandre \u00e0 nouveau (24 euros). On est dans l\u2019Italie raffin\u00e9e ici, sans fausse note. Les Tagliatelles fra\u00eeches ou encore le poisson du moment sauront \u00e9galement s\u00e9duire.\u00a0<\/p>\n<p class=\" wall-content\">A noter que les l\u00e9gumes viennent en direct de chez Marc Faragoni, mara\u00eecher bio install\u00e9 \u00e0 Provins, en Seine-et-Marne. Un sourcing exigeant, pens\u00e9 dans le respect des saisons et du vivant.\u00a0<\/p>\n<p>    <img   decoding=\"async\" loading=\"lazy\" src=\"https:\/\/www.europesays.com\/fr\/wp-content\/uploads\/2025\/08\/20250711-205034-960x640.jpg\" alt=\"D\u00e9licieux tortellini \u00e0 ne pas manquer\" width=\"960\" height=\"640\"\/><br \/>\n    D\u00e9licieux tortellini \u00e0 ne pas manquer (\u00a9TM\/actuParis)<\/p>\n<p class=\" wall-content\">En dessert, on d\u00e9couvre une Panna cotta de comp\u00e9tition (12 euros). A la vanille Bourbon et Papouasie, elle est accompagn\u00e9e d\u2019un sirop au balsamique blanc infus\u00e9 au balsamique. Une merveille en bouche qui fait passer pour fades la plupart de celles mang\u00e9es jusqu\u2019alors.\u00a0<\/p>\n<p class=\" wall-content\">C\u00f4t\u00e9 cave, l\u2019<a href=\"https:\/\/actu.fr\/tag\/italie\" target=\"_blank\" rel=\"noopener\">Italie<\/a> m\u00e8ne la danse \u2013 Toscane, Pi\u00e9mont, Sicile \u2013 avec quelques flacons fran\u00e7ais bien sentis, pioch\u00e9s chez les Flaconneurs.<\/p>\n<p>Felini \u2013 50 rue Saint-Georges 75009 Paris \u2013 Ouvert du mardi au samedi. 20 couverts, petite terrasse<\/p>\n<p class=\" wall-content\">Suivez toute l\u2019actualit\u00e9 de vos villes et m\u00e9dias favoris en vous inscrivant \u00e0 <a href=\"https:\/\/moncompte.actu.fr\" title=\"D\u00e9couvez Mon Actu\" rel=\"nofollow noopener\" data-trk=\"{&quot;cta&quot;:{&quot;action&quot;:&quot;https:\\\/\\\/moncompte.actu.fr&quot;,&quot;category&quot;:&quot;mon compte&quot;,&quot;from&quot;:&quot;article footer&quot;,&quot;name&quot;:&quot;Mon actu&quot;,&quot;type&quot;:&quot;cta&quot;}}\" target=\"_blank\">Mon Actu<\/a>.<\/p>\n","protected":false},"excerpt":{"rendered":"Par Thomas Martin Publi\u00e9 le 16 ao\u00fbt 2025 \u00e0 11h50 Une nouvelle adresse dans le 9e arrondissement de&hellip;\n","protected":false},"author":2,"featured_media":322747,"comment_status":"","ping_status":"","sticky":false,"template":"","format":"standard","meta":{"footnotes":""},"categories":[1888],"tags":[1111,1928,11,1927,1777,674,1011,27,1661,452,1652,12,1926,626,1925,25,1340],"class_list":{"0":"post-322746","1":"post","2":"type-post","3":"status-publish","4":"format-standard","5":"has-post-thumbnail","7":"category-paris","8":"tag-actu","9":"tag-actu-paris","10":"tag-actualites","11":"tag-actualites-paris","12":"tag-eu","13":"tag-europe","14":"tag-fr","15":"tag-france","16":"tag-gastronomie","17":"tag-italie","18":"tag-loisirs-culture","19":"tag-news","20":"tag-news-paris","21":"tag-paris","22":"tag-paris-news","23":"tag-republique-francaise","24":"tag-restaurant"},"share_on_mastodon":{"url":"https:\/\/pubeurope.com\/@fr\/115038113641719444","error":""},"_links":{"self":[{"href":"https:\/\/www.europesays.com\/fr\/wp-json\/wp\/v2\/posts\/322746","targetHints":{"allow":["GET"]}}],"collection":[{"href":"https:\/\/www.europesays.com\/fr\/wp-json\/wp\/v2\/posts"}],"about":[{"href":"https:\/\/www.europesays.com\/fr\/wp-json\/wp\/v2\/types\/post"}],"author":[{"embeddable":true,"href":"https:\/\/www.europesays.com\/fr\/wp-json\/wp\/v2\/users\/2"}],"replies":[{"embeddable":true,"href":"https:\/\/www.europesays.com\/fr\/wp-json\/wp\/v2\/comments?post=322746"}],"version-history":[{"count":0,"href":"https:\/\/www.europesays.com\/fr\/wp-json\/wp\/v2\/posts\/322746\/revisions"}],"wp:featuredmedia":[{"embeddable":true,"href":"https:\/\/www.europesays.com\/fr\/wp-json\/wp\/v2\/media\/322747"}],"wp:attachment":[{"href":"https:\/\/www.europesays.com\/fr\/wp-json\/wp\/v2\/media?parent=322746"}],"wp:term":[{"taxonomy":"category","embeddable":true,"href":"https:\/\/www.europesays.com\/fr\/wp-json\/wp\/v2\/categories?post=322746"},{"taxonomy":"post_tag","embeddable":true,"href":"https:\/\/www.europesays.com\/fr\/wp-json\/wp\/v2\/tags?post=322746"}],"curies":[{"name":"wp","href":"https:\/\/api.w.org\/{rel}","templated":true}]}}