{"id":322748,"date":"2025-08-16T11:04:17","date_gmt":"2025-08-16T11:04:17","guid":{"rendered":"https:\/\/www.europesays.com\/fr\/322748\/"},"modified":"2025-08-16T11:04:17","modified_gmt":"2025-08-16T11:04:17","slug":"rencontre-avec-la-creatrice-solene-lescouet","status":"publish","type":"post","link":"https:\/\/www.europesays.com\/fr\/322748\/","title":{"rendered":"rencontre avec la cr\u00e9atrice Sol\u00e8ne Lescou\u00ebt"},"content":{"rendered":"<p class=\"article__intro\">Elle fabrique des costumes \u00e0 la main et 100% made in Paris. Sol\u00e8ne Lescou\u00ebt et ses influences punk habillent des stars de pop. Rencontre avec Toki Woki au c\u0153ur de son showroom.<\/p>\n<p>\n      L\u2019actu des r\u00e9gions\n    <\/p>\n<p>\n      Chaque jour, un tour d\u2019horizon des principales infos de toutes les r\u00e9gions.\n    <\/p>\n<p>    France T\u00e9l\u00e9visions utilise votre adresse e-mail afin de vous envoyer la newsletter \u00ab\u00a0L\u2019actu des r\u00e9gions\u00a0\u00bb. Vous pouvez vous d\u00e9sinscrire \u00e0 tout moment via le lien en bas de cette newsletter. <a target=\"_blank\" href=\"https:\/\/www.francetelevisions.fr\/groupe\/confidentialite\/politique-de-confidentialite\/politique-de-confidentialite-de-france-televisions-6503\" rel=\"nofollow noopener\">Notre politique de confidentialit\u00e9<\/a><\/p>\n<p>Sol\u00e8ne, j&rsquo;aimerais bien qu&rsquo;on revienne un peu sur ton influence du mouvement punk, sur tes v\u00eatements. Tu es une grande fan de punk ?<\/p>\n<p>Sol\u00e8ne Lescou\u00ebt : J\u2019aimais beaucoup Nina Hagen dans les ann\u00e9es 70, la reine du punk \u00e0 Berlin et sinon m\u00eame Patti Smith, New York, Klaus Nomi, plus new wave, post-punk. Mais tout son personnage, ses costumes immenses, sa musique, sa voix, tout \u00e9tait formidable. Oui, c&rsquo;est vraiment une inspiration super importante pour moi.<\/p>\n<p>Est-ce que tu as \u00e9t\u00e9 une fan de Vivienne Westwood ?<\/p>\n<p>Oui, carr\u00e9ment. L\u00e0, j&rsquo;\u00e9tais vraiment dans les volumes. L\u00e0, vous pouvez voir, il y a des volumes de manches comme \u00e7a. J&rsquo;\u00e9tais dans les punks, la Renaissance, le tartan. J&rsquo;aime bien l&rsquo;asym\u00e9trie aussi dans les d\u00e9coupes. L\u00e0, il y a une partie en tartan, l\u2019autre dans un autre tissu. Ici, c&rsquo;est invers\u00e9. J&rsquo;aime bien cette asym\u00e9trie et il y a aussi l&rsquo;\u00e9tiquette ext\u00e9rieure.<\/p>\n<p>Moi, je ne suis pas vraiment dans le fait de produire en \u00e9normes quantit\u00e9s. Non, moi c&rsquo;est vraiment le savoir-faire. Tout est fait en France, \u00e0 Paris. Moi surtout aussi j&rsquo;aime bien habiller les artistes, les chanteuses, les chanteurs plus que la rue et les v\u00eatements banals. R\u00e9cemment, j&rsquo;ai fait la cover de Technikart Magazine avec Mika.<\/p>\n<p>Et puis il y a deux ans, tu as fait la couverture de Vogue.<\/p>\n<p>Vogue Portugal, d\u00e9cembre 2023 (rires). <\/p>\n<p>Quand tu \u00e9tais petite, est-ce que tu as toujours r\u00eav\u00e9 de faire de la mode ?<\/p>\n<p>Je dessinais un peu, mais non, moi, c&rsquo;\u00e9tait l&rsquo;art et j&rsquo;\u00e9tais quand m\u00eame aussi quelqu&rsquo;un de bizarre \u00e0 l&rsquo;\u00e9cole genre je n&rsquo;avais pas trop d&rsquo;amis.<\/p>\n<p>Retrouvez l&rsquo;int\u00e9gralit\u00e9 de l&rsquo;interview de Sol\u00e8ne Lescou\u00ebt dans \u00ab\u00a0Toki Woki\u00a0\u00bb sur <a target=\"_blank\" rel=\"noopener noreferrer nofollow\" href=\"https:\/\/www.france.tv\/france-3\/paris-ile-de-france\/toki-woki\/\">france.tv\/idf<\/a><\/p>\n","protected":false},"excerpt":{"rendered":"Elle fabrique des costumes \u00e0 la main et 100% made in Paris. Sol\u00e8ne Lescou\u00ebt et ses influences punk&hellip;\n","protected":false},"author":2,"featured_media":322749,"comment_status":"","ping_status":"","sticky":false,"template":"","format":"standard","meta":{"footnotes":""},"categories":[1888],"tags":[1111,1928,11,1927,1777,674,1011,27,12,1926,626,1925,25],"class_list":{"0":"post-322748","1":"post","2":"type-post","3":"status-publish","4":"format-standard","5":"has-post-thumbnail","7":"category-paris","8":"tag-actu","9":"tag-actu-paris","10":"tag-actualites","11":"tag-actualites-paris","12":"tag-eu","13":"tag-europe","14":"tag-fr","15":"tag-france","16":"tag-news","17":"tag-news-paris","18":"tag-paris","19":"tag-paris-news","20":"tag-republique-francaise"},"share_on_mastodon":{"url":"https:\/\/pubeurope.com\/@fr\/115038117309823430","error":""},"_links":{"self":[{"href":"https:\/\/www.europesays.com\/fr\/wp-json\/wp\/v2\/posts\/322748","targetHints":{"allow":["GET"]}}],"collection":[{"href":"https:\/\/www.europesays.com\/fr\/wp-json\/wp\/v2\/posts"}],"about":[{"href":"https:\/\/www.europesays.com\/fr\/wp-json\/wp\/v2\/types\/post"}],"author":[{"embeddable":true,"href":"https:\/\/www.europesays.com\/fr\/wp-json\/wp\/v2\/users\/2"}],"replies":[{"embeddable":true,"href":"https:\/\/www.europesays.com\/fr\/wp-json\/wp\/v2\/comments?post=322748"}],"version-history":[{"count":0,"href":"https:\/\/www.europesays.com\/fr\/wp-json\/wp\/v2\/posts\/322748\/revisions"}],"wp:featuredmedia":[{"embeddable":true,"href":"https:\/\/www.europesays.com\/fr\/wp-json\/wp\/v2\/media\/322749"}],"wp:attachment":[{"href":"https:\/\/www.europesays.com\/fr\/wp-json\/wp\/v2\/media?parent=322748"}],"wp:term":[{"taxonomy":"category","embeddable":true,"href":"https:\/\/www.europesays.com\/fr\/wp-json\/wp\/v2\/categories?post=322748"},{"taxonomy":"post_tag","embeddable":true,"href":"https:\/\/www.europesays.com\/fr\/wp-json\/wp\/v2\/tags?post=322748"}],"curies":[{"name":"wp","href":"https:\/\/api.w.org\/{rel}","templated":true}]}}