{"id":322756,"date":"2025-08-16T11:08:11","date_gmt":"2025-08-16T11:08:11","guid":{"rendered":"https:\/\/www.europesays.com\/fr\/322756\/"},"modified":"2025-08-16T11:08:11","modified_gmt":"2025-08-16T11:08:11","slug":"la-rencontre-trump-poutine-na-pas-empeche-larmee-russe-de-continuer-ses-frappes","status":"publish","type":"post","link":"https:\/\/www.europesays.com\/fr\/322756\/","title":{"rendered":"La rencontre Trump-Poutine n\u2019a pas emp\u00each\u00e9 l\u2019arm\u00e9e russe de continuer ses frappes"},"content":{"rendered":"<p>        <img decoding=\"async\" loading=\"lazy\" src=\"https:\/\/www.europesays.com\/fr\/wp-content\/uploads\/2025\/08\/343284e_upload-1-wkbghr12lnxq-afp-20250815-barbeira-notitle250815-npyxj-v1-highres-droneattackonthes.jpeg\"  width=\"728\" height=\"409\" alt=\"La rencontre Trump-Poutine n\u2019a pas emp\u00each\u00e9 l\u2019arm\u00e9e russe de continuer ses frappes en Ukraine (photo prise au march\u00e9 Soumy dans la journ\u00e9e du 15\u00a0ao\u00fbt, apr\u00e8s une attaque russe)\"\/>  <\/p>\n<p>FRANCISCO RICHART BARBEIRA \/ NurPhoto via AFP<\/p>\n<p>La rencontre Trump-Poutine n\u2019a pas emp\u00each\u00e9 l\u2019arm\u00e9e russe de continuer ses frappes en Ukraine (photo prise au march\u00e9 Soumy dans la journ\u00e9e du 15\u00a0ao\u00fbt, apr\u00e8s une attaque russe)<\/p>\n<p class=\"asset asset-text\">INTERNATIONAL &#8211; Les n\u00e9gociations pour \u00ab\u00a0rechercher la paix\u00a0\u00bb n\u2019emp\u00eachent pas la poursuite de la guerre. Pendant que Donald Trump et <a href=\"https:\/\/www.huffingtonpost.fr\/international\/article\/guerre-en-ukraine-ces-territoires-revendiques-par-la-russie-et-au-c-ur-du-sommet-trump-poutine-en-alaska_253626.html\" target=\"_blank\" rel=\"noopener\">Vladimir Poutine<\/a> \u00e9changeaient \u00e0 Anchorage en Alaska, dans la nuit du vendredi\u00a015\u00a0au samedi 16\u00a0ao\u00fbt, l\u2019arm\u00e9e russe a poursuivi son offensive <a href=\"https:\/\/www.huffingtonpost.fr\/international\/article\/avant-la-rencontre-trump-poutine-zelensky-lance-un-ultime-appel-aux-etats-unis_253627.html\" target=\"_blank\" rel=\"noopener\">en Ukraine<\/a> avec une importante attaque de drones, a annonc\u00e9 Kiev au petit matin.<\/p>\n<p class=\"asset asset-text\">Dans un communiqu\u00e9 sur Telegram, les forces a\u00e9riennes ukrainiennes ont affirm\u00e9 avoir abattu 61\u00a0des 85\u00a0drones envoy\u00e9s par Moscou, pr\u00e9cisant que ce sont les r\u00e9gions de Soumy, Donetsk, Tcherniguiv et Dnipropetrovsk (au nord et \u00e0 l\u2019est de l\u2019Ukraine) qui ont \u00e9t\u00e9 touch\u00e9es par ces frappes russes.<\/p>\n<p class=\"asset asset-text\">Parmi les engins abattus se trouvaient des drones de type \u00ab\u00a0Shaded\u00a0\u00bb (de conception iranienne), mais aussi des drones leurres. L\u2019Ukraine, qui demande \u00e0 ses alli\u00e9s de lui fournir plus de syst\u00e8mes de d\u00e9fense anti-a\u00e9riens, d\u00e9nombre r\u00e9guli\u00e8rement des morts et des bless\u00e9s lors de bombardements de drones et de missiles russes qui touchent son territoire quasiment toutes les nuits.<\/p>\n<p>    La rencontre Trump-Poutine n\u2019a pas abouti \u00e0 un cessez-le-feu    <\/p>\n<p class=\"asset asset-text\">Celle de vendredi \u00e0 samedi n\u2019a donc pas fait exception, malgr\u00e9 la rencontre qui se d\u00e9roulait entre <a href=\"https:\/\/www.huffingtonpost.fr\/culture\/article\/taylor-swift-a-battu-un-record-precedemment-detenu-par-donald-trump-avec-l-annonce-de-son-nouvel-album_253634.html\" target=\"_blank\" rel=\"noopener\">Donald Trump<\/a> et Vladimir Poutine. Cet \u00e9change entre les pr\u00e9sidents russe et am\u00e9ricain, tr\u00e8s attendu, n\u2019a pas abouti \u00e0 un cessez-le-feu comme l\u2019esp\u00e9raient Kiev et <a href=\"https:\/\/www.huffingtonpost.fr\/international\/article\/apres-l-alaska-emmanuel-macron-veut-une-nouvelle-rencontre-en-europe-avec-l-ukraine-et-la-russie_253564.html\" target=\"_blank\" rel=\"noopener\">ses alli\u00e9s europ\u00e9ens<\/a>. Le locataire de la Maison Blanche, lui, avait indiqu\u00e9 avant cette rencontre en Alaska souhaiter organiser rapidement un sommet tripartite avec ses homologues russe et ukrainien.<\/p>\n<p class=\"asset asset-text\">La guerre d\u00e9clench\u00e9e par l\u2019invasion russe \u00e0 grande \u00e9chelle de l\u2019Ukraine en f\u00e9vrier\u00a02022 est d\u00e9j\u00e0 le conflit le plus sanglant en Europe depuis la Seconde guerre mondiale. Elle a fait a minima des dizaines de milliers de morts, voire des centaines de milliers.<\/p>\n","protected":false},"excerpt":{"rendered":"FRANCISCO RICHART BARBEIRA \/ NurPhoto via AFP La rencontre Trump-Poutine n\u2019a pas emp\u00each\u00e9 l\u2019arm\u00e9e russe de continuer ses&hellip;\n","protected":false},"author":2,"featured_media":322757,"comment_status":"","ping_status":"","sticky":false,"template":"","format":"standard","meta":{"footnotes":""},"categories":[1590],"tags":[11,75,1777,674,131,14,12,132,220,135],"class_list":{"0":"post-322756","1":"post","2":"type-post","3":"status-publish","4":"format-standard","5":"has-post-thumbnail","7":"category-ukraine","8":"tag-actualites","9":"tag-donald-trump","10":"tag-eu","11":"tag-europe","12":"tag-guerre-en-ukraine","13":"tag-international","14":"tag-news","15":"tag-russie","16":"tag-ukraine","17":"tag-vladimir-poutine"},"share_on_mastodon":{"url":"https:\/\/pubeurope.com\/@fr\/115038132883339724","error":""},"_links":{"self":[{"href":"https:\/\/www.europesays.com\/fr\/wp-json\/wp\/v2\/posts\/322756","targetHints":{"allow":["GET"]}}],"collection":[{"href":"https:\/\/www.europesays.com\/fr\/wp-json\/wp\/v2\/posts"}],"about":[{"href":"https:\/\/www.europesays.com\/fr\/wp-json\/wp\/v2\/types\/post"}],"author":[{"embeddable":true,"href":"https:\/\/www.europesays.com\/fr\/wp-json\/wp\/v2\/users\/2"}],"replies":[{"embeddable":true,"href":"https:\/\/www.europesays.com\/fr\/wp-json\/wp\/v2\/comments?post=322756"}],"version-history":[{"count":0,"href":"https:\/\/www.europesays.com\/fr\/wp-json\/wp\/v2\/posts\/322756\/revisions"}],"wp:featuredmedia":[{"embeddable":true,"href":"https:\/\/www.europesays.com\/fr\/wp-json\/wp\/v2\/media\/322757"}],"wp:attachment":[{"href":"https:\/\/www.europesays.com\/fr\/wp-json\/wp\/v2\/media?parent=322756"}],"wp:term":[{"taxonomy":"category","embeddable":true,"href":"https:\/\/www.europesays.com\/fr\/wp-json\/wp\/v2\/categories?post=322756"},{"taxonomy":"post_tag","embeddable":true,"href":"https:\/\/www.europesays.com\/fr\/wp-json\/wp\/v2\/tags?post=322756"}],"curies":[{"name":"wp","href":"https:\/\/api.w.org\/{rel}","templated":true}]}}