{"id":322762,"date":"2025-08-16T11:11:31","date_gmt":"2025-08-16T11:11:31","guid":{"rendered":"https:\/\/www.europesays.com\/fr\/322762\/"},"modified":"2025-08-16T11:11:31","modified_gmt":"2025-08-16T11:11:31","slug":"ladversaire-des-red-panthers-dans-le-dernier-carre-de-leuro-est-connu-lallemagne-termine-2e-du-groupe-a-et-affrontera-la-belgique","status":"publish","type":"post","link":"https:\/\/www.europesays.com\/fr\/322762\/","title":{"rendered":"L&rsquo;adversaire des Red Panthers dans le dernier carr\u00e9 de l&rsquo;Euro est connu: l&rsquo;Allemagne termine 2e du groupe A et affrontera la Belgique"},"content":{"rendered":"<p class=\"ap-StoryElement ap-StoryElement--mb ap-StoryText\">Les demi-finales se disputeront vendredi. Pays-Bas\/Espagne ouvrira le bal \u00e0 17h00. La Belgique et l&rsquo;Allemagne s&rsquo;affronteront \u00e0 20h00.<\/p>\n<p class=\"ap-StoryElement ap-StoryElement--mb ap-StoryText\">Apr\u00e8s la rencontre face \u00e0 l&rsquo;Ecosse, les Red Panthers n&rsquo;ont pas cach\u00e9 leur excitation \u00e0 l&rsquo;id\u00e9e de jouer contre le pays h\u00f4te dans un stade probablement rempli. \u00ab\u00a0Ce sera super chouette, c&rsquo;est pour pouvoir jouer des matchs comme \u00e7a qu&rsquo;on s&rsquo;entra\u00eene dur\u00a0\u00bb, a expliqu\u00e9 Ambre Ballenghien. \u00ab\u00a0Jouer l&rsquo;Allemagne dans un stade, j&rsquo;esp\u00e8re, rempli c&rsquo;est vraiment ce qu&rsquo;on a envie et ce pourquoi on s&rsquo;entra\u00eene. On a d\u00e9j\u00e0 h\u00e2te de jouer ce match.\u00a0\u00bb<\/p>\n<p class=\"ap-StoryElement ap-StoryElement--mb ap-StoryText\">Pour Justine Rasir, \u00ab\u00a0ce sera un peu comme aux Jeux, excitant et stressant, mais c&rsquo;est le genre d&rsquo;\u00e9motions qu&rsquo;on recherche dans le sport. Cela ne sera que du plaisir.\u00a0\u00bb<\/p>\n","protected":false},"excerpt":{"rendered":"Les demi-finales se disputeront vendredi. Pays-Bas\/Espagne ouvrira le bal \u00e0 17h00. La Belgique et l&rsquo;Allemagne s&rsquo;affronteront \u00e0 20h00.&hellip;\n","protected":false},"author":2,"featured_media":322763,"comment_status":"","ping_status":"","sticky":false,"template":"","format":"standard","meta":{"footnotes":""},"categories":[1587],"tags":[11,672,828,1804,1805,1803,1777,31257,674,1801,4488,12,45558,1802],"class_list":{"0":"post-322762","1":"post","2":"type-post","3":"status-publish","4":"format-standard","5":"has-post-thumbnail","7":"category-allemagne","8":"tag-actualites","9":"tag-allemagne","10":"tag-belgique","11":"tag-bundesrepublik-deutschland","12":"tag-de","13":"tag-deutschland","14":"tag-eu","15":"tag-euro2025","16":"tag-europe","17":"tag-germany","18":"tag-hockey","19":"tag-news","20":"tag-redpanthers","21":"tag-republique-federale-dallemagne"},"share_on_mastodon":{"url":"https:\/\/pubeurope.com\/@fr\/115038144732914000","error":""},"_links":{"self":[{"href":"https:\/\/www.europesays.com\/fr\/wp-json\/wp\/v2\/posts\/322762","targetHints":{"allow":["GET"]}}],"collection":[{"href":"https:\/\/www.europesays.com\/fr\/wp-json\/wp\/v2\/posts"}],"about":[{"href":"https:\/\/www.europesays.com\/fr\/wp-json\/wp\/v2\/types\/post"}],"author":[{"embeddable":true,"href":"https:\/\/www.europesays.com\/fr\/wp-json\/wp\/v2\/users\/2"}],"replies":[{"embeddable":true,"href":"https:\/\/www.europesays.com\/fr\/wp-json\/wp\/v2\/comments?post=322762"}],"version-history":[{"count":0,"href":"https:\/\/www.europesays.com\/fr\/wp-json\/wp\/v2\/posts\/322762\/revisions"}],"wp:featuredmedia":[{"embeddable":true,"href":"https:\/\/www.europesays.com\/fr\/wp-json\/wp\/v2\/media\/322763"}],"wp:attachment":[{"href":"https:\/\/www.europesays.com\/fr\/wp-json\/wp\/v2\/media?parent=322762"}],"wp:term":[{"taxonomy":"category","embeddable":true,"href":"https:\/\/www.europesays.com\/fr\/wp-json\/wp\/v2\/categories?post=322762"},{"taxonomy":"post_tag","embeddable":true,"href":"https:\/\/www.europesays.com\/fr\/wp-json\/wp\/v2\/tags?post=322762"}],"curies":[{"name":"wp","href":"https:\/\/api.w.org\/{rel}","templated":true}]}}