{"id":322765,"date":"2025-08-16T11:13:20","date_gmt":"2025-08-16T11:13:20","guid":{"rendered":"https:\/\/www.europesays.com\/fr\/322765\/"},"modified":"2025-08-16T11:13:20","modified_gmt":"2025-08-16T11:13:20","slug":"le-danemark-a-la-tete-de-la-presidence-de-lue-veut-des-sanctions-contre-israel","status":"publish","type":"post","link":"https:\/\/www.europesays.com\/fr\/322765\/","title":{"rendered":"le Danemark, \u00e0 la t\u00eate de la pr\u00e9sidence de l&rsquo;UE, veut des \u00ab\u00a0sanctions\u00a0\u00bb contre Isra\u00ebl"},"content":{"rendered":"<p>La Premi\u00e8re ministre danoise Mette Frederiksen a affirm\u00e9 vouloir utiliser son r\u00f4le \u00e0 la pr\u00e9sidence tournante de l&rsquo;Union europ\u00e9enne pour accro\u00eetre la pression sur Isra\u00ebl face \u00e0 la catastrophe humanitaire \u00e0 Gaza.<\/p>\n<p>La Premi\u00e8re ministre danoise Mette Frederiksen a estim\u00e9 samedi 16 ao\u00fbt que son homologue isra\u00e9lien Benjamin Netanyahu constituait un \u00ab\u00a0probl\u00e8me en soi\u00a0\u00bb et affirm\u00e9 vouloir utiliser son r\u00f4le \u00e0 la pr\u00e9sidence tournante de l&rsquo;Union europ\u00e9enne pour accro\u00eetre la pression sur Isra\u00ebl.<\/p>\n<blockquote class=\"embed embed_quote\"><p>\u00ab\u00a0Netanyahu est d\u00e9sormais un probl\u00e8me en soi\u00a0\u00bb, a-t-elle d\u00e9clar\u00e9 dans une interview avec le quotidien Jyllands-Posten, estimant que son gouvernement allait \u00ab\u00a0trop loin\u00a0\u00bb.<\/p><\/blockquote>\n<p>Le Danemark demande des \u00ab\u00a0sanctions\u00a0\u00bb<\/p>\n<p>La dirigeante sociale-d\u00e9mocrate a d\u00e9plor\u00e9 <a href=\"https:\/\/www.bfmtv.com\/international\/moyen-orient\/palestine\/au-moins-1-760-palestiniens-tues-depuis-fin-mai-la-plupart-par-l-armee-israelienne-en-cherchant-de-l-aide-humanitaire-a-gaza_AD-202508150362.html\" title=\"Au moins 1.760 Palestiniens tu\u00e9s depuis fin mai, la plupart par l&#039;arm\u00e9e isra\u00e9lienne, en cherchant de l&#039;aide humanitaire \u00e0 Gaza\" class=\"internal_link\" rel=\"nofollow noopener\" target=\"_blank\">une situation humanitaire \u00ab\u00a0absolument \u00e9pouvantable et catastrophique\u00a0\u00bb \u00e0 Gaza<\/a> et le nouveau <a href=\"https:\/\/www.bfmtv.com\/international\/moyen-orient\/israel\/cisjordanie-un-ministre-israelien-provoque-un-tolle-en-voulant-accelerer-la-colonisation-via-un-projet-majeur-de-construction_AD-202508150104.html\" title=\"Cisjordanie: un ministre isra\u00e9lien provoque un toll\u00e9 en voulant acc\u00e9l\u00e9rer la colonisation via un projet majeur de construction\" class=\"internal_link\" rel=\"nofollow noopener\" target=\"_blank\">projet de colonisation en Cisjordanie<\/a>.<\/p>\n<blockquote class=\"embed embed_quote\"><p>\u00ab\u00a0Nous sommes l&rsquo;un des pays qui souhaitent augmenter la pression sur Isra\u00ebl, mais nous n&rsquo;avons pas encore obtenu le soutien des membres de l&rsquo;UE\u00a0\u00bb, a-t-elle dit.<\/p><\/blockquote>\n<p>Selon la cheffe du gouvernement danois, il s&rsquo;agit d&rsquo;exercer une \u00ab\u00a0pression politique, des sanctions, que ce soit envers les colons, les ministres ou m\u00eame Isra\u00ebl dans son ensemble\u00a0\u00bb, \u00e9voquant des sanctions commerciales ou en mati\u00e8re de recherche.<\/p>\n<p>\u00ab\u00a0Nous n&rsquo;excluons rien \u00e0 l&rsquo;avance. Tout comme avec la Russie, nous construisons les sanctions de mani\u00e8re \u00e0 cibler l\u00e0 o\u00f9 nous pensons qu&rsquo;elles auront le plus grand effet\u00a0\u00bb, a ajout\u00e9 Mette Frederiksen, dont le pays n&rsquo;envisage pas de reconna\u00eetre l&rsquo;\u00c9tat palestinien.<\/p>\n<p>L&rsquo;attaque perp\u00e9tr\u00e9e par le Hamas le 7 octobre 2023 a entra\u00een\u00e9, c\u00f4t\u00e9 isra\u00e9lien, la mort de 1.219 personnes, en majorit\u00e9 des civils, selon un d\u00e9compte de l&rsquo;AFP r\u00e9alis\u00e9 \u00e0 partir de donn\u00e9es officielles.<\/p>\n<p>Les repr\u00e9sailles isra\u00e9liennes \u00e0 Gaza ont d\u00e9j\u00e0 fait 61.430 morts, majoritairement des civils, selon les donn\u00e9es du minist\u00e8re de la Sant\u00e9 du Hamas, jug\u00e9es fiables par l&rsquo;ONU.<\/p>\n","protected":false},"excerpt":{"rendered":"La Premi\u00e8re ministre danoise Mette Frederiksen a affirm\u00e9 vouloir utiliser son r\u00f4le \u00e0 la pr\u00e9sidence tournante de l&rsquo;Union&hellip;\n","protected":false},"author":2,"featured_media":322766,"comment_status":"","ping_status":"","sticky":false,"template":"","format":"standard","meta":{"footnotes":""},"categories":[1586],"tags":[11,1777,674,1779,1011,27,12,25,1778,364],"class_list":{"0":"post-322765","1":"post","2":"type-post","3":"status-publish","4":"format-standard","5":"has-post-thumbnail","7":"category-europe","8":"tag-actualites","9":"tag-eu","10":"tag-europe","11":"tag-european-union","12":"tag-fr","13":"tag-france","14":"tag-news","15":"tag-republique-francaise","16":"tag-ue","17":"tag-union-europeenne"},"share_on_mastodon":{"url":"https:\/\/pubeurope.com\/@fr\/115038152705689494","error":""},"_links":{"self":[{"href":"https:\/\/www.europesays.com\/fr\/wp-json\/wp\/v2\/posts\/322765","targetHints":{"allow":["GET"]}}],"collection":[{"href":"https:\/\/www.europesays.com\/fr\/wp-json\/wp\/v2\/posts"}],"about":[{"href":"https:\/\/www.europesays.com\/fr\/wp-json\/wp\/v2\/types\/post"}],"author":[{"embeddable":true,"href":"https:\/\/www.europesays.com\/fr\/wp-json\/wp\/v2\/users\/2"}],"replies":[{"embeddable":true,"href":"https:\/\/www.europesays.com\/fr\/wp-json\/wp\/v2\/comments?post=322765"}],"version-history":[{"count":0,"href":"https:\/\/www.europesays.com\/fr\/wp-json\/wp\/v2\/posts\/322765\/revisions"}],"wp:featuredmedia":[{"embeddable":true,"href":"https:\/\/www.europesays.com\/fr\/wp-json\/wp\/v2\/media\/322766"}],"wp:attachment":[{"href":"https:\/\/www.europesays.com\/fr\/wp-json\/wp\/v2\/media?parent=322765"}],"wp:term":[{"taxonomy":"category","embeddable":true,"href":"https:\/\/www.europesays.com\/fr\/wp-json\/wp\/v2\/categories?post=322765"},{"taxonomy":"post_tag","embeddable":true,"href":"https:\/\/www.europesays.com\/fr\/wp-json\/wp\/v2\/tags?post=322765"}],"curies":[{"name":"wp","href":"https:\/\/api.w.org\/{rel}","templated":true}]}}