{"id":322769,"date":"2025-08-16T11:15:23","date_gmt":"2025-08-16T11:15:23","guid":{"rendered":"https:\/\/www.europesays.com\/fr\/322769\/"},"modified":"2025-08-16T11:15:23","modified_gmt":"2025-08-16T11:15:23","slug":"pourquoi-de-nombreuses-pharmacies-resteront-fermees-ce-samedi","status":"publish","type":"post","link":"https:\/\/www.europesays.com\/fr\/322769\/","title":{"rendered":"Pourquoi de nombreuses pharmacies resteront ferm\u00e9es ce samedi"},"content":{"rendered":"<p>        <img decoding=\"async\" loading=\"lazy\" src=\"https:\/\/www.europesays.com\/fr\/wp-content\/uploads\/2025\/08\/149be64_1658681472860-5c937e82220000c9001c2da4.jpeg\"  width=\"728\" height=\"484\" alt=\"Plusieurs pharmacies seront ferm\u00e9es samedi 16\u00a0ao\u00fbt, \u00e0 l\u2019appel des syndicats.\"\/>  <\/p>\n<p>Shutterstock<\/p>\n<p>Plusieurs pharmacies seront ferm\u00e9es samedi 16\u00a0ao\u00fbt, \u00e0 l\u2019appel des syndicats.<\/p>\n<p class=\"asset asset-text\">SANT\u00c9 &#8211; Les pharmaciens veulent faire entendre<a href=\"https:\/\/www.huffingtonpost.fr\/life\/article\/greve-des-pharmaciens-en-dix-ans-on-a-perdu-2-000-officines-deplore-ce-representant-syndical_234669.html\" target=\"_blank\" rel=\"noopener\"> leur \u00ab\u00a0col\u00e8re\u00a0\u00bb<\/a>. L\u2019Union de syndicats de pharmaciens d\u2019officine (Uspo) et plusieurs autres organisations du secteur appellent \u00e0 se mobiliser samedi 16\u00a0ao\u00fbt, afin de d\u00e9noncer la baisse des remises commerciales que les laboratoires peuvent accorder aux officines sur <a href=\"https:\/\/www.huffingtonpost.fr\/justice\/article\/ces-fabricants-de-medicaments-generiques-alertent-sur-un-risque-de-penurie-et-saisissent-la-justice-europeenne_247266.html\" target=\"_blank\" rel=\"noopener\">les m\u00e9dicaments g\u00e9n\u00e9riques<\/a>. Le mouvement entra\u00eenera la fermeture de nombreuses pharmacies.<\/p>\n<p class=\"asset asset-text\">Cette baisse a \u00e9t\u00e9 ent\u00e9rin\u00e9e par un d\u00e9cret publi\u00e9 le 4\u00a0ao\u00fbt au Journal officiel, et entrera en vigueur en septembre\u00a02025. \u00ab\u00a0L\u2019arr\u00eat\u00e9 est publi\u00e9, la col\u00e8re est immense, mais notre d\u00e9termination ne faiblira pas\u00a0\u00bb, revendique le syndicat sur son <a href=\"https:\/\/uspo.fr\/\" target=\"_blank\" rel=\"noopener\" title=\"Nouvelle fen\u00eatre\">site internet<\/a>.<\/p>\n<p class=\"asset asset-text\">Selon Pierre-Olivier Variot, pr\u00e9sident de l\u2019Upso interrog\u00e9 par<a href=\"https:\/\/www.francebleu.fr\/infos\/sante-sciences\/90-des-pharmacies-fermees-dans-certains-departements-les-officines-appelees-a-fermer-le-rideau-samedi-16-aout-5601445\" target=\"_blank\" rel=\"noopener\" title=\"Nouvelle fen\u00eatre\"> Ici<\/a> (ex France Bleu), \u00ab\u00a090\u00a0% des officines seront ferm\u00e9es samedi dans certains d\u00e9partements, en r\u00e9gion Provence-Alpes-C\u00f4te d\u2019Azur, en C\u00f4te-d\u2019Or, en Sa\u00f4ne-et-Loire, ou encore dans le Gers\u00a0\u00bb. \u00ab\u00a0Nous ne sommes pas en gr\u00e8ve, nous sommes juste ferm\u00e9s pour r\u00e9fl\u00e9chir \u00e0 la suite, aux \u00e9ventuelles fermetures, aux licenciements \u00e0 venir\u00a0\u00bb, ajoutait-il.<\/p>\n<p>    1,7\u00a0milliard d\u2019euros d\u2019\u00e9conomies    <\/p>\n<p class=\"asset asset-text\">Jusqu\u2019\u00e0 pr\u00e9sent, les r\u00e9ductions appliqu\u00e9es par les laboratoires pharmaceutiques sur les m\u00e9dicaments g\u00e9n\u00e9riques permettaient aux pharmaciens de r\u00e9aliser des marges sans que cela ne se r\u00e9percute sur le prix du produit pour les clients. Ces remises pouvaient atteindre jusqu\u2019\u00e0 40\u00a0%.<\/p>\n<p class=\"asset asset-text\">Le d\u00e9cret pris par le gouvernement fixe le plafond des remises pour les m\u00e9dicaments g\u00e9n\u00e9riques \u00e0 30\u00a0% jusqu\u2019\u00e0 juin\u00a02026, puis \u00e0 20\u00a0% pour 2027. L\u2019adoption de ce d\u00e9cret s\u2019inscrit dans le cadre du plan du gouvernement pour r\u00e9aliser 1,7\u00a0milliard d\u2019euros d\u2019\u00e9conomies sur les d\u00e9penses de sant\u00e9 en 2025, dont 500\u00a0millions visant le m\u00e9dicament.<\/p>\n<p class=\"asset asset-text\">De leur c\u00f4t\u00e9, les syndicats ont d\u00e9j\u00e0 annonc\u00e9 de nouvelles fermetures des officines \u00e0 partir du mois de septembre.<\/p>\n","protected":false},"excerpt":{"rendered":"Shutterstock Plusieurs pharmacies seront ferm\u00e9es samedi 16\u00a0ao\u00fbt, \u00e0 l\u2019appel des syndicats. SANT\u00c9 &#8211; Les pharmaciens veulent faire entendre&hellip;\n","protected":false},"author":2,"featured_media":318655,"comment_status":"","ping_status":"","sticky":false,"template":"","format":"standard","meta":{"footnotes":""},"categories":[2],"tags":[11,1011,27,225,41343,12,15299,25,71],"class_list":{"0":"post-322769","1":"post","2":"type-post","3":"status-publish","4":"format-standard","5":"has-post-thumbnail","7":"category-actualites","8":"tag-actualites","9":"tag-fr","10":"tag-france","11":"tag-medicament","12":"tag-medicaments-generiques","13":"tag-news","14":"tag-pharmacie","15":"tag-republique-francaise","16":"tag-sante"},"share_on_mastodon":{"url":"https:\/\/pubeurope.com\/@fr\/115038160565043298","error":""},"_links":{"self":[{"href":"https:\/\/www.europesays.com\/fr\/wp-json\/wp\/v2\/posts\/322769","targetHints":{"allow":["GET"]}}],"collection":[{"href":"https:\/\/www.europesays.com\/fr\/wp-json\/wp\/v2\/posts"}],"about":[{"href":"https:\/\/www.europesays.com\/fr\/wp-json\/wp\/v2\/types\/post"}],"author":[{"embeddable":true,"href":"https:\/\/www.europesays.com\/fr\/wp-json\/wp\/v2\/users\/2"}],"replies":[{"embeddable":true,"href":"https:\/\/www.europesays.com\/fr\/wp-json\/wp\/v2\/comments?post=322769"}],"version-history":[{"count":0,"href":"https:\/\/www.europesays.com\/fr\/wp-json\/wp\/v2\/posts\/322769\/revisions"}],"wp:featuredmedia":[{"embeddable":true,"href":"https:\/\/www.europesays.com\/fr\/wp-json\/wp\/v2\/media\/318655"}],"wp:attachment":[{"href":"https:\/\/www.europesays.com\/fr\/wp-json\/wp\/v2\/media?parent=322769"}],"wp:term":[{"taxonomy":"category","embeddable":true,"href":"https:\/\/www.europesays.com\/fr\/wp-json\/wp\/v2\/categories?post=322769"},{"taxonomy":"post_tag","embeddable":true,"href":"https:\/\/www.europesays.com\/fr\/wp-json\/wp\/v2\/tags?post=322769"}],"curies":[{"name":"wp","href":"https:\/\/api.w.org\/{rel}","templated":true}]}}