{"id":322774,"date":"2025-08-16T11:19:19","date_gmt":"2025-08-16T11:19:19","guid":{"rendered":"https:\/\/www.europesays.com\/fr\/322774\/"},"modified":"2025-08-16T11:19:19","modified_gmt":"2025-08-16T11:19:19","slug":"perpignan-vise-lexplosif-ailier-etene-nanai-seturo","status":"publish","type":"post","link":"https:\/\/www.europesays.com\/fr\/322774\/","title":{"rendered":"Perpignan vise l\u2019explosif ailier Etene Nanai-Seturo"},"content":{"rendered":"\n<p>L\u2019ailier des Chiefs <a href=\"https:\/\/www.rugbypass.com\/players\/etene-nanai-seturo\/\" rel=\"nofollow noopener\" target=\"_blank\">Etene Nanai-Seturo<\/a> pourrait f\u00eater ses 26 ans la semaine prochaine (le 20 ao\u00fbt) en signant \u00e0 Perpignan, \u00e0 pr\u00e8s de deux semaines du coup d\u2019envoi de la nouvelle saison de Top 14. L\u2019USAP commencera sa saison le 6 septembre \u00e0 Aim\u00e9-Giral face \u00e0 Bayonne.<\/p>\n<p>      <img decoding=\"async\" src=\"https:\/\/www.europesays.com\/fr\/wp-content\/uploads\/2025\/08\/216.png.webp\"\/> <\/p>\n<p> Perpignan <\/p>\n<p>    <img decoding=\"async\" src=\"https:\/\/www.europesays.com\/fr\/wp-content\/uploads\/2025\/08\/217.png.webp\"\/> <\/p>\n<p> Bayonne <\/p>\n<p>Toutes les stats et les donn\u00e9es<\/p>\n<p>  <a href=\"https:\/\/www.rugbypass.com\/fr\/live\/bayonne-vs-perpignan\/?g=947930\/\" class=\"link-box\" rel=\"nofollow noopener\" target=\"_blank\">   <\/p>\n<p>Le club catalan, qui s\u2019est s\u00e9par\u00e9 d\u2019Ali Crossdale et de <a href=\"https:\/\/www.rugbypass.com\/players\/louis-dupichot\/\" rel=\"nofollow noopener\" target=\"_blank\">Louis Dupichot<\/a>, parti \u00e0 Agen, veut injecter de la vitesse sur les ailes. Sa priorit\u00e9 se porte sur Nanai-Seturo, ancien cadre des <a href=\"https:\/\/www.rugbypass.com\/teams\/new-zealand\/\" rel=\"nofollow noopener\" target=\"_blank\">All Blacks<\/a> \u00e0 7.<\/p>\n<p>N\u00e9 \u00e0 Auckland, il a port\u00e9 le maillot des Baby Blacks et brill\u00e9 avec la s\u00e9lection \u00e0 7, championne du Commonwealth en 2018 et m\u00e9daill\u00e9e d\u2019argent aux Jeux olympiques de Tokyo. En 2023, il a inscrit un essai lors de sa seule apparition avec les <a href=\"https:\/\/www.rugbypass.com\/teams\/all-blacks-xv\/\" rel=\"nofollow noopener\" target=\"_blank\">All Blacks XV<\/a> contre le Japon.<\/p>\n<p>Avec les Chiefs, il a disput\u00e9 64 matchs de Super Rugby pour 20 essais, dont la finale 2024 perdue face aux Blues. En NPC, il a \u00e9t\u00e9 \u00e9lu meilleur joueur 2023 avec <a href=\"https:\/\/www.rugbypass.com\/teams\/counties-manukau\/\" rel=\"nofollow noopener\" target=\"_blank\">Counties Manukau<\/a> apr\u00e8s 12 essais en 26 rencontres.<\/p>\n<blockquote class=\"twitter-tweet\" data-media-max-width=\"560\">\n<p dir=\"ltr\" lang=\"ro\">\u26a1\ufe0f Electric pace from Etene Nanai-Seturo.<a href=\"https:\/\/twitter.com\/hashtag\/CHIvHIG?src=hash&amp;ref_src=twsrc%5Etfw\" rel=\"nofollow noopener\" target=\"_blank\">#CHIvHIG<\/a> <a href=\"https:\/\/twitter.com\/hashtag\/SuperRugbyPacific?src=hash&amp;ref_src=twsrc%5Etfw\" rel=\"nofollow noopener\" target=\"_blank\">#SuperRugbyPacific<\/a> <a href=\"https:\/\/t.co\/O0s7owYXgY\" rel=\"nofollow\">pic.twitter.com\/O0s7owYXgY<\/a><\/p>\n<p>\u2014 Super Rugby Pacific (@SuperRugby) <a href=\"https:\/\/twitter.com\/SuperRugby\/status\/1634076832508297218?ref_src=twsrc%5Etfw\" rel=\"nofollow noopener\" target=\"_blank\">March 10, 2023<\/a><\/p>\n<\/blockquote>\n<p>Polyvalent, il peut \u00e9voluer \u00e0 l\u2019arri\u00e8re. Il est aussi le cousin de <a href=\"https:\/\/www.rugbypass.com\/players\/tim-nanai-williams\/\" rel=\"nofollow noopener\" target=\"_blank\">Tim Nanai-Williams<\/a>, pass\u00e9 par Clermont (d\u00e8s 2018), Toulouse et B\u00e9ziers o\u00f9 il joue toujours.<\/p>\n<p>Adolescent, Nanai-Seturo semblait promis \u00e0 la NRL (le rugby \u00e0 XIII) apr\u00e8s avoir sign\u00e9 cinq ans avec les <a href=\"https:\/\/www.rugbypass.com\/teams\/new-zealand\/\" rel=\"nofollow noopener\" target=\"_blank\">New Zealand<\/a> Warriors, mais il a finalement choisi le XV \u00e0 l\u2019issue d\u2019un bras de fer remport\u00e9 par la f\u00e9d\u00e9ration.<\/p>\n<p>De retour en forme apr\u00e8s une blessure aux ischio-jambiers lors du premier match de la saison contre les Blues, il a manqu\u00e9 quinze journ\u00e9es avant de rejouer le 30 mai contre les Highlanders. Il a depuis disput\u00e9 les deux premiers matchs du NPC, mais pourrait rapidement mettre le cap sur la <a href=\"https:\/\/www.rugbypass.com\/teams\/france\/\" rel=\"nofollow noopener\" target=\"_blank\">France<\/a> si son transfert se concr\u00e9tise.<\/p>\n<p>Cet article, publi\u00e9 sur <a href=\"https:\/\/www.rugbypass.com\/news\/all-blacks-sevens-star-etene-nanai-seturo-poised-for-european-move\/\" target=\"_blank\" rel=\"noopener nofollow\">RugbyPass<\/a>, a \u00e9t\u00e9 adapt\u00e9 en fran\u00e7ais par <a href=\"https:\/\/www.rugbypass.com\/fr\/contributors\/willy-billiard\/\" target=\"_blank\" rel=\"noopener nofollow\">Willy Billiard<\/a>.<\/p>\n<p> <script async src=\"https:\/\/platform.twitter.com\/widgets.js\" charset=\"utf-8\"><\/script><\/p>\n","protected":false},"excerpt":{"rendered":"L\u2019ailier des Chiefs Etene Nanai-Seturo pourrait f\u00eater ses 26 ans la semaine prochaine (le 20 ao\u00fbt) en signant&hellip;\n","protected":false},"author":2,"featured_media":322775,"comment_status":"","ping_status":"","sticky":false,"template":"","format":"standard","meta":{"footnotes":""},"categories":[1416],"tags":[1011,27,479,1468,60],"class_list":{"0":"post-322774","1":"post","2":"type-post","3":"status-publish","4":"format-standard","5":"has-post-thumbnail","7":"category-rugby","8":"tag-fr","9":"tag-france","10":"tag-rugby","11":"tag-rugby-football","12":"tag-sports"},"share_on_mastodon":{"url":"https:\/\/pubeurope.com\/@fr\/115038176253849497","error":""},"_links":{"self":[{"href":"https:\/\/www.europesays.com\/fr\/wp-json\/wp\/v2\/posts\/322774","targetHints":{"allow":["GET"]}}],"collection":[{"href":"https:\/\/www.europesays.com\/fr\/wp-json\/wp\/v2\/posts"}],"about":[{"href":"https:\/\/www.europesays.com\/fr\/wp-json\/wp\/v2\/types\/post"}],"author":[{"embeddable":true,"href":"https:\/\/www.europesays.com\/fr\/wp-json\/wp\/v2\/users\/2"}],"replies":[{"embeddable":true,"href":"https:\/\/www.europesays.com\/fr\/wp-json\/wp\/v2\/comments?post=322774"}],"version-history":[{"count":0,"href":"https:\/\/www.europesays.com\/fr\/wp-json\/wp\/v2\/posts\/322774\/revisions"}],"wp:featuredmedia":[{"embeddable":true,"href":"https:\/\/www.europesays.com\/fr\/wp-json\/wp\/v2\/media\/322775"}],"wp:attachment":[{"href":"https:\/\/www.europesays.com\/fr\/wp-json\/wp\/v2\/media?parent=322774"}],"wp:term":[{"taxonomy":"category","embeddable":true,"href":"https:\/\/www.europesays.com\/fr\/wp-json\/wp\/v2\/categories?post=322774"},{"taxonomy":"post_tag","embeddable":true,"href":"https:\/\/www.europesays.com\/fr\/wp-json\/wp\/v2\/tags?post=322774"}],"curies":[{"name":"wp","href":"https:\/\/api.w.org\/{rel}","templated":true}]}}